{"id":100021,"date":"2017-04-04T14:43:14","date_gmt":"2017-04-04T12:43:14","guid":{"rendered":"http:\/\/www.brundisium.net\/?p=100021"},"modified":"2017-04-04T20:26:54","modified_gmt":"2017-04-04T18:26:54","slug":"venerdi-7-il-congresso-provinciale-delludc","status":"publish","type":"post","link":"https:\/\/www.brundisium.net\/index.php\/venerdi-7-il-congresso-provinciale-delludc\/","title":{"rendered":"Venerd\u00ec 7 il congresso provinciale dell&#8217;UDC"},"content":{"rendered":"<p>\t\u201cRipartiamo dal nostro territorio\u201d. E\u2019 questo lo slogan con cui l\u2019UDC (Unione di Centro) aprir\u00e0 il proprio congresso provinciale, in programma a Brindisi, presso il Salone della Provincia (via De Leo 3), venerd\u00ec 7 aprile, con inizio alle ore 17.00. L\u2019UDC di Brindisi intende, quindi, ripartire dal basso, ascoltando e dando priorit\u00e0 ai bisogni della gente comune, consapevole che c\u2019\u00e8 necessit\u00e0 di vivere la quotidianit\u00e0 insieme con i cittadini per dare loro speranza, fiducia e concretezza. <\/p>\n<p>\tDopo le varie relazioni si proceder\u00e0 ad eleggere il nuovo segretario provinciale. Interverranno il segretario nazionale del partito, on. Lorenzo Cesa, l\u2019assessore regionale al Welfare, Salvatore Negro, il commissario provinciale del partito, sen. Euprepio Curto, e il consigliere provinciale, Giovanni Barletta. Sono stati invitati, oltre agli iscritti e ai simpatizzanti, anche i segretari dei vari partiti del territorio e le organizzazioni sindacali dei lavoratori.<\/p>\n","protected":false},"excerpt":{"rendered":"<p>\u201cRipartiamo dal nostro territorio\u201d. E\u2019 questo lo slogan con cui l\u2019UDC (Unione di Centro) aprir\u00e0 il proprio congresso provinciale, in programma a Brindisi, presso il Salone della Provincia (via De Leo 3), venerd\u00ec 7 aprile, con inizio alle ore 17.00. L\u2019UDC di Brindisi intende, quindi, ripartire dal basso, ascoltando e dando priorit\u00e0 ai bisogni della gente comune, consapevole che c\u2019\u00e8 necessit\u00e0 di vivere la quotidianit\u00e0 insieme con i cittadini per dare loro speranza, fiducia e concretezza. Dopo le varie relazioni si proceder\u00e0 ad eleggere il nuovo segretario provinciale. Interverranno il segretario nazionale del partito, on. Lorenzo Cesa, l\u2019assessore regionale al Welfare, Salvatore Negro, il commissario provinciale del partito, sen. Euprepio Curto, e il consigliere provinciale, Giovanni Barletta. Sono stati invitati, oltre agli iscritti e ai simpatizzanti, anche i segretari dei vari partiti del territorio e le organizzazioni sindacali dei lavoratori.<\/p>\n","protected":false},"author":2,"featured_media":3488,"comment_status":"open","ping_status":"closed","sticky":false,"template":"","format":"standard","meta":{"footnotes":""},"categories":[7],"tags":[655],"class_list":["post-100021","post","type-post","status-publish","format-standard","has-post-thumbnail","hentry","category-news","tag-udc"],"_links":{"self":[{"href":"https:\/\/www.brundisium.net\/index.php\/wp-json\/wp\/v2\/posts\/100021","targetHints":{"allow":["GET"]}}],"collection":[{"href":"https:\/\/www.brundisium.net\/index.php\/wp-json\/wp\/v2\/posts"}],"about":[{"href":"https:\/\/www.brundisium.net\/index.php\/wp-json\/wp\/v2\/types\/post"}],"author":[{"embeddable":true,"href":"https:\/\/www.brundisium.net\/index.php\/wp-json\/wp\/v2\/users\/2"}],"replies":[{"embeddable":true,"href":"https:\/\/www.brundisium.net\/index.php\/wp-json\/wp\/v2\/comments?post=100021"}],"version-history":[{"count":1,"href":"https:\/\/www.brundisium.net\/index.php\/wp-json\/wp\/v2\/posts\/100021\/revisions"}],"predecessor-version":[{"id":100022,"href":"https:\/\/www.brundisium.net\/index.php\/wp-json\/wp\/v2\/posts\/100021\/revisions\/100022"}],"wp:featuredmedia":[{"embeddable":true,"href":"https:\/\/www.brundisium.net\/index.php\/wp-json\/wp\/v2\/media\/3488"}],"wp:attachment":[{"href":"https:\/\/www.brundisium.net\/index.php\/wp-json\/wp\/v2\/media?parent=100021"}],"wp:term":[{"taxonomy":"category","embeddable":true,"href":"https:\/\/www.brundisium.net\/index.php\/wp-json\/wp\/v2\/categories?post=100021"},{"taxonomy":"post_tag","embeddable":true,"href":"https:\/\/www.brundisium.net\/index.php\/wp-json\/wp\/v2\/tags?post=100021"}],"curies":[{"name":"wp","href":"https:\/\/api.w.org\/{rel}","templated":true}]}}