{"id":100341,"date":"2017-04-07T13:07:47","date_gmt":"2017-04-07T11:07:47","guid":{"rendered":"http:\/\/www.brundisium.net\/?p=100341"},"modified":"2017-04-07T14:28:24","modified_gmt":"2017-04-07T12:28:24","slug":"lon-ciraci-di-ha-ricordato-alla-camera-la-figura-di-mimmo-mennitti","status":"publish","type":"post","link":"https:\/\/www.brundisium.net\/index.php\/lon-ciraci-di-ha-ricordato-alla-camera-la-figura-di-mimmo-mennitti\/","title":{"rendered":"L&#8217;On. Cirac\u00ec (DI) ha ricordato alla Camera la figura di Mimmo Mennitti"},"content":{"rendered":"<p>Ieri, in un intervento alla Camera l\u2019On. Nicola Cirac\u00ec (Direzione Italia) ha ricordato, nel terzo anniversario della sua scomparsa, Mimmo Mennitti, giornalista e politologo, parlamentare nazionale ed europeo per diverse legislature ed ex sindaco di Brindisi. Cirac\u00ec, nei diversi passaggi della sua orazione, ha rammentato l\u2019impegno civile di Mennitti \u2013 somma espressione di una destra tanto moderna quanto conservatrice, nel senso di ispirata ai suoi storici principi cardine \u2013 ma anche i suoi tratti umani connotati da un\u2019altissima e ineccepibile moralit\u00e0, sostenuta da un carattere forte e tenace. Da sindaco, si batt\u00e9 per ridare dignit\u00e0 a una citt\u00e0, Brindisi, da tempo in ginocchio e port\u00f2 a casa importanti risultati. Si pensi al rigassificatore, all\u2019universit\u00e0, al waterfront, al Teatro Verdi. Cirac\u00ec si \u00e8 anche soffermato sull\u2019attivit\u00e0 giornalistica di Mennitti, che fu peraltro direttore di \u201cIdeazione\u201d, e ha proposto alla Presidenza della Camera dei Deputati di fare propria una raccolta dei suoi scritti per costituire un fondo in suo onore.<\/p>\n<p>&nbsp;<\/p>\n<p>\u00abIn questi tempi bui che la politica e il nostro territorio stanno attraversando \u2013 dichiara il deputato \u2013 Mimmo Mennitti rimane un faro per tutti coloro che ancora credono e si riconoscono nei valori prim\u2019ancora che nei partiti e s\u2019ispirano a ideali di buona amministrazione\u00bb.<\/p>\n<p>&nbsp;<\/p>\n<p>\u00abSono onorato \u2013 conclude \u2013 di aver avuto la possibilit\u00e0 di ravvivare la sua memoria proprio in quell\u2019Aula cui Mimmo era quasi devoto\u00bb.<\/p>\n","protected":false},"excerpt":{"rendered":"<p>Ieri, in un intervento alla Camera l\u2019On. Nicola Cirac\u00ec (Direzione Italia) ha ricordato, nel terzo anniversario della sua scomparsa, Mimmo Mennitti, giornalista e politologo, parlamentare nazionale ed europeo per diverse legislature ed ex sindaco di Brindisi. Cirac\u00ec, nei diversi passaggi della sua orazione, ha rammentato l\u2019impegno civile di Mennitti \u2013 somma espressione di una destra tanto moderna quanto conservatrice, nel senso di ispirata ai suoi storici principi cardine \u2013 ma anche i suoi tratti umani connotati da un\u2019altissima e ineccepibile moralit\u00e0, sostenuta da un carattere forte e tenace. Da sindaco, si batt\u00e9 per ridare dignit\u00e0 a una citt\u00e0, Brindisi, da tempo in ginocchio e port\u00f2 a casa importanti risultati. Si pensi al rigassificatore, all\u2019universit\u00e0, al waterfront, al Teatro Verdi. Cirac\u00ec si \u00e8 anche soffermato sull\u2019attivit\u00e0 giornalistica di Mennitti, che fu peraltro direttore di \u201cIdeazione\u201d, e ha proposto alla Presidenza della Camera dei Deputati di fare propria una raccolta dei suoi scritti per costituire un fondo in suo onore. &nbsp; \u00abIn questi tempi bui che la politica e il nostro territorio&#8230;<\/p>\n","protected":false},"author":2,"featured_media":96133,"comment_status":"open","ping_status":"closed","sticky":false,"template":"","format":"standard","meta":{"footnotes":""},"categories":[7],"tags":[2177,1626],"class_list":["post-100341","post","type-post","status-publish","format-standard","has-post-thumbnail","hentry","category-news","tag-ciraci","tag-mennitti"],"_links":{"self":[{"href":"https:\/\/www.brundisium.net\/index.php\/wp-json\/wp\/v2\/posts\/100341","targetHints":{"allow":["GET"]}}],"collection":[{"href":"https:\/\/www.brundisium.net\/index.php\/wp-json\/wp\/v2\/posts"}],"about":[{"href":"https:\/\/www.brundisium.net\/index.php\/wp-json\/wp\/v2\/types\/post"}],"author":[{"embeddable":true,"href":"https:\/\/www.brundisium.net\/index.php\/wp-json\/wp\/v2\/users\/2"}],"replies":[{"embeddable":true,"href":"https:\/\/www.brundisium.net\/index.php\/wp-json\/wp\/v2\/comments?post=100341"}],"version-history":[{"count":1,"href":"https:\/\/www.brundisium.net\/index.php\/wp-json\/wp\/v2\/posts\/100341\/revisions"}],"predecessor-version":[{"id":100359,"href":"https:\/\/www.brundisium.net\/index.php\/wp-json\/wp\/v2\/posts\/100341\/revisions\/100359"}],"wp:featuredmedia":[{"embeddable":true,"href":"https:\/\/www.brundisium.net\/index.php\/wp-json\/wp\/v2\/media\/96133"}],"wp:attachment":[{"href":"https:\/\/www.brundisium.net\/index.php\/wp-json\/wp\/v2\/media?parent=100341"}],"wp:term":[{"taxonomy":"category","embeddable":true,"href":"https:\/\/www.brundisium.net\/index.php\/wp-json\/wp\/v2\/categories?post=100341"},{"taxonomy":"post_tag","embeddable":true,"href":"https:\/\/www.brundisium.net\/index.php\/wp-json\/wp\/v2\/tags?post=100341"}],"curies":[{"name":"wp","href":"https:\/\/api.w.org\/{rel}","templated":true}]}}