{"id":100366,"date":"2017-04-07T13:38:39","date_gmt":"2017-04-07T11:38:39","guid":{"rendered":"http:\/\/www.brundisium.net\/?p=100366"},"modified":"2017-04-07T14:28:13","modified_gmt":"2017-04-07T12:28:13","slug":"domani-pomeriggio-si-rinnova-a-brindisi-lappuntamento-con-la-marcia-della-fede","status":"publish","type":"post","link":"https:\/\/www.brundisium.net\/index.php\/domani-pomeriggio-si-rinnova-a-brindisi-lappuntamento-con-la-marcia-della-fede\/","title":{"rendered":"Domani pomeriggio si rinnova a Brindisi l&#8217;appuntamento con La Marcia della Fede"},"content":{"rendered":"<p>Si rinnova domani pomeriggio in citt\u00e0 un atteso appuntamento che, fortemente sentito dalla Comunit\u00e0 ecclesiale ha i suoi indubbi riflessi sulla comunit\u00e0 civile e quella dei giovani in particolare. Sono attesi da Locorotondo e dal Salento, dai diversi centri del Brindisino che appartengono alla diocesi: saranno diverse centinaia i giovani che si sono dati appuntamento per la Marcia della Fede, istituita da San Giovanni Paolo II.<\/p>\n<p>&nbsp;<br \/>\nEssa ha certamente il suo riferimento nella Giornata Mondiale della Giovent\u00f9, ma quest&#8217;anno a Brindisi guarda con particolare attenzione ad un giovane brindisino da prendere come esempio, il Servo di Dio Matteo Farina, del quale \u00e8 in corso la fase diocesana del processo di beatificazione e canonizzazione. \u00abEd \u00e8 imminente anche una sessione del Sinodo sui giovani proprio come ha voluto papa Francesco, a conclusione dell&#8217;altra sessione del Sinodo sulla famiglia \u2013 spiega don Mimmo Roma , incaricato diocesano del servizio di pastorale giovanile -. Credo sia davvero carico di significati la marcia di domani. E poi, il solo fatto di camminare insieme nel cuore di Brindisi, lungo il mare ed in luoghi simbolici, non far\u00e0 altro che accrescere il nostro sentirci non gruppo aperto, ma comunit\u00e0 che accoglie, che ha un progetto di vita che non si risolve nella gratifica personale, ma ha orizzonti pi\u00f9 ampi e pi\u00f9 alti\u00bb.<\/p>\n<p>&nbsp;<br \/>\nPresente l&#8217;arcivescovo di Brindisi-Ostuni, mons. Domenico Caliandro, l&#8217;appuntamento \u00e8 per domani, 8 aprile, nel pomeriggio alle ore 16 ai piedi della Scalinata Virgilio. Da qui, passando per la Stazione navale di Brindisi attraverso la porta Revel, sosta su nave San Giorgio con un momento di preghiera e meditazione e con il saluto e la testimonianza del Comandante della Terza Divisione Navale Ammiraglio Salvatore Vitiello, per poi uscire da porta Monsignore e proseguire fino al Monumento al Marinaio.<\/p>\n<p>&nbsp;<br \/>\n\u00c8 ai piedi del Monumenti ubicato nel quartiere Casale che la marcia si concluder\u00e0, con l&#8217;appuntamento rinnovato a incontrarsi nuovamente il 24 aprile prossimo, per la chiusura della fase diocesana del processo canonico di beatificazione di Matteo Farina.<\/p>\n<p>&nbsp;<\/p>\n<p>&nbsp;<\/p>\n<p>ARCIDIOCESI DI BRINDISI-OSTUNI<br \/>\nServizio di Pastorale giovanile<\/p>\n","protected":false},"excerpt":{"rendered":"<p>Si rinnova domani pomeriggio in citt\u00e0 un atteso appuntamento che, fortemente sentito dalla Comunit\u00e0 ecclesiale ha i suoi indubbi riflessi sulla comunit\u00e0 civile e quella dei giovani in particolare. Sono attesi da Locorotondo e dal Salento, dai diversi centri del Brindisino che appartengono alla diocesi: saranno diverse centinaia i giovani che si sono dati appuntamento per la Marcia della Fede, istituita da San Giovanni Paolo II. &nbsp; Essa ha certamente il suo riferimento nella Giornata Mondiale della Giovent\u00f9, ma quest&#8217;anno a Brindisi guarda con particolare attenzione ad un giovane brindisino da prendere come esempio, il Servo di Dio Matteo Farina, del quale \u00e8 in corso la fase diocesana del processo di beatificazione e canonizzazione. \u00abEd \u00e8 imminente anche una sessione del Sinodo sui giovani proprio come ha voluto papa Francesco, a conclusione dell&#8217;altra sessione del Sinodo sulla famiglia \u2013 spiega don Mimmo Roma , incaricato diocesano del servizio di pastorale giovanile -. Credo sia davvero carico di significati la marcia di domani. E poi, il solo fatto di camminare insieme&#8230;<\/p>\n","protected":false},"author":2,"featured_media":67354,"comment_status":"open","ping_status":"closed","sticky":false,"template":"","format":"standard","meta":{"footnotes":""},"categories":[7],"tags":[1683],"class_list":["post-100366","post","type-post","status-publish","format-standard","has-post-thumbnail","hentry","category-news","tag-marcia-della-fede"],"_links":{"self":[{"href":"https:\/\/www.brundisium.net\/index.php\/wp-json\/wp\/v2\/posts\/100366","targetHints":{"allow":["GET"]}}],"collection":[{"href":"https:\/\/www.brundisium.net\/index.php\/wp-json\/wp\/v2\/posts"}],"about":[{"href":"https:\/\/www.brundisium.net\/index.php\/wp-json\/wp\/v2\/types\/post"}],"author":[{"embeddable":true,"href":"https:\/\/www.brundisium.net\/index.php\/wp-json\/wp\/v2\/users\/2"}],"replies":[{"embeddable":true,"href":"https:\/\/www.brundisium.net\/index.php\/wp-json\/wp\/v2\/comments?post=100366"}],"version-history":[{"count":1,"href":"https:\/\/www.brundisium.net\/index.php\/wp-json\/wp\/v2\/posts\/100366\/revisions"}],"predecessor-version":[{"id":100368,"href":"https:\/\/www.brundisium.net\/index.php\/wp-json\/wp\/v2\/posts\/100366\/revisions\/100368"}],"wp:featuredmedia":[{"embeddable":true,"href":"https:\/\/www.brundisium.net\/index.php\/wp-json\/wp\/v2\/media\/67354"}],"wp:attachment":[{"href":"https:\/\/www.brundisium.net\/index.php\/wp-json\/wp\/v2\/media?parent=100366"}],"wp:term":[{"taxonomy":"category","embeddable":true,"href":"https:\/\/www.brundisium.net\/index.php\/wp-json\/wp\/v2\/categories?post=100366"},{"taxonomy":"post_tag","embeddable":true,"href":"https:\/\/www.brundisium.net\/index.php\/wp-json\/wp\/v2\/tags?post=100366"}],"curies":[{"name":"wp","href":"https:\/\/api.w.org\/{rel}","templated":true}]}}