{"id":100385,"date":"2017-04-07T16:49:53","date_gmt":"2017-04-07T14:49:53","guid":{"rendered":"http:\/\/www.brundisium.net\/?p=100385"},"modified":"2017-04-08T20:37:57","modified_gmt":"2017-04-08T18:37:57","slug":"rete-traporti-ten-t-dattis-il-16-giugno-a-brindisi-i-vertici-delle-istituzioni-europee","status":"publish","type":"post","link":"https:\/\/www.brundisium.net\/index.php\/rete-traporti-ten-t-dattis-il-16-giugno-a-brindisi-i-vertici-delle-istituzioni-europee\/","title":{"rendered":"Rete traporti Ten-T, D&#8217;Attis: &#8220;il 16 Giugno a Brindisi i vertici delle istituzioni europee&#8221;"},"content":{"rendered":"<p>Ci saranno i vertici delle Istituzioni europee a Brindisi, il prossimo 16 giugno al Nuovo Teatro Verdi, per discutere sulla rete dei trasporti TEN-T. L\u2019evento \u00e8 organizzato dal gruppo del Partito Popolare Europeo del Comitato delle Regioni che, lo scorso anno, scelse la candidatura della citt\u00e0 di Brindisi proposta da Mauro D\u2019Attis, il consigliere comunale brindisino che a Bruxelles \u00e8 vice presidente del gruppo.<\/p>\n<p>&nbsp;<\/p>\n<p>&nbsp;<\/p>\n<p>\u201cSono grato al mio gruppo \u2013 dichiara D\u2019Attis &#8211; per aver scelto la mia citt\u00e0 che, sicuramente si far\u00e0 trovare pronta. Il tema \u00e8 fondamentale per l\u2019economia della nostra regione visto che la Rete TEN-T definisce le priorit\u00e0 che l&#8217;Unione Europea assegna nel destinare le sue attenzioni sullo sviluppo di tutte le reti di trasporto esistenti. Il prossimo futuro sar\u00e0 determinante per le scelte che si continueranno a fare e la regione Puglia \u00e8 una delle regioni strategiche rispetto anche alla nostra pressante richiesta di prolungare il corridoio baltico-adriatico sino a Brindisi&#8221;.<\/p>\n<p>&nbsp;<\/p>\n<p>&nbsp;<\/p>\n<p>Il lancio \u00e8 avvenuto ufficialmente oggi con il tweet del gruppo PPE che ha voluto assegnare all\u2019evento il titolo \u201cCitt\u00e0 e regioni per il rilancio della rete di trasporto transeuropea\u201d<\/p>\n<p>&nbsp;<\/p>\n<p>&nbsp;<\/p>\n<p>\u201cNon posso anticipare ancora i nomi ma posso affermare che le presenze degli intervenuti saranno di altissimo profilo e livello istituzionale. Per questo l\u2019evento del 16 giugno potr\u00e0 essere una occasione per apprendere nuove informazioni e per rappresentare legittimamente gli interessi del territorio rivolgendosi direttamente ai decisori politici internazionali\u201d .<\/p>\n<p>&nbsp;<\/p>\n<p>&nbsp;<\/p>\n<p>Per Brindisi \u00e8 prevista la partecipazione di 70 membri provenienti da tutta la Unione Europea (Presidenti di Regione, Sindaci, ecc.), dei Parlamentari europei del PPE, dei vertici Parlamento Europeo e della Commissione Europea competenti per il settore. All&#8217;evento parteciperanno altri rappresentanti politici e istituzionali nazionali e regionali nonch\u00e9 importanti manager delle settore che illustreranno le buone pratiche seguite nell\u2019utilizzare in maniera efficace il sostegno della Unione Europea.<\/p>\n<p>&nbsp;<\/p>\n<p>&nbsp;<\/p>\n<p><em><strong>COMUNICATO STAMPA DI MAURO D&#8217;ATTIS \u2013 MEMBRO TITOLARE DEL COMITATO DELLE REGIONI A BRUXELLES<\/strong><\/em><\/p>\n<p>&nbsp;<\/p>\n","protected":false},"excerpt":{"rendered":"<p>Ci saranno i vertici delle Istituzioni europee a Brindisi, il prossimo 16 giugno al Nuovo Teatro Verdi, per discutere sulla rete dei trasporti TEN-T. L\u2019evento \u00e8 organizzato dal gruppo del Partito Popolare Europeo del Comitato delle Regioni che, lo scorso anno, scelse la candidatura della citt\u00e0 di Brindisi proposta da Mauro D\u2019Attis, il consigliere comunale brindisino che a Bruxelles \u00e8 vice presidente del gruppo. &nbsp; &nbsp; \u201cSono grato al mio gruppo \u2013 dichiara D\u2019Attis &#8211; per aver scelto la mia citt\u00e0 che, sicuramente si far\u00e0 trovare pronta. Il tema \u00e8 fondamentale per l\u2019economia della nostra regione visto che la Rete TEN-T definisce le priorit\u00e0 che l&#8217;Unione Europea assegna nel destinare le sue attenzioni sullo sviluppo di tutte le reti di trasporto esistenti. Il prossimo futuro sar\u00e0 determinante per le scelte che si continueranno a fare e la regione Puglia \u00e8 una delle regioni strategiche rispetto anche alla nostra pressante richiesta di prolungare il corridoio baltico-adriatico sino a Brindisi&#8221;. &nbsp; &nbsp; Il lancio \u00e8 avvenuto ufficialmente oggi con il tweet del&#8230;<\/p>\n","protected":false},"author":2,"featured_media":100386,"comment_status":"open","ping_status":"closed","sticky":false,"template":"","format":"standard","meta":{"footnotes":""},"categories":[7],"tags":[108,3881],"class_list":["post-100385","post","type-post","status-publish","format-standard","has-post-thumbnail","hentry","category-news","tag-dattis","tag-rete-traporti-ten-t"],"_links":{"self":[{"href":"https:\/\/www.brundisium.net\/index.php\/wp-json\/wp\/v2\/posts\/100385","targetHints":{"allow":["GET"]}}],"collection":[{"href":"https:\/\/www.brundisium.net\/index.php\/wp-json\/wp\/v2\/posts"}],"about":[{"href":"https:\/\/www.brundisium.net\/index.php\/wp-json\/wp\/v2\/types\/post"}],"author":[{"embeddable":true,"href":"https:\/\/www.brundisium.net\/index.php\/wp-json\/wp\/v2\/users\/2"}],"replies":[{"embeddable":true,"href":"https:\/\/www.brundisium.net\/index.php\/wp-json\/wp\/v2\/comments?post=100385"}],"version-history":[{"count":1,"href":"https:\/\/www.brundisium.net\/index.php\/wp-json\/wp\/v2\/posts\/100385\/revisions"}],"predecessor-version":[{"id":100387,"href":"https:\/\/www.brundisium.net\/index.php\/wp-json\/wp\/v2\/posts\/100385\/revisions\/100387"}],"wp:featuredmedia":[{"embeddable":true,"href":"https:\/\/www.brundisium.net\/index.php\/wp-json\/wp\/v2\/media\/100386"}],"wp:attachment":[{"href":"https:\/\/www.brundisium.net\/index.php\/wp-json\/wp\/v2\/media?parent=100385"}],"wp:term":[{"taxonomy":"category","embeddable":true,"href":"https:\/\/www.brundisium.net\/index.php\/wp-json\/wp\/v2\/categories?post=100385"},{"taxonomy":"post_tag","embeddable":true,"href":"https:\/\/www.brundisium.net\/index.php\/wp-json\/wp\/v2\/tags?post=100385"}],"curies":[{"name":"wp","href":"https:\/\/api.w.org\/{rel}","templated":true}]}}