{"id":100671,"date":"2017-04-10T17:26:05","date_gmt":"2017-04-10T15:26:05","guid":{"rendered":"http:\/\/www.brundisium.net\/?p=100671"},"modified":"2017-04-15T09:45:55","modified_gmt":"2017-04-15T07:45:55","slug":"esserci-sempre-la-polizia-di-stato-ha-celebrato-il-165-anniversario-della-fondazione","status":"publish","type":"post","link":"https:\/\/www.brundisium.net\/index.php\/esserci-sempre-la-polizia-di-stato-ha-celebrato-il-165-anniversario-della-fondazione\/","title":{"rendered":"Esserci Sempre: la Polizia di Stato ha celebrato il 165\u00b0 Anniversario della Fondazione"},"content":{"rendered":"<p><a href=\"http:\/\/www.brundisium.net\/brun\/wp-content\/uploads\/2017\/04\/165-FESTA-POLIZIA-2017-1.jpg\"><img loading=\"lazy\" decoding=\"async\" class=\"alignright size-medium wp-image-100682\" src=\"http:\/\/www.brundisium.net\/brun\/wp-content\/uploads\/2017\/04\/165-FESTA-POLIZIA-2017-1-300x169.jpg\" alt=\"\" width=\"300\" height=\"169\" srcset=\"https:\/\/www.brundisium.net\/brun\/wp-content\/uploads\/2017\/04\/165-FESTA-POLIZIA-2017-1-300x169.jpg 300w, https:\/\/www.brundisium.net\/brun\/wp-content\/uploads\/2017\/04\/165-FESTA-POLIZIA-2017-1-768x432.jpg 768w, https:\/\/www.brundisium.net\/brun\/wp-content\/uploads\/2017\/04\/165-FESTA-POLIZIA-2017-1-1024x576.jpg 1024w, https:\/\/www.brundisium.net\/brun\/wp-content\/uploads\/2017\/04\/165-FESTA-POLIZIA-2017-1.jpg 1280w\" sizes=\"auto, (max-width: 300px) 100vw, 300px\" \/><\/a>\u00a0 Si \u00e8 svolta oggi, in Viale Regina Margherita davanti alla Scalinata Virgiliana, la cerimonia di celebrazione del 165\u00b0 Anniversario della Fondazione della Polizia di Stato, alla presenza del Sig. Prefetto e delle massime Autorit\u00e0 Religiose, Civili e Militari locali.<\/p>\n<p>La cerimonia \u00e8 stata preceduta, nel piazzale interno della Questura, della deposizione di una corona di alloro in memoria dei caduti della Polizia di Stato, cui parteciperanno il Prefetto, il Questore, i familiari dei caduti ed il Cappellano della Polizia di Stato.<\/p>\n<p>In viale Regina Margherita si \u00e8 data lettura dei cenni storici e dei messaggi augurali e si sono consegnati i riconoscimenti al personale della Polizia di Stato distintosi in servizio.<br \/>\nE&#8217; stato schierato un reparto di rappresentanza della Polizia di Stato della provincia di Brindisi, comandato dal Vice Questore Aggiunto dr. Alberto D\u2019Alessandro, composto da personale della Questura e delle Specialit\u00e0 (Polizia Stradale, di Frontiera, Ferroviaria e Postale).<\/p>\n<p>&nbsp;<\/p>\n<p>La Festa della Polizia rappresenta ogni anno l&#8217;occasione di fare il punto sul territorio di competenza.<br \/>\n<strong>Questa\u00a0la riflessione\u00a0sulla situazione\u00a0diffusa dalla Questura di Brindisi<\/strong><\/p>\n<p>&nbsp;<\/p>\n<p>La situazione della provincia di Brindisi, sotto il profilo della malavita organizzata, dopo gli anni che l&#8217;hanno caratterizzata quale centro nevralgico di un sodalizio criminale avente carattere mafioso, risente attualmente degli effetti di importanti processi che, celebrati anche grazie all\u2019ausilio di collaborazioni di elementi interni a tale struttura, hanno consentito la realizzazione di un contrasto forte verso tale fenomeno.<br \/>\nCi\u00f2 nonostante, permane alta l\u2019attenzione da parte degli uffici investigativi circa l\u2019analisi di tutti quei fenomeni delittuosi che solitamente hanno rappresentato l\u2019essenza di una fenomenologia a carattere associato.<br \/>\nPer invero, si registrano timidi segnali di ripresa della operativit\u00e0 delle organizzazioni criminali, le cui potenzialit\u00e0 risultano, comunque, notevolmente ridotte a seguito delle puntuali indagini ed attivit\u00e0 di monitoraggio svolte dalle Forze di Polizia d\u2019intesa con l\u2019Autorit\u00e0 Giudiziaria.<br \/>\nAllo stato, quindi, si ritiene che il traffico delle sostanze stupefacenti rappresenti la tipologia di reato pi\u00f9 importante dalla quale trarre i proventi economici di rilevante entit\u00e0, dopo la temporanea scomparsa e successiva trasformazione del traffico di T.L.E. in modalit\u00e0 extraispettive.<br \/>\nIn tale illecito traffico, risultano ormai pienamente coinvolti anche gruppi non mafiosi, nei confronti dei quali si \u00e8 rivolta l\u2019azione di contrasto investigativo e giudiziario, oltre a quelli che fanno riferimento ad esponenti storici di clan mafiosi della zona.<br \/>\nPermane, tuttavia, la realizzazione di attivit\u00e0 estorsive spesso anche di minima entit\u00e0, come ulteriore fonte di approvvigionamento economico. Quello della minima entit\u00e0 richiesta rappresenta una sempre pi\u00f9 attuale strategia posta in essere dalle associazioni mafiose allo scopo di far apparire al destinatario della stessa un costo ragionevolmente sostenibile, alla stregua di uno dei tanti oneri di impresa.<\/p>\n<p>&nbsp;<\/p>\n<p>Talvolta, addirittura sarebbe lo stesso commerciante o imprenditore ad assumere l\u2019iniziativa di rivolgersi alla malavita per chiedere \u201cprotezione\u201d in cambio del periodico versamento di somme di denaro, per cosi dire, sostenibili.<br \/>\nLe indagini recentemente svolte, avvalsesi anche delle dichiarazioni degli ultimi collaboratori di Giustizia, hanno consentito di delineare i nuovi assetti della criminalit\u00e0 organizzata, individuandone gli attuali referenti presenti sul territorio.<br \/>\nInfatti, le investigazioni intraprese successivamente agli arresti di alti esponenti di sodalizi criminali, hanno fatto emergere le figure di alcuni soggetti che, rivestendo dapprima un ruolo secondario, in virt\u00f9 del vuoto di potere determinatosi per l\u2019arresto delle figure apicali, hanno assunto poi una posizione predominante.<br \/>\nSi \u00e8 pervenuti a delineare alcune esponenti malavitosi che, tanto autonomamente quanto in nome e per conto dei loro referenti detenuti, hanno continuato a svolgere attivit\u00e0 estorsive nei confronti di vari soggetti, realizzando in alcuni casi (rare circostanze) azioni intimidatorie attraverso danneggiamenti incendiari, ovvero esplosioni di colpi di arma da fuoco.<br \/>\nCi\u00f2 premesso, va comunque segnalata la permanenza operativa, seppur fortemente ridimensionata, di alcuni gruppi criminali che manterrebbero il controllo di alcuni Comuni ovvero porzioni di territorio.<br \/>\nIl fenomeno della criminalit\u00e0 c.d. diffusa non presenta, al momento, aspetti di particolare allarme sociale.<br \/>\nGli episodi delittuosi maggiormente consumati risultano essere legati ai reati contro il patrimonio comune: in particolare i furti di autovetture e su autovetture, nonch\u00e9 quelli in danno di negozi ed abitazioni.<br \/>\nDi minore rilevanza \u00e8, invece, il fenomeno attinente le rapine e gli scippi, eventi criminosi che hanno subito un rilevante decremento e che si concentrano, solitamente, in brevi e particolari periodi dell\u2019anno, assumendo in tali frangenti la connotazione di serialit\u00e0.<br \/>\nIn merito, si rappresenta come, dalla puntuale analisi dell\u2019attivit\u00e0 di controllo del territorio emerge, in maniera abbastanza chiara, come attualmente siano attivi in ambito criminale un numero rilevante di giovani.<br \/>\nGli stessi, di et\u00e0 variabile fra i 16 ed i 26 anni, risultano stabilmente dediti al compimento di attivit\u00e0 delittuose, in special modo di reati contro il patrimonio, atteso che per la maggior parte non risultano svolgere alcuna stabile attivit\u00e0 lavorativa da cui trarre mezzi di sostentamento. A ci\u00f2 si aggiunga il modestissimo grado di scolarizzazione (alcuni risultano al limite dell\u2019analfabetismo), nonch\u00e9 situazioni socio-familiari di grave degrado.<br \/>\nSi sottolinea come i soggetti coinvolti non risultano organizzati in forme associative stabili, pur non potendo disconoscere il dato che frequenti rapporti sussistano tra gli stessi, come si pu\u00f2 agevolmente ricavare dall\u2019esame dei controlli effettuati su strada e dalle attivit\u00e0 investigative compiute.<br \/>\nIn questo contesto, emerge la figura di alcune di queste giovani leve che, per la loro indole e propensione alla \u201cleadership\u201d, risultano a capo di piccole \u201csquadre\u201d di coetanei, la cui struttura \u00e8 caratterizzata dalla continua intercambiabilit\u00e0 dei componenti.<br \/>\nL\u2019usura, come spesso accade, pur essendo sicuramente presente nel contesto provinciale, mantiene quel carattere di scarsa emersione con poche denunce, in ragione del frequente particolare rapporto anche personale, esistente fra usurato ed usuraio.<br \/>\nComplessivamente, dunque, l\u2019azione di contrasto al crimine della Polizia di Stato in questa provincia si \u00e8 sviluppata su di uno spettro ampio di fenomenologie, soprattutto grazie all\u2019adozione di una strategia operativa consolidata in un protocollo ben definito.<\/p>\n<p>&nbsp;<\/p>\n<p>&nbsp;<\/p>\n<p>I dati rilevati dalla Polizia di Stato, confrontando gli omologhi periodi aprile 2015\/marzo 2016 e di aprile 2016\/marzo 2017 mostrano una generale contrazione segnatamente concernenti i reati di furto, rapina ed estorsione. Risultano, al contrario in aumento i delitti informatici.<\/p>\n<p>Il numero complessivo dei delitti, negli ultimi 12 mesi, si \u00e8 ridotto da 15304 unit\u00e0 del periodo precedente all\u2019attuale 12901.<\/p>\n<p>&nbsp;<\/p>\n<p><strong><a href=\"http:\/\/www.brundisium.net\/brun\/wp-content\/uploads\/2017\/04\/165-FESTA-POLIZIA-2017-3.jpg\"><img loading=\"lazy\" decoding=\"async\" class=\"alignright size-medium wp-image-100684\" src=\"http:\/\/www.brundisium.net\/brun\/wp-content\/uploads\/2017\/04\/165-FESTA-POLIZIA-2017-3-169x300.jpg\" alt=\"\" width=\"169\" height=\"300\" srcset=\"https:\/\/www.brundisium.net\/brun\/wp-content\/uploads\/2017\/04\/165-FESTA-POLIZIA-2017-3-169x300.jpg 169w, https:\/\/www.brundisium.net\/brun\/wp-content\/uploads\/2017\/04\/165-FESTA-POLIZIA-2017-3-576x1024.jpg 576w, https:\/\/www.brundisium.net\/brun\/wp-content\/uploads\/2017\/04\/165-FESTA-POLIZIA-2017-3.jpg 720w\" sizes=\"auto, (max-width: 169px) 100vw, 169px\" \/><\/a>DI SEGUITO LE ONOREFICENZE CONSEGNATE<\/strong><\/p>\n<p>&nbsp;<\/p>\n<p><strong>PROMOZIONE MERITO STRAORDINARIO<\/strong><\/p>\n<ol>\n<li><strong> SOVR. ZIPPO ILARIO <\/strong><\/li>\n<\/ol>\n<p><strong>\u00a0<\/strong><\/p>\n<p>EVIDENZIANDO STRAORDINARIE CAPACITA&#8217; PROFESSIONALI, NON COMUNE DETERMINAZIONE OPERATIVA E SPREZZO DEL PERICOLO INTERVENIVA IN UN PALAZZO OVE SI ERA SVILUPPATO UN INCENDIO; NELLA CIRCOSTANZA, RIUSCIVA A FAR EVACUARE GLI OCCUPANTI DI 40 UNITA&#8217; IMMOBILIARI, SFIDANDO IL FUOCO ED IL DENSO FUMO CHE AVEVANO INVASO I LOCALI; QUINDI, PROVVEDEVA A DISATTIVARE L&#8217;EROGAZIONE DEL GAS CONDOMINIALE, SCONGIURANDO UN&#8217;ESPLOSIONE. CHIARO ESEMPIO DI ABNEGAZIONE E CORAGGIO.<\/p>\n<p>BRINDISI, 10 DICEMBRE 2010<\/p>\n<p>&nbsp;<\/p>\n<p>&nbsp;<\/p>\n<p><strong>PROMOZIONE MERITO STRAORDINARIO<\/strong><\/p>\n<ol>\n<li><strong> SOVR. PERRONE PIERANGELO<\/strong><\/li>\n<\/ol>\n<p><strong>\u00a0<\/strong><\/p>\n<p>EVIDENZIANDO STRAORDINARIE CAPACITA&#8217; PROFESSIONALI, ELEVATO ACUME INVESTIGATIVO E SPIRITO DI ABNEGAZIONE, SI DISTINGUEVA IN UNA LABORIOSA ED ARTICOLATA INDAGINE CHE EVIDENZIAVA LE AZIONI CRIMINALI DI UNA POTENTE COSCA DELLA &#8216;NDRAGHETA REGGINA, ANCHE COLLOCANDO IDONEE APPARECCHIATURE TECNICHE A SUPPORTO DELL&#8217;ATTIVITA&#8217; DI INTERCETTAZIONE AMBIENTALE; NELLA CIRCOSTANZA ACCERTAVA LE ATTIVITA&#8217; DELITTUOSE DEI MALAVITOSI, NEI CUI CONFRONTI ESEGUIVA NUMEROSI PROVVEDIMENTI CAUTELARI IN CARCERE. CHIARO ESEMPIO DI DEDIZIONE E CORAGGIO.<\/p>\n<p>SIDERNO (RC), 9 SETTEMBRE 2014.<\/p>\n<p><strong>\u00a0<\/strong><\/p>\n<p><strong>\u00a0<\/strong><\/p>\n<p><strong>PROMOZIONE MERITO STRAORDINARIO<\/strong><\/p>\n<p><strong>SOVR. CAPO IOVINO DOMENICO <\/strong><\/p>\n<p><strong>SOVR. BRAY GIANMARCO<\/strong><\/p>\n<p>EVIDENZIANDO ECCEZIONALI CAPACITA\u2019 PROFESSIONALI E NON COMUNE SENSO DEL DOVERE, ESPLETAVA UN INTERVENTO DI SOCCORSO PUBBLICO A SEGUITO DI UN GRAVE SINISTRO AUTOSTRADALE CHE VEDEVA COINVOLTI UN AUTOMOBILISTA ED UN TIR; NELLA CIRCOSTANZA, NON POTENDO ATTENDERE LA PATTUGLIA DELLA POLIZIA STRADALE, ESPONENDOSI AD ELEVATO RISCHIO, SCAVALCAVA IL NEW-JERSEY, BLOCCAVA IL TRAFFICO, PREDISPONENDO L\u2019ATTERRAGGIO DELL\u2019ELICOTTERO DEL 118, ALLERTATO PER LE CRITICHE CONDIZIONI DI UN FERITO. CHIARO ESEMPIO DI ABNEGAZIONE E CORAGGIO.<\/p>\n<p>CASALECCHIO DI RENO (BO), 31 AGOSTO 2015<\/p>\n<p>&nbsp;<\/p>\n<p>&nbsp;<\/p>\n<p><strong>ENCOMIO SOLENNE <\/strong><\/p>\n<p><strong>ASS. CAPO MARRAZZO MICHELE <\/strong><\/p>\n<p>EVIDENZIANDO ELEVATE CAPACITA&#8217; PROFESSIONALI, NON COMUNE DETERMINAZIONE OPERATIVA E GENEROSO ALTRUISMO, ESPLETAVA UN COMPLESSO INTERVENTO DI SOCCORSO RIUSCENDO AD IMPEDIRE AD UN IMPRENDITORE CHE, DOPO ESSERSI ARRAMPICATO SU UN ALBERO, ERA IN PROCINTO DI IMPICCARSI CON UNA CORDA, DI ATTUARE L&#8217;INSANO GESTO, PREANNUNCIATO IN UNA LETTERA AI FAMILIARI E LEGATO A DIFFICOLTA&#8217; ECONOMICHE.<\/p>\n<p>OSTUNI, 19 FEBBRAIO 2014<\/p>\n<p>&nbsp;<\/p>\n<p><strong>ENCOMIO SOLENNE <\/strong><\/p>\n<p><strong>ASS. CAPO ZACHEO ALESSANDRO <\/strong><\/p>\n<p>&nbsp;<\/p>\n<p>EVIDENZIANDO ELEVATE CAPACITA&#8217; PROFESSIONALI, ACUME INVESTIGATIVO E NON COMUNE DETERMINAZIONE OPERATIVA, ESPLETAVA UNA COMPLESSA OPERAZIONE DI P.G. CHE PORTAVA ALL&#8217;ARRESTO DI DUE PERSONE, RESPONSABILI DI DETENZIONE DI SOSTANZE STUPEFACENTI.<\/p>\n<p>ROSARNO, 23 APRILE 2013<\/p>\n<p>&nbsp;<\/p>\n<p>&nbsp;<\/p>\n<p>&nbsp;<\/p>\n<p><strong>ENCOMIO SOLENNE <\/strong><\/p>\n<ol>\n<li><strong> SOVR. CALO&#8217; ANTONIO <\/strong><\/li>\n<\/ol>\n<p>EVIDENZIANDO NOTEVOLI CAPACITA&#8217; PROFESSIONALI E NON COMUNE DETERMINAZIONE OPERATIVA SI DISTINGUEVA IN UN INTERVENTO DI POLIZIA GIUDIZIARIA CHE CONSENTIVA DI TRARRE IN ARRESTO UN SOGGETTO, RESPONSABILE DI SEQUESTRO DI PERSONA, MINACCE AGGRAVATE, PORTO ABUSIVO DI ARMI COMUNI DA SPARO, SEQUESTRANDO ALTRESI&#8217; DUE PISTOLE. BRINDISI, 23 FEBBRAIO 2015<\/p>\n<p><strong>\u00a0<\/strong><\/p>\n<p><strong>\u00a0<\/strong><\/p>\n<p><strong>\u00a0<\/strong><\/p>\n<p><strong>ENCOMIO SOLENNE<\/strong><\/p>\n<p><strong>SOST. COMMISSARIO LEO VINCENZO<\/strong><\/p>\n<p><strong>ISPETTORE CAPO BARONE ROBERTO<\/strong><\/p>\n<p><strong>ISPETTORE CAPO DORIA GIOVANNI<\/strong><\/p>\n<p><strong>ISPETTORE CAPO IN QUIESCENZA COPPOLA POMPILIO<\/strong><\/p>\n<p><strong>\u00a0<\/strong><\/p>\n<p><strong>ENCOMIO<\/strong><\/p>\n<p><strong>ASS. CAPO BARLETTA GIANCARLO<\/strong><\/p>\n<p><strong>\u00a0<\/strong><\/p>\n<p>EVIDENZIANDO ELEVATE CAPACITA&#8217; PROFESSIONALI, ACUME INVESTIGATIVO E NON COMUNE DETERMINAZIONE OPERATIVA, COLLABORAVA AD UNA COMPLESSA OPERAZIONE DI P.G. CHE PORTAVA ALL&#8217;ESECUZIONE DI UNA ORDINANZA DI CUSTODIA CUTELARE A CARICO DI 18 SOGGETTI, RESPONSABILI, IN QUALITA&#8217; DI MANDANTI ESECUTORI MATERIALI, DI OMICIDI E TENTATI OMICIDI MATURATI NELL&#8217;AMBITO DELLE GUERRE DI MAFIA.<\/p>\n<p>BRINDISI, 14 0TTOBRE 2013<\/p>\n<p>&nbsp;<\/p>\n<p>foto Maurizio Matulli<\/p>\n","protected":false},"excerpt":{"rendered":"<p>\u00a0 Si \u00e8 svolta oggi, in Viale Regina Margherita davanti alla Scalinata Virgiliana, la cerimonia di celebrazione del 165\u00b0 Anniversario della Fondazione della Polizia di Stato, alla presenza del Sig. Prefetto e delle massime Autorit\u00e0 Religiose, Civili e Militari locali. La cerimonia \u00e8 stata preceduta, nel piazzale interno della Questura, della deposizione di una corona di alloro in memoria dei caduti della Polizia di Stato, cui parteciperanno il Prefetto, il Questore, i familiari dei caduti ed il Cappellano della Polizia di Stato. In viale Regina Margherita si \u00e8 data lettura dei cenni storici e dei messaggi augurali e si sono consegnati i riconoscimenti al personale della Polizia di Stato distintosi in servizio. E&#8217; stato schierato un reparto di rappresentanza della Polizia di Stato della provincia di Brindisi, comandato dal Vice Questore Aggiunto dr. Alberto D\u2019Alessandro, composto da personale della Questura e delle Specialit\u00e0 (Polizia Stradale, di Frontiera, Ferroviaria e Postale). &nbsp; La Festa della Polizia rappresenta ogni anno l&#8217;occasione di fare il punto sul territorio di competenza. Questa\u00a0la riflessione\u00a0sulla situazione\u00a0diffusa&#8230;<\/p>\n","protected":false},"author":2,"featured_media":100682,"comment_status":"open","ping_status":"closed","sticky":false,"template":"","format":"standard","meta":{"footnotes":""},"categories":[7],"tags":[33,3885],"class_list":["post-100671","post","type-post","status-publish","format-standard","has-post-thumbnail","hentry","category-news","tag-brindisi","tag-festa-polizia"],"_links":{"self":[{"href":"https:\/\/www.brundisium.net\/index.php\/wp-json\/wp\/v2\/posts\/100671","targetHints":{"allow":["GET"]}}],"collection":[{"href":"https:\/\/www.brundisium.net\/index.php\/wp-json\/wp\/v2\/posts"}],"about":[{"href":"https:\/\/www.brundisium.net\/index.php\/wp-json\/wp\/v2\/types\/post"}],"author":[{"embeddable":true,"href":"https:\/\/www.brundisium.net\/index.php\/wp-json\/wp\/v2\/users\/2"}],"replies":[{"embeddable":true,"href":"https:\/\/www.brundisium.net\/index.php\/wp-json\/wp\/v2\/comments?post=100671"}],"version-history":[{"count":5,"href":"https:\/\/www.brundisium.net\/index.php\/wp-json\/wp\/v2\/posts\/100671\/revisions"}],"predecessor-version":[{"id":100685,"href":"https:\/\/www.brundisium.net\/index.php\/wp-json\/wp\/v2\/posts\/100671\/revisions\/100685"}],"wp:featuredmedia":[{"embeddable":true,"href":"https:\/\/www.brundisium.net\/index.php\/wp-json\/wp\/v2\/media\/100682"}],"wp:attachment":[{"href":"https:\/\/www.brundisium.net\/index.php\/wp-json\/wp\/v2\/media?parent=100671"}],"wp:term":[{"taxonomy":"category","embeddable":true,"href":"https:\/\/www.brundisium.net\/index.php\/wp-json\/wp\/v2\/categories?post=100671"},{"taxonomy":"post_tag","embeddable":true,"href":"https:\/\/www.brundisium.net\/index.php\/wp-json\/wp\/v2\/tags?post=100671"}],"curies":[{"name":"wp","href":"https:\/\/api.w.org\/{rel}","templated":true}]}}