{"id":100757,"date":"2017-04-11T15:19:34","date_gmt":"2017-04-11T13:19:34","guid":{"rendered":"http:\/\/www.brundisium.net\/?p=100757"},"modified":"2017-04-11T15:19:34","modified_gmt":"2017-04-11T13:19:34","slug":"venerdi-14-armando-quaranta-presenta-il-film-classe-z-allo-slow-cinema-di-ostuni","status":"publish","type":"post","link":"https:\/\/www.brundisium.net\/index.php\/venerdi-14-armando-quaranta-presenta-il-film-classe-z-allo-slow-cinema-di-ostuni\/","title":{"rendered":"Venerd\u00ec 14 Armando Quaranta presenta il film Classe Z allo Slow Cinema di Ostuni"},"content":{"rendered":"<p>Venerd\u00ec 14 aprile, alle ore 18:30 e alle ore 21:00, l&#8217;attore Armando Quaranta sar\u00e0 ospite dello Slow Cinema Ostuni per presentare la proiezione di  &#8220;Classe Z&#8221;, il nuovo film diretto da Guido Chiesa di cui \u00e8 protagonista.<br \/>\nL&#8217;attore, originario di Ostuni e giovane promessa del Cinema nazionale, incontrer\u00e0 il pubblico per discutere della sua carriera, dell&#8217;esperienza di Classe Z e dei progetti futuri.<br \/>\nIl film rester\u00e0 in sala fino a marted\u00ec 18 aprile.<\/p>\n<p><a href=\"http:\/\/www.brundisium.net\/brun\/wp-content\/uploads\/2017\/04\/armando-quaranta.jpg\"><img loading=\"lazy\" decoding=\"async\" src=\"http:\/\/www.brundisium.net\/brun\/wp-content\/uploads\/2017\/04\/armando-quaranta-300x286.jpg\" alt=\"\" width=\"300\" height=\"286\" class=\"alignright size-medium wp-image-100758\" srcset=\"https:\/\/www.brundisium.net\/brun\/wp-content\/uploads\/2017\/04\/armando-quaranta-300x286.jpg 300w, https:\/\/www.brundisium.net\/brun\/wp-content\/uploads\/2017\/04\/armando-quaranta.jpg 352w\" sizes=\"auto, (max-width: 300px) 100vw, 300px\" \/><\/a><\/p>\n","protected":false},"excerpt":{"rendered":"<p>Venerd\u00ec 14 aprile, alle ore 18:30 e alle ore 21:00, l&#8217;attore Armando Quaranta sar\u00e0 ospite dello Slow Cinema Ostuni per presentare la proiezione di &#8220;Classe Z&#8221;, il nuovo film diretto da Guido Chiesa di cui \u00e8 protagonista. L&#8217;attore, originario di Ostuni e giovane promessa del Cinema nazionale, incontrer\u00e0 il pubblico per discutere della sua carriera, dell&#8217;esperienza di Classe Z e dei progetti futuri. Il film rester\u00e0 in sala fino a marted\u00ec 18 aprile.<\/p>\n","protected":false},"author":2,"featured_media":100759,"comment_status":"open","ping_status":"closed","sticky":false,"template":"","format":"standard","meta":{"footnotes":""},"categories":[700,198],"tags":[3908,3907,3909],"class_list":["post-100757","post","type-post","status-publish","format-standard","has-post-thumbnail","hentry","category-cinema","category-cultura-2","tag-armando-quaranta","tag-classe-z","tag-slow-cinema-ostuni"],"_links":{"self":[{"href":"https:\/\/www.brundisium.net\/index.php\/wp-json\/wp\/v2\/posts\/100757","targetHints":{"allow":["GET"]}}],"collection":[{"href":"https:\/\/www.brundisium.net\/index.php\/wp-json\/wp\/v2\/posts"}],"about":[{"href":"https:\/\/www.brundisium.net\/index.php\/wp-json\/wp\/v2\/types\/post"}],"author":[{"embeddable":true,"href":"https:\/\/www.brundisium.net\/index.php\/wp-json\/wp\/v2\/users\/2"}],"replies":[{"embeddable":true,"href":"https:\/\/www.brundisium.net\/index.php\/wp-json\/wp\/v2\/comments?post=100757"}],"version-history":[{"count":1,"href":"https:\/\/www.brundisium.net\/index.php\/wp-json\/wp\/v2\/posts\/100757\/revisions"}],"predecessor-version":[{"id":100760,"href":"https:\/\/www.brundisium.net\/index.php\/wp-json\/wp\/v2\/posts\/100757\/revisions\/100760"}],"wp:featuredmedia":[{"embeddable":true,"href":"https:\/\/www.brundisium.net\/index.php\/wp-json\/wp\/v2\/media\/100759"}],"wp:attachment":[{"href":"https:\/\/www.brundisium.net\/index.php\/wp-json\/wp\/v2\/media?parent=100757"}],"wp:term":[{"taxonomy":"category","embeddable":true,"href":"https:\/\/www.brundisium.net\/index.php\/wp-json\/wp\/v2\/categories?post=100757"},{"taxonomy":"post_tag","embeddable":true,"href":"https:\/\/www.brundisium.net\/index.php\/wp-json\/wp\/v2\/tags?post=100757"}],"curies":[{"name":"wp","href":"https:\/\/api.w.org\/{rel}","templated":true}]}}