{"id":100853,"date":"2017-04-12T15:32:19","date_gmt":"2017-04-12T13:32:19","guid":{"rendered":"http:\/\/www.brundisium.net\/?p=100853"},"modified":"2017-04-12T15:08:17","modified_gmt":"2017-04-12T13:08:17","slug":"centrale-enel-cerano-romano-e-pendinelli-presentano-una-mozione-fondamentale-tutelare-la-salute-dei-cittadini","status":"publish","type":"post","link":"https:\/\/www.brundisium.net\/index.php\/centrale-enel-cerano-romano-e-pendinelli-presentano-una-mozione-fondamentale-tutelare-la-salute-dei-cittadini\/","title":{"rendered":"Centrale Enel Cerano, Romano e Pendinelli presentano una mozione: \u201cFondamentale tutelare la salute dei cittadini\u201d"},"content":{"rendered":"<p>Occhi puntati sull\u2019ambiente e sulla salute dei cittadini. I consiglieri Pino Romano e Mario Pendinelli hanno presentato una mozione allo scopo di tenere alta l\u2019attenzione nella fase del rinnovo dell\u2019Aia della Centrale Enel di Cerano.<\/p>\n<p>&nbsp;<\/p>\n<p>Domani presso la presidenza del Consiglio dei Ministri \u00e8 atteso il tavolo tecnico che dar\u00e0 il via alla nuova procedura utile al conseguimento o meno dell\u2019Aia, l\u2019autorizzazione integrata ambientale rilasciata alla ENEL Produzione SPA per l&#8217;esercizio della Centrale Termoelettrica Federico II Brindisi Sud.<\/p>\n<p>&nbsp;<\/p>\n<p>La procedura per il rinnovo dell\u2019autorizzazione, passata dal Ministero per l\u2019ambiente alla presidenza del Consiglio dei Ministri, ha gi\u00e0 avuto parere negativo con la richiesta che venisse inserita nell\u2019istruttoria anche la valutazione del danno sanitario derivante dalla presenza della Centrale a carbone nel brindisino.<\/p>\n<p>&nbsp;<\/p>\n<p>In questa fase, secondo Romano e Pendinelli \u201c\u00e8 fondamentale tenere alta la guardia partendo dai dati che sono in nostro possesso\u201d.<\/p>\n<p>&nbsp;<\/p>\n<p>In particolare, la Centrale Termoelettrica Federico II di Brindisi, accreditata per un utilizzo di 4.51Q, tonnellate di carbone l&#8217;anno, \u00e8 una &#8220;industria insalubre di prima classe&#8221; ai sensi del Testo Unico delle Leggi Sanitarie e che l&#8217;Agenzia Europea per l&#8217;Ambiente (EEA) colloca la Centrale Termoelettrica Federico II di Brindisi al 18\u00b0 posto nella triste graduatoria degli impianti fonte di maggior danno ambientale e sanitario in Europa, essendo accredita per emissioni pari a 13.000.000 di tonnellate di CO2 annue e 7300 tonnellate di NOx, 6540 tonnellate di Sox e 743 tonnellate di PM10 (classificate come sostanze cancerogene certe per l&#8217;uomo, Gruppo 1 IARC, International Agency for Cancer Researc), con un costo dei danni ambientali e sanitari stimato nel 2009 tra 536 e 707 milioni di euro (Fonte: EEA Technical Report No. 15\/2011, consultabile al sito http:\/\/www.eea.europa.eu\/publications\/cost-of-air\u00adpollution). Inoltre, uno studio del CNR ha confermato la ricaduta del particolato secondario PM2.5 della Centrale Termoelettrica Federico II di Brindisi su tutto il Salento brindisino e leccese con il potenziale interessamento di un&#8217;area di oltre un milione di abitanti (Mangia C. et al., Secondary Particulate Matter Originating from an Industrial Source and Its Impact on Population Health, Int. .I. Environ. Res. Public Health 2015, 12(7), 7667-7681, accessibile al sito http:\/\/www.mdpi.com\/1660-4601\/12\/7\/7667).<\/p>\n<p>&nbsp;<\/p>\n<p>\u201cInfine \u2013 hanno spiegato Romano e Pendinelli &#8211; la situazione epidemiologica della Regione Puglia ,con particolari criticit\u00e0 che riguardano il Salento, \u00e8 stata acquisite agli atti dalla Commissione Ambiente del Senato della Repubblica nel corso di un&#8217;apposita indagine conoscitiva sull&#8217;impatto della Centrale Termoelettrica Federico II di Brindisi. Alla luce di ci\u00f2, appare del tutto incongruo che nel Verbale della Conferenza dei Servizi del 26\/0\/2016 il Gestore ENEL ritenga di non dover ottemperare alle prescrizioni richiesta dalla Provincia di Brindisi (con Prot. N.31194 del 25\/07\/2016) N.4 (Installazione di Filtri a manica) e N.5 (Aggiornamento dei limiti di emissione dei macroinquinanti) adducendo come motivazione che le suddette prescrizioni della Provincia di Brindisi non trovano riscontro in accertate criticit\u00e0 ambientali&#8221;.<\/p>\n<p>&nbsp;<\/p>\n<p>All&#8217;opposto, l&#8217;esistenza di tali criticit\u00e0, come detto, sono state dimostrate e addirittura quantificate in termini di precisi costi dall&#8217;Agenzia Europea per l&#8217;ambiente (EEA).<\/p>\n<p>&nbsp;<\/p>\n<p>I consiglieri Romano e Pendinelli esprimono piena concordanza con la richiesta formalizzata dal Ministero della Salute (DG Prevenzione Sanitaria Prot. N. 0021642 del 25\/07\/2016) di condizionare il parere favorevole per il rilascio del provvedimento di cui all&#8217;oggetto a una Valutazione dell&#8217;Impatto Sanitario sui lavoratori e sulla popolazione residente.<\/p>\n<p>&nbsp;<\/p>\n<p>Chiedono che sia confermato quanto richiesto dal Servizio Rischi Industriali della Regione Puglia, che &#8211; con una nota del 25 luglio 2016 condizionava il proprio parere favorevole per il rilascio del provvedimento di autorizzazione integrata ambientale sull&#8217;esercizio della Centrale Termoelettrica Federico II di Brindisi (di cui all&#8217;oggetto) alla Valutazione del Danno Sanitario e in particolare con la prescrizione di &#8220;avvio di un nuovo riesame all&#8217;esito di eventuali criticit\u00e0 scaturenti dalla Valutazione del Danno Sanitario condotta ai sensi della L.R. 21\/2012 e del R.R. n. 24\/2012&#8221;.<\/p>\n<p>&nbsp;<\/p>\n<p>A tal proposito la Regione Puglia intende confermare di voler essere parte diligente nel richiedere un nuovo riesame dell&#8217;AIA dell&#8217;impianto di cui all&#8217;oggetto qualora dovessero emergere criticit\u00e0 sanitarie dalla Valutazione dell&#8217;Impatto Sanitario richiesto dal Ministero della Salute.<\/p>\n<p>&nbsp;<\/p>\n<p>Si chiede anche che sia confermata la richiesta di ottemperare a tutte le prescrizioni imposte dalla Provincia di Brindisi e ritenute non accogliibili dal gestore ENEL in merito alla combustione di biomasse (Prescrizione N.1), Campionamento in continuo dei Micro-inquinanti (Prescrizione N.2), Installazione di filtri a manica (Prescrizione N.4), Aggiornamento dei valori limite di emissione (Prescrizione N.5), Misure di Compensazione (Prescrizione N.7), Dismissione dei sistemi di emungimento dalla falda (Prescrizione N.7), Collaborazione ai monitoraggi previsti nell&#8217;ambito del Progetto fonico Salentino della Regione Puglia (Prescrizione N.8).<\/p>\n<p>&nbsp;<\/p>\n<p>\u00e8 necessaria una posizione ferma e chiara per ribadire che non ci possono essere cedimenti culturali su questo fronte. Abbiamo gi\u00e0 pagato abbastanza<\/p>\n<p>&nbsp;<\/p>\n<p>\u201cQuello di domani \u00e8 un tavolo di fondamentale importanza hanno concluso Romano e Pendinelli &#8211; poich\u00e9 \u00e8 quello in cui \u00e8 finalmente possibile discutere di temi attinenti la Salute dei cittadini e non solo delle migliori tecnologie disponibili da applicare. Non si pu\u00f2 giocare su questi temi, \u00e8 necessaria una posizione ferma e chiara senza cedimenti\u201d.<\/p>\n<p>&nbsp;<\/p>\n<p>&nbsp;<\/p>\n<p><em><strong>c.s.<\/strong><\/em><\/p>\n","protected":false},"excerpt":{"rendered":"<p>Occhi puntati sull\u2019ambiente e sulla salute dei cittadini. I consiglieri Pino Romano e Mario Pendinelli hanno presentato una mozione allo scopo di tenere alta l\u2019attenzione nella fase del rinnovo dell\u2019Aia della Centrale Enel di Cerano. &nbsp; Domani presso la presidenza del Consiglio dei Ministri \u00e8 atteso il tavolo tecnico che dar\u00e0 il via alla nuova procedura utile al conseguimento o meno dell\u2019Aia, l\u2019autorizzazione integrata ambientale rilasciata alla ENEL Produzione SPA per l&#8217;esercizio della Centrale Termoelettrica Federico II Brindisi Sud. &nbsp; La procedura per il rinnovo dell\u2019autorizzazione, passata dal Ministero per l\u2019ambiente alla presidenza del Consiglio dei Ministri, ha gi\u00e0 avuto parere negativo con la richiesta che venisse inserita nell\u2019istruttoria anche la valutazione del danno sanitario derivante dalla presenza della Centrale a carbone nel brindisino. &nbsp; In questa fase, secondo Romano e Pendinelli \u201c\u00e8 fondamentale tenere alta la guardia partendo dai dati che sono in nostro possesso\u201d. &nbsp; In particolare, la Centrale Termoelettrica Federico II di Brindisi, accreditata per un utilizzo di 4.51Q, tonnellate di carbone l&#8217;anno, \u00e8 una &#8220;industria insalubre&#8230;<\/p>\n","protected":false},"author":2,"featured_media":5191,"comment_status":"open","ping_status":"closed","sticky":false,"template":"","format":"standard","meta":{"footnotes":""},"categories":[7],"tags":[346,36,491],"class_list":["post-100853","post","type-post","status-publish","format-standard","has-post-thumbnail","hentry","category-news","tag-cerano","tag-enel","tag-romano"],"_links":{"self":[{"href":"https:\/\/www.brundisium.net\/index.php\/wp-json\/wp\/v2\/posts\/100853","targetHints":{"allow":["GET"]}}],"collection":[{"href":"https:\/\/www.brundisium.net\/index.php\/wp-json\/wp\/v2\/posts"}],"about":[{"href":"https:\/\/www.brundisium.net\/index.php\/wp-json\/wp\/v2\/types\/post"}],"author":[{"embeddable":true,"href":"https:\/\/www.brundisium.net\/index.php\/wp-json\/wp\/v2\/users\/2"}],"replies":[{"embeddable":true,"href":"https:\/\/www.brundisium.net\/index.php\/wp-json\/wp\/v2\/comments?post=100853"}],"version-history":[{"count":1,"href":"https:\/\/www.brundisium.net\/index.php\/wp-json\/wp\/v2\/posts\/100853\/revisions"}],"predecessor-version":[{"id":100856,"href":"https:\/\/www.brundisium.net\/index.php\/wp-json\/wp\/v2\/posts\/100853\/revisions\/100856"}],"wp:featuredmedia":[{"embeddable":true,"href":"https:\/\/www.brundisium.net\/index.php\/wp-json\/wp\/v2\/media\/5191"}],"wp:attachment":[{"href":"https:\/\/www.brundisium.net\/index.php\/wp-json\/wp\/v2\/media?parent=100853"}],"wp:term":[{"taxonomy":"category","embeddable":true,"href":"https:\/\/www.brundisium.net\/index.php\/wp-json\/wp\/v2\/categories?post=100853"},{"taxonomy":"post_tag","embeddable":true,"href":"https:\/\/www.brundisium.net\/index.php\/wp-json\/wp\/v2\/tags?post=100853"}],"curies":[{"name":"wp","href":"https:\/\/api.w.org\/{rel}","templated":true}]}}