{"id":100972,"date":"2017-04-13T18:10:27","date_gmt":"2017-04-13T16:10:27","guid":{"rendered":"http:\/\/www.brundisium.net\/?p=100972"},"modified":"2017-04-13T19:01:50","modified_gmt":"2017-04-13T17:01:50","slug":"presentata-la-lista-orlando-per-brindisi","status":"publish","type":"post","link":"https:\/\/www.brundisium.net\/index.php\/presentata-la-lista-orlando-per-brindisi\/","title":{"rendered":"Presentata la lista &#8220;Orlando per Brindisi&#8221;"},"content":{"rendered":"<p>Si \u00e8 svolta questa mattina, presso la Federazione provinciale del PD, la conferenza stampa di presentazione della lista dei candidati all&#8217;Assemblea nazionale a sostegno della candidatura a Segretario nazionale di Andrea Orlando.<\/p>\n<p>&nbsp;<br \/>\nHanno partecipato i candidati: Angelo Melpignano (Ostuni), Isabella Lettori (Brindisi), Francesco Rogoli (Mesagne), Elisabetta Di Brindisi (Francavilla Fontana) e Giampiero Rollo (San Pietro Vernotico) i quali, nell&#8217;intervenire, hanno ciascuno sottolineato i motivi della personale adesione ai contenuti della mozione presentata da Andrea Orlando, a cominciare dalla necessit\u00e0 di ricostruire una comunit\u00e0 politica unita, che torni ad ascoltare le giovani generazioni e la sofferenza con cui tanta parte del paese vive da tempo nel mondo del lavoro, dell&#8217;impresa, delle professioni.<\/p>\n<p>&nbsp;<br \/>\nUna grande forza riformista e popolare, infatti, non pu\u00f2 rinchiudersi in una autosufficienza politica e culturale che rischia di sfociare in arroganza, rinunciando ad un insediamento profondo nel paese e non cogliendo la domanda di equit\u00e0 ed uguaglianza che emerge sempre di pi\u00f9.<\/p>\n<p>&nbsp;<br \/>\n\u00c8 questa la sfida di Andrea Orlando che hanno voluto ricordare durante i loro interventi Mimmo Tardio, Coordinatore provinciale del Comitato &#8220;Brindisi per Orlando&#8221;, e il sen. Salvatore Tomaselli tra i primi sostenitori a livello nazionale della candidatura a Segretario del Ministro della Giustizia.<\/p>\n<p>&nbsp;<br \/>\nIn particolare, sia Tardio che Tomaselli, nel ringraziare i candidati che hanno accettato di &#8220;metterci la faccia&#8221;, hanno espresso la profonda soddisfazione per una lista che &#8220;rappresenta pi\u00f9 di ogni altra, anche a Brindisi, la necessit\u00e0 di rinnovamento e di promozione di nuovi gruppi dirigenti e l&#8217;idea ambiziosa del PD quale sintesi avanzata di varie culture politiche e di varie esperienze professionali, istituzionali e di impegno civico, caratteristiche che i nostri candidati esprimono al meglio e che, siamo certi, i nostri elettori premieranno alle primarie del 30 aprile prossimo&#8221;.<\/p>\n<p>&nbsp;<\/p>\n<p>&nbsp;<\/p>\n<p>Comitato Provinciale &#8220;Brindisi per Orlando&#8221;<\/p>\n","protected":false},"excerpt":{"rendered":"<p>Si \u00e8 svolta questa mattina, presso la Federazione provinciale del PD, la conferenza stampa di presentazione della lista dei candidati all&#8217;Assemblea nazionale a sostegno della candidatura a Segretario nazionale di Andrea Orlando. &nbsp; Hanno partecipato i candidati: Angelo Melpignano (Ostuni), Isabella Lettori (Brindisi), Francesco Rogoli (Mesagne), Elisabetta Di Brindisi (Francavilla Fontana) e Giampiero Rollo (San Pietro Vernotico) i quali, nell&#8217;intervenire, hanno ciascuno sottolineato i motivi della personale adesione ai contenuti della mozione presentata da Andrea Orlando, a cominciare dalla necessit\u00e0 di ricostruire una comunit\u00e0 politica unita, che torni ad ascoltare le giovani generazioni e la sofferenza con cui tanta parte del paese vive da tempo nel mondo del lavoro, dell&#8217;impresa, delle professioni. &nbsp; Una grande forza riformista e popolare, infatti, non pu\u00f2 rinchiudersi in una autosufficienza politica e culturale che rischia di sfociare in arroganza, rinunciando ad un insediamento profondo nel paese e non cogliendo la domanda di equit\u00e0 ed uguaglianza che emerge sempre di pi\u00f9. &nbsp; \u00c8 questa la sfida di Andrea Orlando che hanno voluto ricordare durante i&#8230;<\/p>\n","protected":false},"author":2,"featured_media":100977,"comment_status":"open","ping_status":"closed","sticky":false,"template":"","format":"standard","meta":{"footnotes":""},"categories":[7],"tags":[304,3955],"class_list":["post-100972","post","type-post","status-publish","format-standard","has-post-thumbnail","hentry","category-news","tag-orlando","tag-primarie-pd"],"_links":{"self":[{"href":"https:\/\/www.brundisium.net\/index.php\/wp-json\/wp\/v2\/posts\/100972","targetHints":{"allow":["GET"]}}],"collection":[{"href":"https:\/\/www.brundisium.net\/index.php\/wp-json\/wp\/v2\/posts"}],"about":[{"href":"https:\/\/www.brundisium.net\/index.php\/wp-json\/wp\/v2\/types\/post"}],"author":[{"embeddable":true,"href":"https:\/\/www.brundisium.net\/index.php\/wp-json\/wp\/v2\/users\/2"}],"replies":[{"embeddable":true,"href":"https:\/\/www.brundisium.net\/index.php\/wp-json\/wp\/v2\/comments?post=100972"}],"version-history":[{"count":4,"href":"https:\/\/www.brundisium.net\/index.php\/wp-json\/wp\/v2\/posts\/100972\/revisions"}],"predecessor-version":[{"id":100978,"href":"https:\/\/www.brundisium.net\/index.php\/wp-json\/wp\/v2\/posts\/100972\/revisions\/100978"}],"wp:featuredmedia":[{"embeddable":true,"href":"https:\/\/www.brundisium.net\/index.php\/wp-json\/wp\/v2\/media\/100977"}],"wp:attachment":[{"href":"https:\/\/www.brundisium.net\/index.php\/wp-json\/wp\/v2\/media?parent=100972"}],"wp:term":[{"taxonomy":"category","embeddable":true,"href":"https:\/\/www.brundisium.net\/index.php\/wp-json\/wp\/v2\/categories?post=100972"},{"taxonomy":"post_tag","embeddable":true,"href":"https:\/\/www.brundisium.net\/index.php\/wp-json\/wp\/v2\/tags?post=100972"}],"curies":[{"name":"wp","href":"https:\/\/api.w.org\/{rel}","templated":true}]}}