{"id":100986,"date":"2017-04-14T01:11:18","date_gmt":"2017-04-13T23:11:18","guid":{"rendered":"http:\/\/www.brundisium.net\/?p=100986"},"modified":"2017-04-14T01:11:18","modified_gmt":"2017-04-13T23:11:18","slug":"matteo-farina-ultima-tappa-verso-la-beatificazione-del-19enne-morto-di-tumore","status":"publish","type":"post","link":"https:\/\/www.brundisium.net\/index.php\/matteo-farina-ultima-tappa-verso-la-beatificazione-del-19enne-morto-di-tumore\/","title":{"rendered":"Matteo Farina, ultima tappa verso la beatificazione del 19enne morto di tumore"},"content":{"rendered":"<p>Il 24 Aprile prossimo si chiuder\u00e0 il processo diocesano per la Causa di Beatificazione e Canonizzazione del Servo di Dio Matteo Farina.<\/p>\n<p>La solenne celebrazione, presieduta dall\u2019Arcivescovo di Brindisi Ostuni, S.E. mons. Domenico Caliandro, avr\u00e0 inizio nella Cattedrale di Brindisi alle ore 18.00.<\/p>\n<p>&nbsp;<br \/>\nLa fama di santit\u00e0 che accompagna il giovane di Brindisi, morto a causa di un tumore cerebrale il 24 Aprile di otto anni fa, costituisce un forte richiamo per i fedeli che vorranno partecipare a questa celebrazione che rappresenta una novit\u00e0 per la nostra chiesa locale.<\/p>\n<p>&nbsp;<br \/>\nNel ricordo dei tanti che hanno conosciuto Matteo sono ancora vivi il suo sorriso e la sua forza, sostenuti da una fede granitica, sue sono queste parole: \u201cAbbattersi non giova a nulla, dobbiamo invece essere felici e dare sempre gioia. Pi\u00f9 gioia diamo, pi\u00f9 gli altri sono felici. Pi\u00f9 gli altri sono felici, pi\u00f9 siamo felici noi\u201d .<\/p>\n<p>&nbsp;<br \/>\nLa celebrazione dei vespri preceder\u00e0 la sessione conclusiva che si svolger\u00e0 alla presenza della Postulatrice, dott.ssa Francesca Consolini e dei membri del Tribunale Ecclesiastico.<\/p>\n<p>Saranno posti i sigilli alla documentazione processuale raccolta nei mesi scorsi che successivamente sar\u00e0 consegnata al discernimento della chiesa universale, presso la congregazione dei Santi a Roma.<\/p>\n<p>&nbsp;<\/p>\n<p>L\u2019animazione liturgica sar\u00e0 a cura del coro polifonico di San Leucio.<\/p>\n<p>&nbsp;<\/p>\n<p>Ad accogliere i fedeli, a partire dal punto d\u2019arrivo dei pullman provenienti dall\u2019intera Diocesi, in piazza delle capitanerie, presso i giardinetti del porto, sar\u00e0 predisposto un servizio d\u2019ordine che far\u00e0 da guida lungo il brevissimo tratto che conduce alla Cattedrale.<\/p>\n<p>&nbsp;<\/p>\n<p>Il piazzale antistante il Duomo di Brindisi sar\u00e0 allestito con un maxischermo e posti a sedere, per consentire a tutti i partecipanti di poter seguir il solenne rito che si svolger\u00e0 all\u2019interno della Basilica Cattedrale.<\/p>\n<p>&nbsp;<\/p>\n<p>&nbsp;<\/p>\n<p><em><strong>Associazione Matteo Farina<\/strong><\/em><\/p>\n","protected":false},"excerpt":{"rendered":"<p>Il 24 Aprile prossimo si chiuder\u00e0 il processo diocesano per la Causa di Beatificazione e Canonizzazione del Servo di Dio Matteo Farina. La solenne celebrazione, presieduta dall\u2019Arcivescovo di Brindisi Ostuni, S.E. mons. Domenico Caliandro, avr\u00e0 inizio nella Cattedrale di Brindisi alle ore 18.00. &nbsp; La fama di santit\u00e0 che accompagna il giovane di Brindisi, morto a causa di un tumore cerebrale il 24 Aprile di otto anni fa, costituisce un forte richiamo per i fedeli che vorranno partecipare a questa celebrazione che rappresenta una novit\u00e0 per la nostra chiesa locale. &nbsp; Nel ricordo dei tanti che hanno conosciuto Matteo sono ancora vivi il suo sorriso e la sua forza, sostenuti da una fede granitica, sue sono queste parole: \u201cAbbattersi non giova a nulla, dobbiamo invece essere felici e dare sempre gioia. Pi\u00f9 gioia diamo, pi\u00f9 gli altri sono felici. Pi\u00f9 gli altri sono felici, pi\u00f9 siamo felici noi\u201d . &nbsp; La celebrazione dei vespri preceder\u00e0 la sessione conclusiva che si svolger\u00e0 alla presenza della Postulatrice, dott.ssa Francesca Consolini e dei&#8230;<\/p>\n","protected":false},"author":2,"featured_media":100987,"comment_status":"open","ping_status":"closed","sticky":false,"template":"","format":"standard","meta":{"footnotes":""},"categories":[7],"tags":[3956],"class_list":["post-100986","post","type-post","status-publish","format-standard","has-post-thumbnail","hentry","category-news","tag-matteo-farina"],"_links":{"self":[{"href":"https:\/\/www.brundisium.net\/index.php\/wp-json\/wp\/v2\/posts\/100986","targetHints":{"allow":["GET"]}}],"collection":[{"href":"https:\/\/www.brundisium.net\/index.php\/wp-json\/wp\/v2\/posts"}],"about":[{"href":"https:\/\/www.brundisium.net\/index.php\/wp-json\/wp\/v2\/types\/post"}],"author":[{"embeddable":true,"href":"https:\/\/www.brundisium.net\/index.php\/wp-json\/wp\/v2\/users\/2"}],"replies":[{"embeddable":true,"href":"https:\/\/www.brundisium.net\/index.php\/wp-json\/wp\/v2\/comments?post=100986"}],"version-history":[{"count":1,"href":"https:\/\/www.brundisium.net\/index.php\/wp-json\/wp\/v2\/posts\/100986\/revisions"}],"predecessor-version":[{"id":100988,"href":"https:\/\/www.brundisium.net\/index.php\/wp-json\/wp\/v2\/posts\/100986\/revisions\/100988"}],"wp:featuredmedia":[{"embeddable":true,"href":"https:\/\/www.brundisium.net\/index.php\/wp-json\/wp\/v2\/media\/100987"}],"wp:attachment":[{"href":"https:\/\/www.brundisium.net\/index.php\/wp-json\/wp\/v2\/media?parent=100986"}],"wp:term":[{"taxonomy":"category","embeddable":true,"href":"https:\/\/www.brundisium.net\/index.php\/wp-json\/wp\/v2\/categories?post=100986"},{"taxonomy":"post_tag","embeddable":true,"href":"https:\/\/www.brundisium.net\/index.php\/wp-json\/wp\/v2\/tags?post=100986"}],"curies":[{"name":"wp","href":"https:\/\/api.w.org\/{rel}","templated":true}]}}