{"id":101440,"date":"2017-04-21T12:22:39","date_gmt":"2017-04-21T10:22:39","guid":{"rendered":"http:\/\/www.brundisium.net\/?p=101440"},"modified":"2017-04-26T07:59:50","modified_gmt":"2017-04-26T05:59:50","slug":"25-aprile-cerimonia-commemorativa-del-72-anniversario-della-liberazione","status":"publish","type":"post","link":"https:\/\/www.brundisium.net\/index.php\/25-aprile-cerimonia-commemorativa-del-72-anniversario-della-liberazione\/","title":{"rendered":"Il 25 Aprile si celebra anche a Brindisi il 72\u00b0 Anniversario della Liberazione"},"content":{"rendered":"<p>La cerimonia commemorativa  del 72\u00b0 Anniversario della Liberazione, il 25 Aprile prossimo, sar\u00e0 celebrata,  alla presenza delle Autorit\u00e0 civili e militari, in Piazza Santa Teresa  alle ore 10.30.<br \/>\nNel corso della manifestazione, come di consueto, sar\u00e0 deposta  al Monumento ai Caduti una corona di alloro.<br \/>\nA seguire avr\u00e0 luogo in Piazza Sottile \u2013 De Falco l\u2019omaggio alla memoria  dei Caduti della Resistenza promosso da Comitato Provinciale ANPI.<\/p>\n<p>C.S. PREFETTURA DI BRINDISI<\/p>\n","protected":false},"excerpt":{"rendered":"<p>La cerimonia commemorativa del 72\u00b0 Anniversario della Liberazione, il 25 Aprile prossimo, sar\u00e0 celebrata, alla presenza delle Autorit\u00e0 civili e militari, in Piazza Santa Teresa alle ore 10.30. Nel corso della manifestazione, come di consueto, sar\u00e0 deposta al Monumento ai Caduti una corona di alloro. A seguire avr\u00e0 luogo in Piazza Sottile \u2013 De Falco l\u2019omaggio alla memoria dei Caduti della Resistenza promosso da Comitato Provinciale ANPI. C.S. PREFETTURA DI BRINDISI<\/p>\n","protected":false},"author":2,"featured_media":101464,"comment_status":"open","ping_status":"closed","sticky":false,"template":"","format":"standard","meta":{"footnotes":""},"categories":[7],"tags":[1762,2850,4029,4028],"class_list":["post-101440","post","type-post","status-publish","format-standard","has-post-thumbnail","hentry","category-news","tag-25-aprile","tag-anpi-brindisi","tag-cerimonia","tag-liberazione"],"_links":{"self":[{"href":"https:\/\/www.brundisium.net\/index.php\/wp-json\/wp\/v2\/posts\/101440","targetHints":{"allow":["GET"]}}],"collection":[{"href":"https:\/\/www.brundisium.net\/index.php\/wp-json\/wp\/v2\/posts"}],"about":[{"href":"https:\/\/www.brundisium.net\/index.php\/wp-json\/wp\/v2\/types\/post"}],"author":[{"embeddable":true,"href":"https:\/\/www.brundisium.net\/index.php\/wp-json\/wp\/v2\/users\/2"}],"replies":[{"embeddable":true,"href":"https:\/\/www.brundisium.net\/index.php\/wp-json\/wp\/v2\/comments?post=101440"}],"version-history":[{"count":2,"href":"https:\/\/www.brundisium.net\/index.php\/wp-json\/wp\/v2\/posts\/101440\/revisions"}],"predecessor-version":[{"id":101465,"href":"https:\/\/www.brundisium.net\/index.php\/wp-json\/wp\/v2\/posts\/101440\/revisions\/101465"}],"wp:featuredmedia":[{"embeddable":true,"href":"https:\/\/www.brundisium.net\/index.php\/wp-json\/wp\/v2\/media\/101464"}],"wp:attachment":[{"href":"https:\/\/www.brundisium.net\/index.php\/wp-json\/wp\/v2\/media?parent=101440"}],"wp:term":[{"taxonomy":"category","embeddable":true,"href":"https:\/\/www.brundisium.net\/index.php\/wp-json\/wp\/v2\/categories?post=101440"},{"taxonomy":"post_tag","embeddable":true,"href":"https:\/\/www.brundisium.net\/index.php\/wp-json\/wp\/v2\/tags?post=101440"}],"curies":[{"name":"wp","href":"https:\/\/api.w.org\/{rel}","templated":true}]}}