{"id":101468,"date":"2017-04-21T18:39:18","date_gmt":"2017-04-21T16:39:18","guid":{"rendered":"http:\/\/www.brundisium.net\/?p=101468"},"modified":"2017-04-21T22:16:09","modified_gmt":"2017-04-21T20:16:09","slug":"fasano-diventera-citta-dei-bambini","status":"publish","type":"post","link":"https:\/\/www.brundisium.net\/index.php\/fasano-diventera-citta-dei-bambini\/","title":{"rendered":"Fasano diventer\u00e0 \u201cCitt\u00e0 dei bambini\u201d"},"content":{"rendered":"<p>Non soltanto &#8220;Citt\u00e0 dell&#8217;olio&#8221;, come attualmente \u00e8 riconosciuta Fasano (e come, peraltro, recitano i cartelli agli ingressi principali della citt\u00e0), presto Fasano diventer\u00e0 anche \u201cCitt\u00e0 dei bambini\u201d.<\/p>\n<p>&nbsp;<br \/>\nL\u2019Amministrazione comunale-Zaccaria scommette su questo progetto perch\u00e9 \u00abgovernare un territorio locale a misura di bambino significa creare le basi per lo sviluppo dell\u2019intera comunit\u00e0; quindi un luogo adeguato alle esigenze dei piccoli significa rispondere anche alle esigenze degli adulti \u2013 spiega Annarita Angelini, assessora a Cultura e Mobilit\u00e0 -, tenendo conto che il provvedimento approvato dall\u2019intera giunta comunale mira ad occuparsi di pi\u00f9 aspetti del vivere civile \u2013 sottolinea Angelini \u2013 tra cui la sostenibilit\u00e0 ambientale, la mobilit\u00e0, l\u2019istruzione, l\u2019educazione, la cultura, la socialit\u00e0, l\u2019urbanistica, i lavori pubblici. Progettare il governo del territorio tenendo conto delle esigenze dei piccoli coinvolger\u00e0 tutti i settori della nostra Amministrazione, compreso l\u2019assessorato alle Politiche sociali, giacch\u00e9 la nostra iniziativa \u2013 prosegue l\u2019assessora Angelini \u2013 promuover\u00e0, di fatto, l\u2019adeguamento della Convenzione internazionale sui diritti dell\u2019infanzia a livello locale, dove \u00e8 pi\u00f9 forte l\u2019impatto diretto sulla vita dei piccoli e degli adolescenti\u00bb.<\/p>\n<p>&nbsp;<\/p>\n<p>&nbsp;<\/p>\n<p>Su questo percorso della realizzazione di Fasano come \u201cCitt\u00e0 dei bambini\u201d, l\u2019Amministrazione comunale ha gi\u00e0 cominciato ad incamminarsi \u00abse consideriamo l\u2019istituzione del Consiglio comunale dei ragazzi e delle ragazze, nel quale sono protagonisti proprio i giovanissimi \u2013 afferma Cinzia Caroli, assessora ad Istruzione e Pari opportunit\u00e0 \u2013 e la messa a punto della programmazione relativa alla \u201cSettimana dell\u2019infanzia\u201d che, a partire da questo maggio 2017, si terr\u00e0 ogni anno nello stesso mese. Naturalmente, il progetto complessivo della \u201cCitt\u00e0 dei bambini\u201d coinvolger\u00e0 enti ed associazioni, oltre agli stessi piccoli \u2013 annuncia l\u2019assessora Caroli \u2013 poich\u00e9, per noi, \u00e8 fondamentale la sinergia tra soggetti diversi operanti nel Fasanese finalizzata allo sviluppo dell\u2019intero territorio\u00bb. Si analizzeranno, quindi, alcuni parametri della condizione infantile a Fasano e frazioni, promuovendo iniziative per il benessere fisico ed emozionale, per le relazioni interpersonali, per l\u2019inclusione sociale, per lo sviluppo delle competenze personali, per il benessere materiale (la condizione economica) per l\u2019autodeterminazione (quindi, iniziative atte a sviluppare l\u2019autonomia personale e a costruire obiettivi e valori personali) oltre a monitorare bambini ed adulti su quanto conoscano i diritti dei piccoli sanciti dalla Convenzione internazionale dei diritti dell\u2019infanzia e da tutte le leggi italiane in materia e quanto siano rispettati. \u00abI bambini devono sentirsi protagonisti di s\u00e9 e della citt\u00e0 \u2013 sottolinea Cinzia Caroli \u2013 perch\u00e9 in questo modo possono chiedere agli adulti quei cambiamenti che difficilmente sono disposti a promuovere\u00bb.<\/p>\n<p>&nbsp;<\/p>\n<p>&nbsp;<\/p>\n<p>L\u2019Amministrazione comunale operer\u00e0 per la realizzazione della \u201cCitt\u00e0 dei bambini\u201d su vari fronti, a cominciare dalla prossima redazione del \u00abPiano urbano della mobilit\u00e0 \u2013 dichiara Annarita Angelini -, oltre alla predisposizione di un nuovo Piano urbanistico generale ed alla prossima chiusura permanente al traffico veicolare di via Collodi per consentire la realizzazione del parco-giochi inclusivo nella villa comunale, cos\u00ec come promosso e concordato con la rete associativa \u201cL\u2019Halveare\u201d. Coinvolgeremo nel progetto anche le forze produttive del territorio, artigiani, commercianti, imprenditori, giacch\u00e9 \u2013 argomenta l\u2019assessora Angelini \u2013 una \u201cCitt\u00e0 dei bambini\u201d, nel senso di a misura di bambino, non potrebbe essere realizzata senza la collaborazione di chi produce economia nel nostro territorio\u00bb.<br \/>\nAll&#8217;interno della proposta progettuale, tra gli obiettivi prefissati anche quello di predisporre un Rapporto completo (con acquisizione di dati specifici) sulla condizione dell\u2019infanzia in citt\u00e0 e di calendarizzare iniziative culturali finalizzate ad accrescere la cultura del rispetto dei diritti e della condizione dei minori.<\/p>\n<p>&nbsp;<br \/>\nComune di Fasano<\/p>\n","protected":false},"excerpt":{"rendered":"<p>Non soltanto &#8220;Citt\u00e0 dell&#8217;olio&#8221;, come attualmente \u00e8 riconosciuta Fasano (e come, peraltro, recitano i cartelli agli ingressi principali della citt\u00e0), presto Fasano diventer\u00e0 anche \u201cCitt\u00e0 dei bambini\u201d. &nbsp; L\u2019Amministrazione comunale-Zaccaria scommette su questo progetto perch\u00e9 \u00abgovernare un territorio locale a misura di bambino significa creare le basi per lo sviluppo dell\u2019intera comunit\u00e0; quindi un luogo adeguato alle esigenze dei piccoli significa rispondere anche alle esigenze degli adulti \u2013 spiega Annarita Angelini, assessora a Cultura e Mobilit\u00e0 -, tenendo conto che il provvedimento approvato dall\u2019intera giunta comunale mira ad occuparsi di pi\u00f9 aspetti del vivere civile \u2013 sottolinea Angelini \u2013 tra cui la sostenibilit\u00e0 ambientale, la mobilit\u00e0, l\u2019istruzione, l\u2019educazione, la cultura, la socialit\u00e0, l\u2019urbanistica, i lavori pubblici. Progettare il governo del territorio tenendo conto delle esigenze dei piccoli coinvolger\u00e0 tutti i settori della nostra Amministrazione, compreso l\u2019assessorato alle Politiche sociali, giacch\u00e9 la nostra iniziativa \u2013 prosegue l\u2019assessora Angelini \u2013 promuover\u00e0, di fatto, l\u2019adeguamento della Convenzione internazionale sui diritti dell\u2019infanzia a livello locale, dove \u00e8 pi\u00f9 forte l\u2019impatto diretto sulla vita dei&#8230;<\/p>\n","protected":false},"author":2,"featured_media":77711,"comment_status":"open","ping_status":"closed","sticky":false,"template":"","format":"standard","meta":{"footnotes":""},"categories":[7],"tags":[244],"class_list":["post-101468","post","type-post","status-publish","format-standard","has-post-thumbnail","hentry","category-news","tag-fasano"],"_links":{"self":[{"href":"https:\/\/www.brundisium.net\/index.php\/wp-json\/wp\/v2\/posts\/101468","targetHints":{"allow":["GET"]}}],"collection":[{"href":"https:\/\/www.brundisium.net\/index.php\/wp-json\/wp\/v2\/posts"}],"about":[{"href":"https:\/\/www.brundisium.net\/index.php\/wp-json\/wp\/v2\/types\/post"}],"author":[{"embeddable":true,"href":"https:\/\/www.brundisium.net\/index.php\/wp-json\/wp\/v2\/users\/2"}],"replies":[{"embeddable":true,"href":"https:\/\/www.brundisium.net\/index.php\/wp-json\/wp\/v2\/comments?post=101468"}],"version-history":[{"count":1,"href":"https:\/\/www.brundisium.net\/index.php\/wp-json\/wp\/v2\/posts\/101468\/revisions"}],"predecessor-version":[{"id":101471,"href":"https:\/\/www.brundisium.net\/index.php\/wp-json\/wp\/v2\/posts\/101468\/revisions\/101471"}],"wp:featuredmedia":[{"embeddable":true,"href":"https:\/\/www.brundisium.net\/index.php\/wp-json\/wp\/v2\/media\/77711"}],"wp:attachment":[{"href":"https:\/\/www.brundisium.net\/index.php\/wp-json\/wp\/v2\/media?parent=101468"}],"wp:term":[{"taxonomy":"category","embeddable":true,"href":"https:\/\/www.brundisium.net\/index.php\/wp-json\/wp\/v2\/categories?post=101468"},{"taxonomy":"post_tag","embeddable":true,"href":"https:\/\/www.brundisium.net\/index.php\/wp-json\/wp\/v2\/tags?post=101468"}],"curies":[{"name":"wp","href":"https:\/\/api.w.org\/{rel}","templated":true}]}}