{"id":101747,"date":"2017-04-25T08:30:14","date_gmt":"2017-04-25T06:30:14","guid":{"rendered":"http:\/\/www.brundisium.net\/?p=101747"},"modified":"2017-04-26T13:21:41","modified_gmt":"2017-04-26T11:21:41","slug":"duomo-gremito-per-lultima-tappa-verso-la-beatificazione-di-matteo-farina","status":"publish","type":"post","link":"https:\/\/www.brundisium.net\/index.php\/duomo-gremito-per-lultima-tappa-verso-la-beatificazione-di-matteo-farina\/","title":{"rendered":"Duomo gremito per l&#8217;ultima tappa verso la beatificazione di Matteo Farina"},"content":{"rendered":"<p>Migliaia di persone non hanno voluto perdere a Brindisi la celebrazione eucaristica per la chiusura del processo diocesano per la Causa di Beatificazione e Canonizzazione del Servo di Dio Matteo Farina.<\/p>\n<p>La solenne celebrazione, presieduta dall\u2019Arcivescovo di Brindisi Ostuni, S.E. mons. Domenico Caliandro, ha avuto inizio alle ore 18.00 ma gi\u00e0 diverse ore prima erano gremitissimi sia il Duomo di Brindisi sia la Piazza antistante in cui era stato allestito un maxischermo. <\/p>\n<p>Imponente il servizio d&#8217;ordine che ha accolto senza problemi tutti i fedeli arrivati a Brindisi con ogni mezzo per accompagnare verso la santit\u00e0 il giovane di Brindisi morto a causa di un tumore cerebrale il 24 Aprile di otto anni fa.<\/p>\n<p>La celebrazione dei vespri ha preceduto la sessione conclusiva che si \u00e8 svolta alla presenza della Postulatrice, dott.ssa Francesca Consolini e dei membri del Tribunale Ecclesiastico.<\/p>\n<p>Il momento pi\u00f9 emozionante \u00e8 stato quello dell&#8217;apposizione dei sigilli alla documentazione processuale raccolta nei mesi scorsi che sar\u00e0 consegnata alla congregazione dei Santi a Roma. Sar\u00e0 il Vaticano a decidere sul processo di beatificazione di Matteo.<\/p>\n<p><em>\u201cAbbattersi non giova a nulla, dobbiamo invece essere felici e dare sempre gioia. Pi\u00f9 gioia diamo, pi\u00f9 gli altri sono felici. Pi\u00f9 gli altri sono felici, pi\u00f9 siamo felici noi\u201d .<br \/>\n<\/em><\/p>\n","protected":false},"excerpt":{"rendered":"<p>Migliaia di persone non hanno voluto perdere a Brindisi la celebrazione eucaristica per la chiusura del processo diocesano per la Causa di Beatificazione e Canonizzazione del Servo di Dio Matteo Farina. La solenne celebrazione, presieduta dall\u2019Arcivescovo di Brindisi Ostuni, S.E. mons. Domenico Caliandro, ha avuto inizio alle ore 18.00 ma gi\u00e0 diverse ore prima erano gremitissimi sia il Duomo di Brindisi sia la Piazza antistante in cui era stato allestito un maxischermo. Imponente il servizio d&#8217;ordine che ha accolto senza problemi tutti i fedeli arrivati a Brindisi con ogni mezzo per accompagnare verso la santit\u00e0 il giovane di Brindisi morto a causa di un tumore cerebrale il 24 Aprile di otto anni fa. La celebrazione dei vespri ha preceduto la sessione conclusiva che si \u00e8 svolta alla presenza della Postulatrice, dott.ssa Francesca Consolini e dei membri del Tribunale Ecclesiastico. Il momento pi\u00f9 emozionante \u00e8 stato quello dell&#8217;apposizione dei sigilli alla documentazione processuale raccolta nei mesi scorsi che sar\u00e0 consegnata alla congregazione dei Santi a Roma. Sar\u00e0 il Vaticano a decidere&#8230;<\/p>\n","protected":false},"author":2,"featured_media":101748,"comment_status":"open","ping_status":"closed","sticky":false,"template":"","format":"standard","meta":{"footnotes":""},"categories":[7],"tags":[3956],"class_list":["post-101747","post","type-post","status-publish","format-standard","has-post-thumbnail","hentry","category-news","tag-matteo-farina"],"_links":{"self":[{"href":"https:\/\/www.brundisium.net\/index.php\/wp-json\/wp\/v2\/posts\/101747","targetHints":{"allow":["GET"]}}],"collection":[{"href":"https:\/\/www.brundisium.net\/index.php\/wp-json\/wp\/v2\/posts"}],"about":[{"href":"https:\/\/www.brundisium.net\/index.php\/wp-json\/wp\/v2\/types\/post"}],"author":[{"embeddable":true,"href":"https:\/\/www.brundisium.net\/index.php\/wp-json\/wp\/v2\/users\/2"}],"replies":[{"embeddable":true,"href":"https:\/\/www.brundisium.net\/index.php\/wp-json\/wp\/v2\/comments?post=101747"}],"version-history":[{"count":1,"href":"https:\/\/www.brundisium.net\/index.php\/wp-json\/wp\/v2\/posts\/101747\/revisions"}],"predecessor-version":[{"id":101749,"href":"https:\/\/www.brundisium.net\/index.php\/wp-json\/wp\/v2\/posts\/101747\/revisions\/101749"}],"wp:featuredmedia":[{"embeddable":true,"href":"https:\/\/www.brundisium.net\/index.php\/wp-json\/wp\/v2\/media\/101748"}],"wp:attachment":[{"href":"https:\/\/www.brundisium.net\/index.php\/wp-json\/wp\/v2\/media?parent=101747"}],"wp:term":[{"taxonomy":"category","embeddable":true,"href":"https:\/\/www.brundisium.net\/index.php\/wp-json\/wp\/v2\/categories?post=101747"},{"taxonomy":"post_tag","embeddable":true,"href":"https:\/\/www.brundisium.net\/index.php\/wp-json\/wp\/v2\/tags?post=101747"}],"curies":[{"name":"wp","href":"https:\/\/api.w.org\/{rel}","templated":true}]}}