{"id":101750,"date":"2017-04-25T08:02:36","date_gmt":"2017-04-25T06:02:36","guid":{"rendered":"http:\/\/www.brundisium.net\/?p=101750"},"modified":"2017-04-25T09:11:57","modified_gmt":"2017-04-25T07:11:57","slug":"antonio-dikele-distefano-presenta-chi-sta-male-non-lo-dice-a-la-feltrinelli-di-brindisi","status":"publish","type":"post","link":"https:\/\/www.brundisium.net\/index.php\/antonio-dikele-distefano-presenta-chi-sta-male-non-lo-dice-a-la-feltrinelli-di-brindisi\/","title":{"rendered":"Antonio Dikele Distefano presenta \u201cChi sta male non lo dice\u201d a la Feltrinelli di Brindisi"},"content":{"rendered":"<p>Sar\u00e0 presentato gioved\u00ec 27 aprile, alle ore 19.00, presso la Feltrinelli point Brindisi, in corso Umberto I, 113, il nuovo romanzo di Antonio Dikele Distefano \u201cChi sta male non lo dice\u201d edito da Mondadori.<\/p>\n<p>&nbsp;<br \/>\nBasta avere la pelle un po&#8217; pi\u00f9 scura per essere preso di mira, il taglio degli occhi diverso per sentirsi intruso, un cognome con troppe consonanti per sentirsi gli sguardi addosso. Il romanzo racconta la storia di due ragazzi Yannick e Ifem. Una storia di mancanze, assenze, abbandoni, di come \u00e8 difficile credere nella vita quando questa ti toglie pi\u00f9 di quanto ti d\u00e0. Una storia iniziata in un quartiere dove a cadere a pezzi sono le persone prive di impalcature, schiave delle condizioni economiche al punto di attaccarsi al lavoro rinunciando cos\u00ec alla vita. Dove chi non ci riesce beve fino ad annullarsi e alza le mani sui figli e sulle mogli dietro imposte serrate. Dove la gente sa e non fa nulla. Perch\u00e9 addosso tutti hanno l&#8217;odore dei poveri e le scarpe consumate di chi \u00e8 abituato a frenare in bici coi talloni. Una storia di sogni infranti che i figli ereditano dai genitori, partiti dall&#8217;Africa per l&#8217;Europa, senza sapere che questo paese non \u00e8 pronto ai loro tratti del viso n\u00e9 preparato a sostenere le loro ambizioni.<\/p>\n<p>&nbsp;<br \/>\nIn questa desolazione, Ifem prova a colmare il vuoto che la mangia da dentro con l&#8217;amore. Quello per Yannick. Un ragazzo che sembra inarrestabile. Ma pian piano quell&#8217;amore, come tutto attorno a lei, svanisce. Ne rimane solo un&#8217;ombra sottile nelle linee immaginarie che lei traccia sulle labbra di lui mentre dorme. Uno dei pochi momenti in cui Yannick sembra quieto. Perch\u00e9 a fermare la sua corsa \u00e8 la cocaina. Iniziata per noia, quasi per caso, perch\u00e9 lui \u00e8 cresciuto in un quartiere popolare dove tutti almeno una volta hanno provato, anche i preti. E perch\u00e9 per un attimo la polvere bianca riempie qualsiasi vuoto \u2013 ti fa sentire come avessi dentro tutto il ferro della torre Eiffel \u2013, ma poi si porta via tutto. Chi sta male non lo dice non \u00e8 per\u00f2 solo un pugno nello stomaco, \u00e8 soprattutto la storia di come i fiori spuntano anche nel cemento. Di come c&#8217;\u00e8 sempre un modo per salvarsi, l&#8217;importante \u00e8 non rinunciare, non smettere mai di amare la vita.<\/p>\n<p>&nbsp;<\/p>\n<p>&nbsp;<\/p>\n<p>Antonio Dikele Distefano ha ventiquattro anni e ha origini angolane. Ha pubblicato con Mondadori i romanzi bestseller Fuori piove, dentro pure, passo a prenderti? (2015) e Prima o poi ci abbracceremo (2016).<\/p>\n<p>&nbsp;<\/p>\n<p><em><strong>COMUNICATO STAMPA<\/strong><\/em><\/p>\n","protected":false},"excerpt":{"rendered":"<p>Sar\u00e0 presentato gioved\u00ec 27 aprile, alle ore 19.00, presso la Feltrinelli point Brindisi, in corso Umberto I, 113, il nuovo romanzo di Antonio Dikele Distefano \u201cChi sta male non lo dice\u201d edito da Mondadori. &nbsp; Basta avere la pelle un po&#8217; pi\u00f9 scura per essere preso di mira, il taglio degli occhi diverso per sentirsi intruso, un cognome con troppe consonanti per sentirsi gli sguardi addosso. Il romanzo racconta la storia di due ragazzi Yannick e Ifem. Una storia di mancanze, assenze, abbandoni, di come \u00e8 difficile credere nella vita quando questa ti toglie pi\u00f9 di quanto ti d\u00e0. Una storia iniziata in un quartiere dove a cadere a pezzi sono le persone prive di impalcature, schiave delle condizioni economiche al punto di attaccarsi al lavoro rinunciando cos\u00ec alla vita. Dove chi non ci riesce beve fino ad annullarsi e alza le mani sui figli e sulle mogli dietro imposte serrate. Dove la gente sa e non fa nulla. Perch\u00e9 addosso tutti hanno l&#8217;odore dei poveri e le scarpe consumate&#8230;<\/p>\n","protected":false},"author":2,"featured_media":101751,"comment_status":"open","ping_status":"closed","sticky":false,"template":"","format":"standard","meta":{"footnotes":""},"categories":[7],"tags":[4049],"class_list":["post-101750","post","type-post","status-publish","format-standard","has-post-thumbnail","hentry","category-news","tag-la-feltrinelli"],"_links":{"self":[{"href":"https:\/\/www.brundisium.net\/index.php\/wp-json\/wp\/v2\/posts\/101750","targetHints":{"allow":["GET"]}}],"collection":[{"href":"https:\/\/www.brundisium.net\/index.php\/wp-json\/wp\/v2\/posts"}],"about":[{"href":"https:\/\/www.brundisium.net\/index.php\/wp-json\/wp\/v2\/types\/post"}],"author":[{"embeddable":true,"href":"https:\/\/www.brundisium.net\/index.php\/wp-json\/wp\/v2\/users\/2"}],"replies":[{"embeddable":true,"href":"https:\/\/www.brundisium.net\/index.php\/wp-json\/wp\/v2\/comments?post=101750"}],"version-history":[{"count":1,"href":"https:\/\/www.brundisium.net\/index.php\/wp-json\/wp\/v2\/posts\/101750\/revisions"}],"predecessor-version":[{"id":101752,"href":"https:\/\/www.brundisium.net\/index.php\/wp-json\/wp\/v2\/posts\/101750\/revisions\/101752"}],"wp:featuredmedia":[{"embeddable":true,"href":"https:\/\/www.brundisium.net\/index.php\/wp-json\/wp\/v2\/media\/101751"}],"wp:attachment":[{"href":"https:\/\/www.brundisium.net\/index.php\/wp-json\/wp\/v2\/media?parent=101750"}],"wp:term":[{"taxonomy":"category","embeddable":true,"href":"https:\/\/www.brundisium.net\/index.php\/wp-json\/wp\/v2\/categories?post=101750"},{"taxonomy":"post_tag","embeddable":true,"href":"https:\/\/www.brundisium.net\/index.php\/wp-json\/wp\/v2\/tags?post=101750"}],"curies":[{"name":"wp","href":"https:\/\/api.w.org\/{rel}","templated":true}]}}