{"id":102090,"date":"2017-04-28T18:01:31","date_gmt":"2017-04-28T16:01:31","guid":{"rendered":"http:\/\/www.brundisium.net\/?p=102090"},"modified":"2017-04-28T18:01:06","modified_gmt":"2017-04-28T16:01:06","slug":"il-comune-di-fasano-distribiuisce-kit-gratuiti-per-il-monitoraggio-dei-consumi-elettrici-in-casa-o-nelle-sedi-di-attivita-lavorat","status":"publish","type":"post","link":"https:\/\/www.brundisium.net\/index.php\/il-comune-di-fasano-distribiuisce-kit-gratuiti-per-il-monitoraggio-dei-consumi-elettrici-in-casa-o-nelle-sedi-di-attivita-lavorat\/","title":{"rendered":"Il Comune di Fasano distribiuisce kit gratuiti per il monitoraggio dei consumi elettrici in casa o nelle sedi di attivit\u00e0 lavorat"},"content":{"rendered":"<p>Particolari kit per misurare (e, quindi, tenere sotto controllo) il consumo di energia elettrica in casa o nelle sedi di attivit\u00e0 lavorative potranno essere ritirati gratuitamente nell\u2019androne del Palazzo municipale di Fasano (Br) a partire da marted\u00ec 2 maggio dalle ore 9.30 alle ore 13. Una postazione per il ritiro del dispositivo sar\u00e0, infatti, aperta nei mesi di maggio e giugno, ogni marted\u00ec mattina e nei pomeriggi di ogni gioved\u00ec dalle ore 15.30 alle 18.<\/p>\n<p>\u00abAbbiamo voluto aderire, come Comune, al progetto \u201cPuglia Active Network\u201d \u2013 sottolinea il sindaco Francesco Zaccaria &#8211; che si pone l\u2019obiettivo di usare l\u2019energia in modo intelligente e senza sprechi, attraverso il processo finale di monitoraggio dei propri consumi elettrici. Saremo un Comune smart attento all\u2019ambiente ed al risparmio, e l\u2019iniziativa che parte marted\u00ec \u00e8 solo una delle prime\u00bb.<\/p>\n<p>Il progetto di \u201ce-distribuzione\u201d riviene dall\u2019iniziativa promossa dall\u2019Unione europea e sostenuta dal ministero dell\u2019Ambiente e della Tutela del territorio e del mare e ha l\u2019obiettivo di collegare alcuni piccoli Comuni della Puglia con un sistema elettronico innovativo ed altamente efficiente.<\/p>\n<p>\u00abPartiamo marted\u00ec con questo primo step, alla vigilia del secondo \u2013 afferma Leonardo Deleonardis \u2013 allorquando, entro maggio, Fasano avr\u00e0 quattro colonnine per la ricarica dei veicoli elettrici in punti strategici della citt\u00e0. Anche in questo caso il nostro territorio esprimer\u00e0 un nuovo modello di mobilit\u00e0 ecosostenibile a zero emissioni. Saremo sempre pi\u00f9 \u201csvegli\u201d alle novit\u00e0 di settore\u00bb.<br \/>\nIl kit \u201cSmart Info +\u201d che potr\u00e0 essere ritirato da tutti in modo gratuito a Palazzo di Citt\u00e0, da marted\u00ec 2 maggio, \u00e8 un dispositivo che, associato al contatore elettronico di casa o del posto di lavoro (quindi, anche per le attivit\u00e0 produttive) permetter\u00e0 di consultare ed analizzare comodamente i consumi di energia elettrica permettendo di conoscere meglio le proprie abitudini di consumo e di modificarle per razionalizzare (e, quindi, risparmiare in bolletta) l\u2019utilizzo dell\u2019energia elettrica. kit contiene un dispositivo che va inserito, ogniqualvolta lo si volesse, in una normale presa elettrica per ricevere i dati di consumo del contatore che potranno essere letti su un display touch screen distribuito assieme allo stesso dispositivo. <\/p>\n<p>Dott.ssa Paola Guarini<br \/>\nComune di Fasano<\/p>\n","protected":false},"excerpt":{"rendered":"<p>Particolari kit per misurare (e, quindi, tenere sotto controllo) il consumo di energia elettrica in casa o nelle sedi di attivit\u00e0 lavorative potranno essere ritirati gratuitamente nell\u2019androne del Palazzo municipale di Fasano (Br) a partire da marted\u00ec 2 maggio dalle ore 9.30 alle ore 13. Una postazione per il ritiro del dispositivo sar\u00e0, infatti, aperta nei mesi di maggio e giugno, ogni marted\u00ec mattina e nei pomeriggi di ogni gioved\u00ec dalle ore 15.30 alle 18. \u00abAbbiamo voluto aderire, come Comune, al progetto \u201cPuglia Active Network\u201d \u2013 sottolinea il sindaco Francesco Zaccaria &#8211; che si pone l\u2019obiettivo di usare l\u2019energia in modo intelligente e senza sprechi, attraverso il processo finale di monitoraggio dei propri consumi elettrici. Saremo un Comune smart attento all\u2019ambiente ed al risparmio, e l\u2019iniziativa che parte marted\u00ec \u00e8 solo una delle prime\u00bb. Il progetto di \u201ce-distribuzione\u201d riviene dall\u2019iniziativa promossa dall\u2019Unione europea e sostenuta dal ministero dell\u2019Ambiente e della Tutela del territorio e del mare e ha l\u2019obiettivo di collegare alcuni piccoli Comuni della Puglia con un sistema elettronico&#8230;<\/p>\n","protected":false},"author":2,"featured_media":102092,"comment_status":"open","ping_status":"closed","sticky":false,"template":"","format":"standard","meta":{"footnotes":""},"categories":[7],"tags":[244],"class_list":["post-102090","post","type-post","status-publish","format-standard","has-post-thumbnail","hentry","category-news","tag-fasano"],"_links":{"self":[{"href":"https:\/\/www.brundisium.net\/index.php\/wp-json\/wp\/v2\/posts\/102090","targetHints":{"allow":["GET"]}}],"collection":[{"href":"https:\/\/www.brundisium.net\/index.php\/wp-json\/wp\/v2\/posts"}],"about":[{"href":"https:\/\/www.brundisium.net\/index.php\/wp-json\/wp\/v2\/types\/post"}],"author":[{"embeddable":true,"href":"https:\/\/www.brundisium.net\/index.php\/wp-json\/wp\/v2\/users\/2"}],"replies":[{"embeddable":true,"href":"https:\/\/www.brundisium.net\/index.php\/wp-json\/wp\/v2\/comments?post=102090"}],"version-history":[{"count":1,"href":"https:\/\/www.brundisium.net\/index.php\/wp-json\/wp\/v2\/posts\/102090\/revisions"}],"predecessor-version":[{"id":102094,"href":"https:\/\/www.brundisium.net\/index.php\/wp-json\/wp\/v2\/posts\/102090\/revisions\/102094"}],"wp:featuredmedia":[{"embeddable":true,"href":"https:\/\/www.brundisium.net\/index.php\/wp-json\/wp\/v2\/media\/102092"}],"wp:attachment":[{"href":"https:\/\/www.brundisium.net\/index.php\/wp-json\/wp\/v2\/media?parent=102090"}],"wp:term":[{"taxonomy":"category","embeddable":true,"href":"https:\/\/www.brundisium.net\/index.php\/wp-json\/wp\/v2\/categories?post=102090"},{"taxonomy":"post_tag","embeddable":true,"href":"https:\/\/www.brundisium.net\/index.php\/wp-json\/wp\/v2\/tags?post=102090"}],"curies":[{"name":"wp","href":"https:\/\/api.w.org\/{rel}","templated":true}]}}