{"id":102247,"date":"2017-04-30T11:08:09","date_gmt":"2017-04-30T09:08:09","guid":{"rendered":"http:\/\/www.brundisium.net\/?p=102247"},"modified":"2017-04-30T15:43:54","modified_gmt":"2017-04-30T13:43:54","slug":"brindisi-tanta-gente-in-fila-per-le-primarie-pd","status":"publish","type":"post","link":"https:\/\/www.brundisium.net\/index.php\/brindisi-tanta-gente-in-fila-per-le-primarie-pd\/","title":{"rendered":"Brindisi, tanta gente in fila per le primarie Pd"},"content":{"rendered":"<p><a href=\"http:\/\/www.brundisium.net\/brun\/wp-content\/uploads\/2017\/04\/primarie-pd-2017.jpg\"><img loading=\"lazy\" decoding=\"async\" class=\"alignright size-medium wp-image-102250\" src=\"http:\/\/www.brundisium.net\/brun\/wp-content\/uploads\/2017\/04\/primarie-pd-2017-300x193.jpg\" alt=\"\" width=\"300\" height=\"193\" srcset=\"https:\/\/www.brundisium.net\/brun\/wp-content\/uploads\/2017\/04\/primarie-pd-2017-300x193.jpg 300w, https:\/\/www.brundisium.net\/brun\/wp-content\/uploads\/2017\/04\/primarie-pd-2017-768x494.jpg 768w, https:\/\/www.brundisium.net\/brun\/wp-content\/uploads\/2017\/04\/primarie-pd-2017-1024x659.jpg 1024w, https:\/\/www.brundisium.net\/brun\/wp-content\/uploads\/2017\/04\/primarie-pd-2017.jpg 1179w\" sizes=\"auto, (max-width: 300px) 100vw, 300px\" \/><\/a>Seggio preso d&#8217;assalto a Brindisi per le primarie del Partito Democratico.<\/p>\n<p>Sin dalla apertura delle operazioni di voto si \u00e8 registrata una grande partecipazione popolare nel Salone Mario Marino Guadalupi del Comune di Brindisi.<\/p>\n<p>&nbsp;<\/p>\n<p>&nbsp;<\/p>\n<p>Il pienone \u00e8 attestato dalla lunghe code davanti alle urne.<br \/>\nUna partecipazione che si annuncia da record anche e soprattutto tra i non iscritti del Partito Democratico.<\/p>\n<p>Intorno alle ore 10.30 la\u00a0coda dei votanti, oltre che nel salone di rappresentanza, si dipanava per tutte le scale con numerose persone che, armate di pazienza, attendevano il proprio turno per registrarsi e votare.<\/p>\n<p>La lunghezza della fila \u00e8 dovuta anche all&#8217;esigenza di dover essere\u00a0costretti\u00a0predisporre un solo registro con l&#8217;ordine alfabetico dei\u00a0votanti,\u00a0onde evitare l&#8217;eventualit\u00e0 di un doppio voto.<\/p>\n<p>&nbsp;<\/p>\n<p><a href=\"http:\/\/www.brundisium.net\/brun\/wp-content\/uploads\/2017\/04\/gente-fila-pd.jpg\"><img loading=\"lazy\" decoding=\"async\" class=\"size-medium wp-image-102248 alignleft\" src=\"http:\/\/www.brundisium.net\/brun\/wp-content\/uploads\/2017\/04\/gente-fila-pd-300x209.jpg\" alt=\"\" width=\"300\" height=\"209\" srcset=\"https:\/\/www.brundisium.net\/brun\/wp-content\/uploads\/2017\/04\/gente-fila-pd-300x209.jpg 300w, https:\/\/www.brundisium.net\/brun\/wp-content\/uploads\/2017\/04\/gente-fila-pd-768x535.jpg 768w, https:\/\/www.brundisium.net\/brun\/wp-content\/uploads\/2017\/04\/gente-fila-pd-1024x714.jpg 1024w\" sizes=\"auto, (max-width: 300px) 100vw, 300px\" \/><\/a>Le file ai seggi non si sono verificate soltanto nel comune capoluogo ma la stessa segnalazione arriva da altri comuni del brindisino.<\/p>\n<p>&nbsp;<\/p>\n<p>In attesa della prima rilevazione ufficiale del partito, che arriver\u00e0 intorno all\u2019ora di pranzo, si parla gi\u00e0 di una altissima. Bisogna vedere se si tratta di un trend costante oppure se la maggior parte dei votanti si \u00e8 gi\u00e0 &#8220;sfogata&#8221; in mattinata.<\/p>\n<p>&nbsp;<\/p>\n<p>Si vota fino alle 20.00.<br \/>\nnbsp;<\/p>\n<p>I candidati alla carica di Segretario Nazionale sono: Andrea Orlando, Michele Emiliano e Matteo Renzi.<\/p>\n<p>&nbsp;<\/p>\n<p>A tutti i cittadini e le cittadine che abbiano intenzione di partecipare al voto delle primarie del Partito Democratico che \u00e8 importante recarsi al seggio con la propria carta d&#8217;identit\u00e0, la tessera elettorale e almeno 2 euro di contributo (Se non iscritti al PD).<\/p>\n<p>&nbsp;<\/p>\n<p>Verranno considerati elettori ed elettrici, secondo l&#8217;art. 2 dello Statuto del Partito Democratico, tutti quei cittadini italiani, o dell&#8217;Unione Europea o di altri paesi con regolare permesso di soggiorno, che dichiarino di riconoscersi nella proposta politica del Partito Democratico, di sostenerlo alle elezioni e accettino di essere registrati nell&#8217;albo pubblico delle elettrici ed elettori PD.<\/p>\n<p>&nbsp;<\/p>\n<p><a href=\"http:\/\/www.brundisium.net\/brun\/wp-content\/uploads\/2017\/04\/I-3-Candidati.jpg\"><img loading=\"lazy\" decoding=\"async\" class=\"size-medium wp-image-102170 alignleft\" src=\"http:\/\/www.brundisium.net\/brun\/wp-content\/uploads\/2017\/04\/I-3-Candidati-300x252.jpg\" alt=\"\" width=\"300\" height=\"252\" srcset=\"https:\/\/www.brundisium.net\/brun\/wp-content\/uploads\/2017\/04\/I-3-Candidati-300x252.jpg 300w, https:\/\/www.brundisium.net\/brun\/wp-content\/uploads\/2017\/04\/I-3-Candidati.jpg 720w\" sizes=\"auto, (max-width: 300px) 100vw, 300px\" \/><\/a>Secondo l&#8217;art.9 sono escluse dalla registrazione all&#8217;anagrafe degli iscritti e nell&#8217;albo degli elettori le persone appartenenti ad altri movimenti politici o iscritti ad altri partiti politici o aderenti, all&#8217;interno delle Assemblee elettive, a gruppi consiliari diversi da quello del Partito Democratico.<\/p>\n<p>&nbsp;<\/p>\n<p>Malgrado questo, fuori dai seggi \u00e8 stata notata la presenza di diversi consiglieri, anche ex PD, che siedono nel Consiglio Comunale di Brindisi in gruppi che sostengono la maggioranza della Carluccio.<\/p>\n","protected":false},"excerpt":{"rendered":"<p>Seggio preso d&#8217;assalto a Brindisi per le primarie del Partito Democratico. Sin dalla apertura delle operazioni di voto si \u00e8 registrata una grande partecipazione popolare nel Salone Mario Marino Guadalupi del Comune di Brindisi. &nbsp; &nbsp; Il pienone \u00e8 attestato dalla lunghe code davanti alle urne. Una partecipazione che si annuncia da record anche e soprattutto tra i non iscritti del Partito Democratico. Intorno alle ore 10.30 la\u00a0coda dei votanti, oltre che nel salone di rappresentanza, si dipanava per tutte le scale con numerose persone che, armate di pazienza, attendevano il proprio turno per registrarsi e votare. La lunghezza della fila \u00e8 dovuta anche all&#8217;esigenza di dover essere\u00a0costretti\u00a0predisporre un solo registro con l&#8217;ordine alfabetico dei\u00a0votanti,\u00a0onde evitare l&#8217;eventualit\u00e0 di un doppio voto. &nbsp; Le file ai seggi non si sono verificate soltanto nel comune capoluogo ma la stessa segnalazione arriva da altri comuni del brindisino. &nbsp; In attesa della prima rilevazione ufficiale del partito, che arriver\u00e0 intorno all\u2019ora di pranzo, si parla gi\u00e0 di una altissima. Bisogna vedere se si tratta&#8230;<\/p>\n","protected":false},"author":2,"featured_media":102249,"comment_status":"open","ping_status":"closed","sticky":false,"template":"","format":"standard","meta":{"footnotes":""},"categories":[7],"tags":[3955],"class_list":["post-102247","post","type-post","status-publish","format-standard","has-post-thumbnail","hentry","category-news","tag-primarie-pd"],"_links":{"self":[{"href":"https:\/\/www.brundisium.net\/index.php\/wp-json\/wp\/v2\/posts\/102247","targetHints":{"allow":["GET"]}}],"collection":[{"href":"https:\/\/www.brundisium.net\/index.php\/wp-json\/wp\/v2\/posts"}],"about":[{"href":"https:\/\/www.brundisium.net\/index.php\/wp-json\/wp\/v2\/types\/post"}],"author":[{"embeddable":true,"href":"https:\/\/www.brundisium.net\/index.php\/wp-json\/wp\/v2\/users\/2"}],"replies":[{"embeddable":true,"href":"https:\/\/www.brundisium.net\/index.php\/wp-json\/wp\/v2\/comments?post=102247"}],"version-history":[{"count":5,"href":"https:\/\/www.brundisium.net\/index.php\/wp-json\/wp\/v2\/posts\/102247\/revisions"}],"predecessor-version":[{"id":102256,"href":"https:\/\/www.brundisium.net\/index.php\/wp-json\/wp\/v2\/posts\/102247\/revisions\/102256"}],"wp:featuredmedia":[{"embeddable":true,"href":"https:\/\/www.brundisium.net\/index.php\/wp-json\/wp\/v2\/media\/102249"}],"wp:attachment":[{"href":"https:\/\/www.brundisium.net\/index.php\/wp-json\/wp\/v2\/media?parent=102247"}],"wp:term":[{"taxonomy":"category","embeddable":true,"href":"https:\/\/www.brundisium.net\/index.php\/wp-json\/wp\/v2\/categories?post=102247"},{"taxonomy":"post_tag","embeddable":true,"href":"https:\/\/www.brundisium.net\/index.php\/wp-json\/wp\/v2\/tags?post=102247"}],"curies":[{"name":"wp","href":"https:\/\/api.w.org\/{rel}","templated":true}]}}