{"id":102343,"date":"2017-05-02T11:25:25","date_gmt":"2017-05-02T09:25:25","guid":{"rendered":"http:\/\/www.brundisium.net\/?p=102343"},"modified":"2017-05-02T11:46:03","modified_gmt":"2017-05-02T09:46:03","slug":"primarie-inquinate-a-mesagne-laccusa-del-pd-art-1-mdp-ha-fatto-votare-emiliano-dagli-iscritti-valutazione-negativa-sul-presidente-della-regione","status":"publish","type":"post","link":"https:\/\/www.brundisium.net\/index.php\/primarie-inquinate-a-mesagne-laccusa-del-pd-art-1-mdp-ha-fatto-votare-emiliano-dagli-iscritti-valutazione-negativa-sul-presidente-della-regione\/","title":{"rendered":"Primarie inquinate a Mesagne, l&#8217;accusa del PD: &#8220;Art. 1 MDP ha fatto votare Emiliano, dagli iscritti valutazione negativa sul Presidente della Regione&#8221;"},"content":{"rendered":"<p>Il Partito Democratico di Mesagne, all\u2019esito delle primarie che si sono svolte la scorsa domenica, ringrazia gli elettori e le elettrici che liberamente e senza condizionamenti di ogni sorta hanno partecipato alla consultazione per eleggere il segretario nazionale del PD.<\/p>\n<p>&nbsp;<br \/>\nL\u2019affluenza, 1335 i cittadini che si sono recati nel seggio, ha registrato un aumento rispetto alle primarie del 2013, tale fenomeno \u00e8 da attribuire al tentativo di forze esterne ed estranee al PD locale e nazionale che hanno tentato di condizionare, se non \u201cinquinare\u201d, il confronto democratico aperto ad elettori e simpatizzanti del partito.<\/p>\n<p>&nbsp;<br \/>\nLa partecipazione di quattro assessori in carica, rappresentanti istituzionali espressione della maggioranza avversa al partito democratico , certifica l\u2019indegno comportamento di quanti volevano dimostrare, delegittimandolo, l\u2019irrilevanza del gruppo dirigente locale del PD e saldare il debito di riconoscenza con il Presidente Emiliano che risale alle scorse elezioni amministrative.<\/p>\n<p>&nbsp;<br \/>\nNella consultazione tra gli iscritti, infatti, la mozione Emiliano aveva raccolto solo 3 voti a differenza delle altre due mozioni, quella di Renzi e quella di Orlando, che avevano ottenuto rispettivamente 75 e 76 voti. Alle primarie i voti alle per le liste di Renzi e di Orlando sono stati 373 e 347, con un rapporto costante di circa cinque elettori per ogni iscritto, mentre vi \u00e8 una evidente sproporzione tra i tre voti conseguiti dalla mozione di Emiliano nella consultazione interna e i 569 voti raccolti dalla stessa mozione alle primarie.<\/p>\n<p>&nbsp;<br \/>\nNel voto tra gli iscritti ha prevalso senz\u2019altro una valutazione negativa sul gi\u00e0 segretario regionale Emiliano che da segretario e candidato presidente della regione contribu\u00ec significativamente ad isolare il suo stesso partito costruendo rapporti privilegiati con il deputato Matarrelli e l\u2019attuale consigliere regionale Vizzino (eletto nella lista \u201cEmiliano Sindaco di Puglia\u201d), oggi appartenenti ad \u201cArt. 1 MDP\u201d, i quali organizzarono una coalizione piuttosto variegata contro il PD.<\/p>\n<p>&nbsp;<\/p>\n<p>Alla prima occasione utile gli uomini del Presidente non hanno fatto mancare il loro sostegno invitando i loro elettori a \u201cturarsi il naso\u201d e ad entrare nella sede del PD per sostenere Emiliano nella corsa alla segreteria nazionale.<\/p>\n<p>E\u2019 stata evidente, e per certi aspetti inquietante, la mobilitazione di tutta la maggioranza che regge le sorti dell\u2019Amministrazione comunale; vere e proprie truppe quelle organizzate per l\u2019assalto al PD locale con tanto di \u201cpostazioni\u201d in prossimit\u00e0 del seggio per marcare ed evidenziare la propria presenza.<\/p>\n<p>&nbsp;<br \/>\nCerto non mancherebbero le domande per quegli assessori che ossequiosamente si sono recati al seggio per votare. Gli stessi, infatti, pur essendo protagonisti di una esperienza amministrativa rispetto alla quale il PD \u00e8 collocato all\u2019opposizione, hanno sottoscritto un documento nel quale si dichiarano elettori e sostenitori del partito democratico.<\/p>\n<p>&nbsp;<\/p>\n<p>Ci\u00f2 \u00e8 avvenuto nonostante gli inviti dei nostri dirigenti a rivedere le loro intenzioni e a non votare, diritto che non avrebbero avuto stando al dettato dell\u2019art. 2 del nostro statuto il quale \u00e8 suscettibile di diversa interpretazione a detta degli assessori dimentichi che dove non arrivano gli statuti dovrebbe arrivare il pudore e il rispetto per se stessi prima che per una comunit\u00e0 politica quale \u00e8 il PD.<\/p>\n<p>Cosa dovrebbero fare ora questi assessori? Restare al loro posto ed entrare nel partito democratico rappresentando la mozione per la quale hanno votato, e chiedere, quindi, l\u2019ingresso in maggioranza del PD?<\/p>\n<p>Oppure, come forse sarebbe pi\u00f9 dignitoso fare, dimettersi in virt\u00f9 di questa dichiarazione di sostegno al PD e fare opposizione a questa Amministrazione? E il Sindaco Molfetta cosa pensa di questo comportamento dei suoi assessori e dei suoi alleati?<br \/>\nSe la politica ha ancora determinate categorie, oltre che un\u2019etica e una morale, a queste nostre domande qualcuno dovrebbe dare una risposta, diversamente si dovr\u00e0 prendere atto, e non sarebbe la prima volta purtroppo, che nella nostra citt\u00e0 la politica, proprio da chi \u00e8 impegnato nelle istituzioni a tutti i livelli, \u00e8 ridotta a mercimonio e volgare utilizzo del potere senza avere, peraltro, il coraggio di assumersi la responsabilit\u00e0 delle proprie azioni.<\/p>\n<p>&nbsp;<br \/>\nIntanto, e concludiamo, il tentativo di delegittimare dall\u2019esterno il gruppo dirigente del PD \u00e8 stato rispedito al mittente in quanto l\u2019apporto di coloro che si riconoscono autenticamente nel PD, se si considerano i voti delle liste di Renzi e di Orlando e di quanti fuori da ogni condizionamento e da elettori del PD hanno ritenuto di scegliere Emiliano, \u00e8 risultato nettamente maggioritario rispetto al voto esterno ed estraneo al nostro partito<\/p>\n<p>&nbsp;<\/p>\n<p>&nbsp;<\/p>\n<p><em><strong>Partito Democratico \u2013 circolo di Mesagne.<\/strong><\/em><\/p>\n","protected":false},"excerpt":{"rendered":"<p>Il Partito Democratico di Mesagne, all\u2019esito delle primarie che si sono svolte la scorsa domenica, ringrazia gli elettori e le elettrici che liberamente e senza condizionamenti di ogni sorta hanno partecipato alla consultazione per eleggere il segretario nazionale del PD. &nbsp; L\u2019affluenza, 1335 i cittadini che si sono recati nel seggio, ha registrato un aumento rispetto alle primarie del 2013, tale fenomeno \u00e8 da attribuire al tentativo di forze esterne ed estranee al PD locale e nazionale che hanno tentato di condizionare, se non \u201cinquinare\u201d, il confronto democratico aperto ad elettori e simpatizzanti del partito. &nbsp; La partecipazione di quattro assessori in carica, rappresentanti istituzionali espressione della maggioranza avversa al partito democratico , certifica l\u2019indegno comportamento di quanti volevano dimostrare, delegittimandolo, l\u2019irrilevanza del gruppo dirigente locale del PD e saldare il debito di riconoscenza con il Presidente Emiliano che risale alle scorse elezioni amministrative. &nbsp; Nella consultazione tra gli iscritti, infatti, la mozione Emiliano aveva raccolto solo 3 voti a differenza delle altre due mozioni, quella di Renzi e quella&#8230;<\/p>\n","protected":false},"author":2,"featured_media":101745,"comment_status":"open","ping_status":"closed","sticky":false,"template":"","format":"standard","meta":{"footnotes":""},"categories":[7],"tags":[210,3955],"class_list":["post-102343","post","type-post","status-publish","format-standard","has-post-thumbnail","hentry","category-news","tag-mesagne","tag-primarie-pd"],"_links":{"self":[{"href":"https:\/\/www.brundisium.net\/index.php\/wp-json\/wp\/v2\/posts\/102343","targetHints":{"allow":["GET"]}}],"collection":[{"href":"https:\/\/www.brundisium.net\/index.php\/wp-json\/wp\/v2\/posts"}],"about":[{"href":"https:\/\/www.brundisium.net\/index.php\/wp-json\/wp\/v2\/types\/post"}],"author":[{"embeddable":true,"href":"https:\/\/www.brundisium.net\/index.php\/wp-json\/wp\/v2\/users\/2"}],"replies":[{"embeddable":true,"href":"https:\/\/www.brundisium.net\/index.php\/wp-json\/wp\/v2\/comments?post=102343"}],"version-history":[{"count":1,"href":"https:\/\/www.brundisium.net\/index.php\/wp-json\/wp\/v2\/posts\/102343\/revisions"}],"predecessor-version":[{"id":102344,"href":"https:\/\/www.brundisium.net\/index.php\/wp-json\/wp\/v2\/posts\/102343\/revisions\/102344"}],"wp:featuredmedia":[{"embeddable":true,"href":"https:\/\/www.brundisium.net\/index.php\/wp-json\/wp\/v2\/media\/101745"}],"wp:attachment":[{"href":"https:\/\/www.brundisium.net\/index.php\/wp-json\/wp\/v2\/media?parent=102343"}],"wp:term":[{"taxonomy":"category","embeddable":true,"href":"https:\/\/www.brundisium.net\/index.php\/wp-json\/wp\/v2\/categories?post=102343"},{"taxonomy":"post_tag","embeddable":true,"href":"https:\/\/www.brundisium.net\/index.php\/wp-json\/wp\/v2\/tags?post=102343"}],"curies":[{"name":"wp","href":"https:\/\/api.w.org\/{rel}","templated":true}]}}