{"id":102415,"date":"2017-05-03T09:47:24","date_gmt":"2017-05-03T07:47:24","guid":{"rendered":"http:\/\/www.brundisium.net\/?p=102415"},"modified":"2017-05-03T09:47:24","modified_gmt":"2017-05-03T07:47:24","slug":"questione-energetica-e-ambientale-noi-centro-bpt-a2a-deve-smantellare-due-gruppi-e-mantenere-gli-altri-gruppi-per-il-turbo-gas","status":"publish","type":"post","link":"https:\/\/www.brundisium.net\/index.php\/questione-energetica-e-ambientale-noi-centro-bpt-a2a-deve-smantellare-due-gruppi-e-mantenere-gli-altri-gruppi-per-il-turbo-gas\/","title":{"rendered":"Questione energetica e ambientale, Noi Centro-Bpt: &#8220;A2A deve smantellare due gruppi e mantenere gli altri gruppi per il turbo gas&#8221;"},"content":{"rendered":"<p>Comunicato Stampa<\/p>\n<p>Si \u00e8 riunita l\u2019assemblea generale della citt\u00e0 di Brindisi dei movimenti \u201cBRINDISI PRIMA DI TUTTO e NOI CENTRO, con i rispettivi dirigenti, consiglieri Comunali ed Assessori, alla presenza di Marcello ROLLO e Toni MUCCIO, per discutere della Questione Energetica ed Ambientale riguardante il territorio cittadino.<\/p>\n<p>Nel ribadire il pieno appoggio alla posizione istituzionale avuto dal Sindaco di Brindisi sulla vicenda della Centrale Brindisi Sud, e\u2019 stato chiesto alla stessa di mantenere la posizione, in presenza anche del prossimo incontro presso i Ministeri competenti, alfine di tutelare e salvaguardare il territorio dagli aspetti sanitari, ambientali ed occupazionali che riguardano la presenza sul nostro territorio di Enel SPA.<\/p>\n<p>&nbsp;<\/p>\n<p>&nbsp;<\/p>\n<p>L\u2019Amministrazione Comunale, secondo i due movimenti, deve continuare a chiedere l\u2019applicazione della normativa che chi inquina paga i danni verificatisi sul territorio, chiedendo di mettere in campo tutte le energie e gli sforzi per identificare i colpevoli e per migliorare la qualit\u00e0 dell\u2019ambiente, con l\u2019applicazione delle pi\u00f9 innovative tecniche di abbattimento dei rischi derivanti da attivit\u00e0 industriali. Tra le tante problematiche sollevate, i movimenti hanno analizzato in modo approfondito la questione riguardante l\u2019investimento della societ\u00e0 \u201cA2A\u201d nell\u2019area del ex centrale Brindisi Nord, nel ribadire la posizione contraria alla costruzione di un impianto di compostaggio da 70ml tonnellate,nel sito dell\u2019ex Centrale Brindisi Nord,i movimenti ritengono che la volont\u00e0 di investimento della societ\u00e0 sul nostro territorio pu\u00f2 rappresentare un momento importante per la ricaduta di nuove occupazioni,mantenimento delle vecchie maestranze Enel,ma soprattutto puo\u2019 contribuire a chiudere un ciclo dei rifiuti importantissimo per la citt\u00e0 di Brindisi. Pertanto, nessun problema se l\u2019aspetto logistico verra\u2019 individuato all\u2019interno dell\u2019Area industriale ed in particolare nelle aree adiacenti il Polo chimico.<\/p>\n<p>&nbsp;<\/p>\n<p>Tale posizione nasce da un atteggiamento coerente alle linee programmatiche presentate alla citt\u00e0 nell\u2019ultima tornata elettorale ed alle posizioni di diniego espresse per la costruzione nello stesso sito di un inceneritore di CSS. Oltre ad aver condiviso in toto il documento programmatico presentato dall\u2019 ora Sindaco Domenico Mennitti che individuava quell\u2019area come attivit\u00e0 portuale e retro portuale, confermata dalla scorsa amministrazione Consales. Fermo restando gli impegni sottoscritti dalla societ\u00e0 \u201cA2A\u201d che deve smantellare due gruppi e mantenere gli altri gruppi per il turbo gas, prevedendo tutte le opere di disinquinamento necessarie.<\/p>\n<p>&nbsp;<\/p>\n<p>Se la societ\u00e0 ha deciso di spostare il suo core business dal gas ai rifiuti non pu\u00f2 utilizzare quell\u2019area. Mentre avrebbe tutta la disponibilit\u00e0, fatto salvo tutti i criteri di salvaguardia ambientale, se venisse identificata una zona diversa, all\u2019interno del perimetro industriale.<\/p>\n<p>La storia dell\u2019ex centrale Enel Nord in questa citt\u00e0 \u00e8 stata molto travagliata, fatta di colpi di scena, inadempienze contrattuali, di danni ambientali, di crisi occupazionali, dalle quali nessuno pu\u00f2 sfuggire dalle sue responsabilit\u00e0, neanche chi oggi sbandierando ai quattro venti la propria politica ambientale di salvaguardia del territorio, era presente nel Governo D\u2019Alema con due Ministri e due sottosegretari e contribuii, come i Movimento dei Verdi, in maniera decisiva ad approvare il decreto Salva Centrali, che ha permesso rispetto alla vecchia convenzione che ne prevedeva la totale eliminazione, con il collocamento delle Maestranze nella Centrale Brindisi Nord o comunque a carico dell\u2019Enel Spa, la sua permanenza sul territorio.<\/p>\n<p>&nbsp;<\/p>\n<p>&nbsp;<\/p>\n<p>Noi Centro-Brindisi Prima di Tutto<\/p>\n<p>Con preghiera di pubblicazione<\/p>\n","protected":false},"excerpt":{"rendered":"<p>Comunicato Stampa Si \u00e8 riunita l\u2019assemblea generale della citt\u00e0 di Brindisi dei movimenti \u201cBRINDISI PRIMA DI TUTTO e NOI CENTRO, con i rispettivi dirigenti, consiglieri Comunali ed Assessori, alla presenza di Marcello ROLLO e Toni MUCCIO, per discutere della Questione Energetica ed Ambientale riguardante il territorio cittadino. Nel ribadire il pieno appoggio alla posizione istituzionale avuto dal Sindaco di Brindisi sulla vicenda della Centrale Brindisi Sud, e\u2019 stato chiesto alla stessa di mantenere la posizione, in presenza anche del prossimo incontro presso i Ministeri competenti, alfine di tutelare e salvaguardare il territorio dagli aspetti sanitari, ambientali ed occupazionali che riguardano la presenza sul nostro territorio di Enel SPA. &nbsp; &nbsp; L\u2019Amministrazione Comunale, secondo i due movimenti, deve continuare a chiedere l\u2019applicazione della normativa che chi inquina paga i danni verificatisi sul territorio, chiedendo di mettere in campo tutte le energie e gli sforzi per identificare i colpevoli e per migliorare la qualit\u00e0 dell\u2019ambiente, con l\u2019applicazione delle pi\u00f9 innovative tecniche di abbattimento dei rischi derivanti da attivit\u00e0 industriali. Tra le tante&#8230;<\/p>\n","protected":false},"author":2,"featured_media":40043,"comment_status":"open","ping_status":"closed","sticky":false,"template":"","format":"standard","meta":{"footnotes":""},"categories":[7],"tags":[1804,538],"class_list":["post-102415","post","type-post","status-publish","format-standard","has-post-thumbnail","hentry","category-news","tag-a2a-edipower","tag-brindisi-nord"],"_links":{"self":[{"href":"https:\/\/www.brundisium.net\/index.php\/wp-json\/wp\/v2\/posts\/102415","targetHints":{"allow":["GET"]}}],"collection":[{"href":"https:\/\/www.brundisium.net\/index.php\/wp-json\/wp\/v2\/posts"}],"about":[{"href":"https:\/\/www.brundisium.net\/index.php\/wp-json\/wp\/v2\/types\/post"}],"author":[{"embeddable":true,"href":"https:\/\/www.brundisium.net\/index.php\/wp-json\/wp\/v2\/users\/2"}],"replies":[{"embeddable":true,"href":"https:\/\/www.brundisium.net\/index.php\/wp-json\/wp\/v2\/comments?post=102415"}],"version-history":[{"count":1,"href":"https:\/\/www.brundisium.net\/index.php\/wp-json\/wp\/v2\/posts\/102415\/revisions"}],"predecessor-version":[{"id":102416,"href":"https:\/\/www.brundisium.net\/index.php\/wp-json\/wp\/v2\/posts\/102415\/revisions\/102416"}],"wp:featuredmedia":[{"embeddable":true,"href":"https:\/\/www.brundisium.net\/index.php\/wp-json\/wp\/v2\/media\/40043"}],"wp:attachment":[{"href":"https:\/\/www.brundisium.net\/index.php\/wp-json\/wp\/v2\/media?parent=102415"}],"wp:term":[{"taxonomy":"category","embeddable":true,"href":"https:\/\/www.brundisium.net\/index.php\/wp-json\/wp\/v2\/categories?post=102415"},{"taxonomy":"post_tag","embeddable":true,"href":"https:\/\/www.brundisium.net\/index.php\/wp-json\/wp\/v2\/tags?post=102415"}],"curies":[{"name":"wp","href":"https:\/\/api.w.org\/{rel}","templated":true}]}}