{"id":103087,"date":"2017-05-09T13:56:53","date_gmt":"2017-05-09T11:56:53","guid":{"rendered":"http:\/\/www.brundisium.net\/?p=103087"},"modified":"2017-05-09T19:20:02","modified_gmt":"2017-05-09T17:20:02","slug":"un-bando-pubblico-per-la-gestione-dellimmobile-della-nuova-piazza-in-cui-sorge-lo-skate-park","status":"publish","type":"post","link":"https:\/\/www.brundisium.net\/index.php\/un-bando-pubblico-per-la-gestione-dellimmobile-della-nuova-piazza-in-cui-sorge-lo-skate-park\/","title":{"rendered":"Un bando pubblico per la gestione dell&#8217;immobile della nuova piazza in cui sorge lo Skate Park"},"content":{"rendered":"<p>La gestione del verde pubblico e del patrimonio immobiliare nel nostro Comune sono temi che periodicamente ritornano centrali nel dibattito politico e tra i cittadini francavillesi che giustamente li ritengono una priorit\u00e0.<br \/>\nSe da un lato l\u2019Amministrazione comunale continua a tagliare la voce di spesa in bilancio destinata al verde pubblico, determinando cos\u00ec un inevitabile peggioramento della gestione corrente, dall\u2019altro non \u00e8 ipotizzabile che il problema si risolva affidandosi esclusivamente alla buona volont\u00e0 di alcuni operosi cittadini.<\/p>\n<p>&nbsp;<br \/>\nIn merito al patrimonio immobiliare comunale la situazione non \u00e8 migliore visto che, ad un anno dalla bocciatura della nostra mozione che chiedeva il censimento dei beni immobili di propriet\u00e0 del Comune, tutto rimane ancora poco trasparente.<\/p>\n<p>&nbsp;<br \/>\nNei giorni scorsi il dibattito si \u00e8 focalizzato sulla situazione specifica del quartiere San Lorenzo in cui versano in uno stato di incuria alcune delle aree sorte grazie ad un progetto di \u201cRigenerazione Urbana\u201d, rimasto per certi versi incompiuto.<\/p>\n<p>&nbsp;<br \/>\nTra queste il caso pi\u00f9 eclatante \u00e8 quello della nuova piazza in cui sorge lo Skate Park.<\/p>\n<p>&nbsp;<br \/>\nNell\u2019anonima piazza, ancora sconosciuta alla toponomastica francavillese, sebbene sempre pi\u00f9 frequentata da famiglie, ragazzi e ragazze, \u00e8 presente un immobile che nonostante la \u201cgiovane et\u00e0\u201d ha assunto gi\u00e0 le sembianze di un rudere: proprio quell\u2019immobile che nell\u2019originario progetto doveva svolgere un ruolo centrale per la riqualificazione del quartiere e che grazie alla sua destinazione commerciale avrebbe potuto innescare meccanismi di rigenerazione.<\/p>\n<p>&nbsp;<br \/>\nIndire un bando pubblico per assegnare i suddetti locali ci appare l\u2019unica via da seguire per garantire la valorizzazione e la tutela di quei luoghi, prevedendo un\u2019agevolazione del canone di locazione in cambio della manutenzione costante del verde della piazza.<\/p>\n<p>&nbsp;<br \/>\nInoltre, il bando dovrebbe prevedere che nell\u2019offerta di gestione sia inclusa anche una proposta di attivit\u00e0 ludiche e culturali rivolte all\u2019intera citt\u00e0.<br \/>\nCos\u00ec facendo la piazza, il quartiere e l\u2019intera citt\u00e0 ne trarrebbero un indubbio beneficio.<\/p>\n<p>&nbsp;<\/p>\n<p>Partito della Rifondazione Comunista<br \/>\nCircolo \u201cChe Guevara\u201d &#8211; Francavilla Fontana<\/p>\n","protected":false},"excerpt":{"rendered":"<p>La gestione del verde pubblico e del patrimonio immobiliare nel nostro Comune sono temi che periodicamente ritornano centrali nel dibattito politico e tra i cittadini francavillesi che giustamente li ritengono una priorit\u00e0. Se da un lato l\u2019Amministrazione comunale continua a tagliare la voce di spesa in bilancio destinata al verde pubblico, determinando cos\u00ec un inevitabile peggioramento della gestione corrente, dall\u2019altro non \u00e8 ipotizzabile che il problema si risolva affidandosi esclusivamente alla buona volont\u00e0 di alcuni operosi cittadini. &nbsp; In merito al patrimonio immobiliare comunale la situazione non \u00e8 migliore visto che, ad un anno dalla bocciatura della nostra mozione che chiedeva il censimento dei beni immobili di propriet\u00e0 del Comune, tutto rimane ancora poco trasparente. &nbsp; Nei giorni scorsi il dibattito si \u00e8 focalizzato sulla situazione specifica del quartiere San Lorenzo in cui versano in uno stato di incuria alcune delle aree sorte grazie ad un progetto di \u201cRigenerazione Urbana\u201d, rimasto per certi versi incompiuto. &nbsp; Tra queste il caso pi\u00f9 eclatante \u00e8 quello della nuova piazza in cui sorge&#8230;<\/p>\n","protected":false},"author":2,"featured_media":103088,"comment_status":"open","ping_status":"closed","sticky":false,"template":"","format":"standard","meta":{"footnotes":""},"categories":[7],"tags":[27],"class_list":["post-103087","post","type-post","status-publish","format-standard","has-post-thumbnail","hentry","category-news","tag-francavilla"],"_links":{"self":[{"href":"https:\/\/www.brundisium.net\/index.php\/wp-json\/wp\/v2\/posts\/103087","targetHints":{"allow":["GET"]}}],"collection":[{"href":"https:\/\/www.brundisium.net\/index.php\/wp-json\/wp\/v2\/posts"}],"about":[{"href":"https:\/\/www.brundisium.net\/index.php\/wp-json\/wp\/v2\/types\/post"}],"author":[{"embeddable":true,"href":"https:\/\/www.brundisium.net\/index.php\/wp-json\/wp\/v2\/users\/2"}],"replies":[{"embeddable":true,"href":"https:\/\/www.brundisium.net\/index.php\/wp-json\/wp\/v2\/comments?post=103087"}],"version-history":[{"count":1,"href":"https:\/\/www.brundisium.net\/index.php\/wp-json\/wp\/v2\/posts\/103087\/revisions"}],"predecessor-version":[{"id":103089,"href":"https:\/\/www.brundisium.net\/index.php\/wp-json\/wp\/v2\/posts\/103087\/revisions\/103089"}],"wp:featuredmedia":[{"embeddable":true,"href":"https:\/\/www.brundisium.net\/index.php\/wp-json\/wp\/v2\/media\/103088"}],"wp:attachment":[{"href":"https:\/\/www.brundisium.net\/index.php\/wp-json\/wp\/v2\/media?parent=103087"}],"wp:term":[{"taxonomy":"category","embeddable":true,"href":"https:\/\/www.brundisium.net\/index.php\/wp-json\/wp\/v2\/categories?post=103087"},{"taxonomy":"post_tag","embeddable":true,"href":"https:\/\/www.brundisium.net\/index.php\/wp-json\/wp\/v2\/tags?post=103087"}],"curies":[{"name":"wp","href":"https:\/\/api.w.org\/{rel}","templated":true}]}}