{"id":103182,"date":"2017-05-10T15:03:41","date_gmt":"2017-05-10T13:03:41","guid":{"rendered":"http:\/\/www.brundisium.net\/?p=103182"},"modified":"2017-05-10T15:19:50","modified_gmt":"2017-05-10T13:19:50","slug":"immobile-a-selva-di-fasano-gara-per-ristrutturazione-e-gestione-di-attivita-a-fini-commerciali-entro-l8-giugno","status":"publish","type":"post","link":"https:\/\/www.brundisium.net\/index.php\/immobile-a-selva-di-fasano-gara-per-ristrutturazione-e-gestione-di-attivita-a-fini-commerciali-entro-l8-giugno\/","title":{"rendered":"Immobile a Selva di Fasano: gara per ristrutturazione e gestione di attivit\u00e0 a fini commerciali entro l\u20198 giugno"},"content":{"rendered":"<p>Il Comune di Fasano ha emesso un bando per affidare la gestione novennale (rinnovabile alla scadenza) e contestuale ristrutturazione, dell\u2019immobile ubicato a Selva di Fasano in viale del Leccio retrostante la Casina municipale ed il Palazzo dei congressi. Per partecipare a questo bando, gli interessati (persone fisiche o semplici societ\u00e0) che abbiano almeno un\u2019esperienza di cinque anni nell\u2019ambito delle attivit\u00e0 di somministrazione di alimenti e bevande, devono presentare la loro offerta entro l\u20198 giugno; considerando che il canone annuo di locazione posto a base di gara \u00e8 di 2500 euro.<\/p>\n<p>\u00abL\u2019iniziativa rientra nell\u2019ottica dell\u2019Amministrazione comunale di recuperare e valorizzare il patrimonio pubblico \u2013 afferma il sindaco Francesco Zaccaria \u2013 per restituirlo alla collettivit\u00e0. In particolare, l\u2019immobile di viale del Leccio fa il paio con la gara in corso per la gestione di Casina e Palazzo dei congressi, nella prospettiva del rilancio della Selva di Fasano al quale stiamo lavorando con convinzione, mettendo anche a punto una programmazione culturale in sinergia con enti ed associazioni\u00bb.<\/p>\n<p>Il bando si riferisce non solo alla gestione della struttura di viale del Leccio ma anche alla sua ristrutturazione, i cui costi, a carico dell\u2019aggiudicatario, sono stati stimati dall\u2019Ufficio tecnico comunale in 17.906,20 euro che verranno scomputati dal canone annuo di locazione.<\/p>\n<p>\u00abLa struttura potr\u00e0 diventare, ne siamo certi, punto di riferimento anche per turisti e vacanzieri che vorranno gustare le nostre specialit\u00e0 gastronomiche \u2013 sostiene Leonardo Deleonardis, assessore comunale al Patrimonio \u2013 considerato che la destinazione dell\u2019immobile \u00e8 ad attivit\u00e0 commerciale, preferibilmente relativa alla produzione e vendita di prodotti e piatti tipici, promovendo cos\u00ec il settore agroalimentare locale di qualit\u00e0\u00bb. L\u2019immobile ha una superfice interna netta di 30,76 mq, oltre ad 8,89 mq di bagni e si sviluppa in due grandi vani al piano terra con quattro bagni con accesso indipendente dall\u2019esterno, pi\u00f9 una scala interna che conduce ad una stanza al piano interrato. Inoltre, gode di uno spazio esterno di circa 160 mq che potr\u00e0 essere utilizzato dall\u2019aggiudicatario a suo piacimento.<\/p>\n<p>Gli interessati dovranno presentare, oltre all\u2019offerta economica, quella tecnica e progettuale nella quale indicare gli aspetti dell\u2019attivit\u00e0 che si intendono svolgere ed un programma gestionale di massima con l\u2019ipotesi di eventi rappresentativi dell\u2019azienda aggiudicataria per la promozione dei prodotti tipici locali. In ogni caso, tutte le opere di ristrutturazione dovranno essere realizzate entro 12 mesi dall\u2019aggiudicazione, e preventivamente autorizzate dal Comune che li acquisir\u00e0 al patrimonio dell\u2019Ente senza rimborsi, con esclusione degli arredi e dei corpi illuminanti.<\/p>\n<p>Info per sopralluogo al numero 080.4394310, mentre per la consultazione del bando www.comune.fasano.br.it<\/p>\n<p>C.S CITTA&#8217; DI FASANO<\/p>\n","protected":false},"excerpt":{"rendered":"<p>Il Comune di Fasano ha emesso un bando per affidare la gestione novennale (rinnovabile alla scadenza) e contestuale ristrutturazione, dell\u2019immobile ubicato a Selva di Fasano in viale del Leccio retrostante la Casina municipale ed il Palazzo dei congressi. Per partecipare a questo bando, gli interessati (persone fisiche o semplici societ\u00e0) che abbiano almeno un\u2019esperienza di cinque anni nell\u2019ambito delle attivit\u00e0 di somministrazione di alimenti e bevande, devono presentare la loro offerta entro l\u20198 giugno; considerando che il canone annuo di locazione posto a base di gara \u00e8 di 2500 euro. \u00abL\u2019iniziativa rientra nell\u2019ottica dell\u2019Amministrazione comunale di recuperare e valorizzare il patrimonio pubblico \u2013 afferma il sindaco Francesco Zaccaria \u2013 per restituirlo alla collettivit\u00e0. In particolare, l\u2019immobile di viale del Leccio fa il paio con la gara in corso per la gestione di Casina e Palazzo dei congressi, nella prospettiva del rilancio della Selva di Fasano al quale stiamo lavorando con convinzione, mettendo anche a punto una programmazione culturale in sinergia con enti ed associazioni\u00bb. Il bando si riferisce non solo&#8230;<\/p>\n","protected":false},"author":2,"featured_media":103164,"comment_status":"open","ping_status":"closed","sticky":false,"template":"","format":"standard","meta":{"footnotes":""},"categories":[7],"tags":[4177,4176,244],"class_list":["post-103182","post","type-post","status-publish","format-standard","has-post-thumbnail","hentry","category-news","tag-8-giugno","tag-bando-gestione-immobile-selva-di-fasano","tag-fasano"],"_links":{"self":[{"href":"https:\/\/www.brundisium.net\/index.php\/wp-json\/wp\/v2\/posts\/103182","targetHints":{"allow":["GET"]}}],"collection":[{"href":"https:\/\/www.brundisium.net\/index.php\/wp-json\/wp\/v2\/posts"}],"about":[{"href":"https:\/\/www.brundisium.net\/index.php\/wp-json\/wp\/v2\/types\/post"}],"author":[{"embeddable":true,"href":"https:\/\/www.brundisium.net\/index.php\/wp-json\/wp\/v2\/users\/2"}],"replies":[{"embeddable":true,"href":"https:\/\/www.brundisium.net\/index.php\/wp-json\/wp\/v2\/comments?post=103182"}],"version-history":[{"count":1,"href":"https:\/\/www.brundisium.net\/index.php\/wp-json\/wp\/v2\/posts\/103182\/revisions"}],"predecessor-version":[{"id":103186,"href":"https:\/\/www.brundisium.net\/index.php\/wp-json\/wp\/v2\/posts\/103182\/revisions\/103186"}],"wp:featuredmedia":[{"embeddable":true,"href":"https:\/\/www.brundisium.net\/index.php\/wp-json\/wp\/v2\/media\/103164"}],"wp:attachment":[{"href":"https:\/\/www.brundisium.net\/index.php\/wp-json\/wp\/v2\/media?parent=103182"}],"wp:term":[{"taxonomy":"category","embeddable":true,"href":"https:\/\/www.brundisium.net\/index.php\/wp-json\/wp\/v2\/categories?post=103182"},{"taxonomy":"post_tag","embeddable":true,"href":"https:\/\/www.brundisium.net\/index.php\/wp-json\/wp\/v2\/tags?post=103182"}],"curies":[{"name":"wp","href":"https:\/\/api.w.org\/{rel}","templated":true}]}}