{"id":103253,"date":"2017-05-11T11:04:06","date_gmt":"2017-05-11T09:04:06","guid":{"rendered":"http:\/\/www.brundisium.net\/?p=103253"},"modified":"2017-05-11T09:27:42","modified_gmt":"2017-05-11T07:27:42","slug":"al-teatro-sociale-suggestivo-concerto-del-quartetto-diatchenko-papa-delloglio-leonardi","status":"publish","type":"post","link":"https:\/\/www.brundisium.net\/index.php\/al-teatro-sociale-suggestivo-concerto-del-quartetto-diatchenko-papa-delloglio-leonardi\/","title":{"rendered":"Al Teatro Sociale suggestivo concerto del quartetto Diatchenko, Papa, Dell\u2019Oglio, Leonardi"},"content":{"rendered":"<p>Il quartetto composto da Masha Diatchenko (violino), Leonardo Papa (viola), Eduardo Dell\u2019Oglio (violoncello), Francesca Leonardi (pianoforte) si esibir\u00e0 marted\u00ec 16 maggio al teatro Sociale alle ore 20.30. Si tratta dell\u2019ultimo concerto della stagione 2016-2017 dell\u2019\u201dAccademia dei Cameristi\u201d patrocinata dal ministero per i Beni e le attivit\u00e0 culturali, dalla Regione Puglia e dal Comune di Fasano.<\/p>\n<p>L\u2019ensemble proporr\u00e0, nella prima parte, musiche di Giardini (\u201cQuartetto in si bem. magg. op.21 n.2\u201d) e Beethoven (\u201cQuartetto in mi bem. magg. WoO 36 n.1\u201d) mentre, nella seconda, proporr\u00e0 musiche di Dvo\u0159\u00e1k (\u201cQuartetto in re magg. op.23\u201d).<\/p>\n<p>Info 347.7712034. Costo del biglietto: intero 5 euro; giovani fino a 26 anni 3 euro.<\/p>\n<p>Masha Diatchenko \u00c8 nata nel 1994 a Roma. Figlia d\u2019arte di settima generazione ha intrapreso gli studi di violino e pianoforte all\u2019et\u00e0 di quattro anni, sotto la guida del padre M\u00b0 Sergej Diatchenko. Ha riscosso il primo grande successo all\u2019et\u00e0 di cinque anni, esibendosi come pianista nel recital del M\u00b0 Ennio Morricone nell\u2019Aula Magna dell\u2019universit\u00e0 \u201cLa Sapienza\u201d di Roma. Da quella data ha avuto inizio la sua carriera di musicista che \u00e8 andata progressivamente orientandosi sul violino. Le sue doti trovano conferma nella partecipazione a numerosi concorsi nazionali ed internazionali: tra i tanti riconoscimenti riceve il Primo Premio e menzione di merito speciale alla Rassegna Nazionale di Vittorio Veneto. A soli 12 anni si \u00e8 diplomata al Conservatorio Statale di Genova con 10 e lode e menzione d\u2019onore sotto la guida del M\u00b0 M. Coco. Per il particolare riconoscimento artistico le \u00e8 stato consegnato dalla Confederazione dei Cavalieri Crociati il Premio di San Ginesio 2004 e il premio \u201cUniglobus\u201d 2005, nonch\u00e9 i premi \u201cCisterna d\u2019Argento\u201d 2005 e 2007, \u201cG. Pressenda\u201d 2007 ed il premio internazionale \u201cFoyer des Artistes\u201d 2010. Frequenta diverse masterclasses di alto perfezionamento (Vienna con Zahar Bron, Salzburg con Lewis Kaplan, New York con Lewis Faberman). Ha tenuto diverse audizioni con importantissimi personaggi del mondo della musica classica come i Maestri M. Rostropovic e Z. Mehta. Abitualmente fa parte di diversi Festival Internazionali tra i quali \u201cLes Sommets du Classique\u201d di Crans-Montana (Svizzera), \u201cUto Ughi per Roma\u201d, \u201cI Talenti del III millennio\u201d (Ucraina). Si esibisce con il pianista Massimo Spada con il quale forma un duo stabile ormai da otto anni. Attualmente suona due diversi strumenti: il violino della famiglia Guarneri e il violino \u201cGilberto Losi 2003\u201d, creato appositamente per lei e recante una dedica del Maestro liutaio.<\/p>\n<p>Leonardo Papa Diplomatosi con lode al conservatorio \u201cG. B. Martini\u201d di Bologna, ha iniziato gli studi musicali all\u2019et\u00e0 di sette anni nella Scuola di musica di Fiesole sotto la guida di C. Giallombardo e, in seguito, con A. Farulli. Ha studiato poi nella prestigiosa scuola superiore di musica \u201cReina Sofia\u201d di Madrid con D. Poppen, seguito anche da J. Brown, violista del Quartetto Casals. Durante tale corso di studi \u00e8 stato premiato dalla Regina di Spagna. Importanti nella sua formazione sono state anche masterclasses con N. Imai, T. Riebl, H. Schlichtig e F. Schwartz. Premiato in diversi concorsi nazionali ed internazionali, ha vinto il 1\u00b0 premio al concorso \u201cNuovi orizzonti\u201d di Arezzo e il 1\u00b0 premio alla \u201cRassegna nazionale d\u2019archi M. Benvenuti\u201d di Vittorio Veneto. A parte diverse esperienze come solista, fin dai primi anni di studio ha intrapreso un\u2019intensa attivit\u00e0 cameristica seguendo masterclasses con A. Bonduriansky, M. Gulyas, Xenia Ensemble, H. Maguire, Trio Altenberg, D. Rossi, E. Dindo, A. Lucchesini, ed in particolare nell\u2019ambito dei quartetti d\u2019archi con Quartetto di Cremona, Quartetto Prometeo, Quartetto di Torino. Ha partecipato come membro del Quartetto Leonardo ai corsi dell\u2019Accademia Europea del Quartetto (ECMA) tenuti da A. Farulli, A. Nannoni, J. Meissl (Quartetto Artis); proprio con quest\u2019ultima formazione \u00e8 risultato 1\u00b0 premio assoluto, con premio del pubblico, al concorso di musica da camera \u201cG. Rospigliosi\u201d. Ha inoltre suonato in formazioni cameristiche con musicisti quali C. Martinez-Mehner, A. Lucchesini, M. Brunello, M. Rizzi, G. Pretto, G. Mirabassi. In ambito orchestrale \u00e8 stato membro di istituzioni quali l\u2019Orchestra V. Galilei (in ruolo di prima viola), l\u2019Orchestra Giovanile L. Cherubini, l\u2019Accademia dell\u2019Orchestra Mozart (in ruolo di prima viola), la Gustav Mahler Jugend Orchester (in qualit\u00e0 di riserva) e l\u2019Orchestra Mozart, suonando con direttori come C. Abbado, R. Muti, D. Matheuz, P. E\u00f6tv\u00f6s e solisti quali S. Accardo, E. Bronzi, S. Krylov, G. Carmignola, A. Schiff. Attualmente sta seguendo un master nella \u201cHochschule f\u00fcr Musik\u201d di Detmold sotto la guida di D. Poppen ed \u00e9 accademista della \u201cNordwestdeutsche Philarmonie\u201d.<\/p>\n<p>Eduardo Dell\u2019Oglio Nato a Torino nel 1990, ha iniziato lo studio del violoncello all\u2019et\u00e0 di 4 anni, sotto la guida di Antonio Mosca nel \u201cSuzuki Talent Center\u201d di Torino ed ha poi proseguito gli studi con Dario Destefano nel conservatorio \u201cGiuseppe Verdi\u201d della sua citt\u00e0 dove, nel 2010, si \u00e8 diplomato con il massimo dei voti e lode. Nel 2012 ha conseguito il Master-Diplom al Conservatorio della Svizzera Italiana sotto la guida di Johannes Goritzki e attualmente si sta perfezionando con Enrico Dindo alla \u201cPavia Cello Accademy\u201d, seguendo inoltre le masterclasses di Asier Polo e Gustav Rivinius. \u00c8 risultato vincitore di numerosi premi, tra cui \u201cCaffa-Righetti\u201d a Cortemilia, \u201cGeminiani\u201d di Verona e \u201cMario Benvenuti\u201d a Vittorio Veneto, e borse di studio, tra cui \u201cDesono\u201d, \u201cLions Teatro Regio Torino\u201d quale migliore allievo del Conservatorio della sua citt\u00e0, e \u201cMIUR-AFAM\u201d dal Ministero italiano, avendo ottenuto il posto di Primo Violoncello alle selezioni nazionali per l\u2019Orchestra Nazionale dei Conservatori d\u2019Italia. Nel 2011 ottiene il titolo di \u201cMigliore Diplomato d\u2019Italia\u201d alla Rassegna Nazionale di Castrocaro, successo che lo porta a esibirsi da solo e in duo con il pianista Federico Tibone per numerosi Enti e ad incidere un cd per la rivista musicale italiana \u201cSuonare News\u201d. Si \u00e8 esibito in tutta Italia e in numerosi Paesi europei. Ha suonato in formazioni di musica da camera al fianco di artisti del calibro di Boris Garlitski, Wolfram Christ, Bruno Giuranna, Kolja Blacher e Andrea Lucchesini. Nel 2009 debutta con l\u2019Orchestra Sinfonica Nazionale della RAI all\u2019Auditorium Toscanini di Torino, dove ha eseguito il \u201cConcerto in Do Maggiore\u201d di Haydn sotto la direzione di Enrico Dindo.<\/p>\n<p>Francesca Leonardi \u201c\u00c8 una pianista assolutamente fantastica; unisce ad una musicalit\u00e0 pura ed affascinante una tecnica irreprensibile\u201d, cos\u00ec scrive di lei il famoso violinista Salvatore Accardo. \u00c8 uscito nel 2014 il suo cd di debutto per Deutsche Grammophon con le \u201cSonate per violino e pianoforte di Beethoven\u201d al fianco della violinista Francesca Dego con cui collabora regolarmente da dieci anni. Nata a Milano nel 1984, ha iniziato lo studio del pianoforte all\u2019et\u00e0 di 3 anni sotto la guida di Graziella Bianchi per poi proseguire con Paolo Bordoni al conservatorio \u201cG. Verdi\u201d di Milano, dove si \u00e8 diplomata in Pianoforte con 10 e lode e menzione d\u2019onore e Musica vocale da camera, sempre con il massimo dei voti e la lode. Si \u00e8 inoltre perfezionata all\u2019Accademia Musicale di Pescara, all\u2019Accademia Musicale Chigiana di Siena ed al Royal College of Music di Londra. Nel settembre 2011 le \u00e8 stata assegnata dal Royal College of Music la borsa di studio \u201cPhoebe Benham\u201d come pianista accompagnatrice. Fin da giovanissima si \u00e8 segnalata in diversi concorsi pianistici nazionali e internazionali vincendo quattordici primi premi. Si esibisce in pubblico regolarmente e ha tenuto recitals in Italia, Regno Unito, Francia, Svezia, Svizzera, Austria, Giappone. Tra i suoi ultimi impegni, il \u201cDoppio Concerto\u201d di Mendelssohn con l\u2019Orchestra dei Pomeriggi Musicali diretta da Daniele Rustioni al Teatro Dal Verme di Milano, in Austria e in Scozia, a Torino, Siena e al Teatro Politeama di Palermo, nonch\u00e9 al Conservatorio di Lugano, alla Royal Albert Hall di Londra, in Austria, Stati Uniti e Libano. Nel 2008 una sua tourn\u00e9e in diverse citt\u00e0 del Giappone l\u2019ha portata a esibirsi a Hiroshima, Kyoto e Tokyo, dove \u00e8 stata inoltre invitata a tenere una masterclass. Nel 2012 e nel 2013 \u00e8 tornata in Argentina, esibendosi a Buenos Aires per il Teatro Colon e a Bariloche per la \u201cSemana musical Llao Llao\u201d in recital e come solista nel \u201cConcerto n\u00b01 per pianoforte\u201d di \u0160ostakovi\u010d. I suoi tre cd con la violinista Francesca Dego (Sipario Dischi 2005 e 2006 e Wide Classique 2011) hanno incontrato subito il favore della critica. Alcuni brani del secondo disco sono stati inseriti nella colonna sonora del nuovo film del pluripremiato regista americano Steven Kroschel, \u201cThe Beautiful Truth\u201d, uscito nel 2008. Si \u00e8 inoltre esibita nell\u2019ambito di programmi radiofonici su Radio Popolare, Radio Classica, Radio della Svizzera Italiana, Radio Vaticana, Tv2000 e su Rai Radio 3.<\/p>\n<p>Dott.ssa Paola Guarini<br \/>\nComune di Fasano<\/p>\n","protected":false},"excerpt":{"rendered":"<p>Il quartetto composto da Masha Diatchenko (violino), Leonardo Papa (viola), Eduardo Dell\u2019Oglio (violoncello), Francesca Leonardi (pianoforte) si esibir\u00e0 marted\u00ec 16 maggio al teatro Sociale alle ore 20.30. Si tratta dell\u2019ultimo concerto della stagione 2016-2017 dell\u2019\u201dAccademia dei Cameristi\u201d patrocinata dal ministero per i Beni e le attivit\u00e0 culturali, dalla Regione Puglia e dal Comune di Fasano. L\u2019ensemble proporr\u00e0, nella prima parte, musiche di Giardini (\u201cQuartetto in si bem. magg. op.21 n.2\u201d) e Beethoven (\u201cQuartetto in mi bem. magg. WoO 36 n.1\u201d) mentre, nella seconda, proporr\u00e0 musiche di Dvo\u0159\u00e1k (\u201cQuartetto in re magg. op.23\u201d). Info 347.7712034. Costo del biglietto: intero 5 euro; giovani fino a 26 anni 3 euro. Masha Diatchenko \u00c8 nata nel 1994 a Roma. Figlia d\u2019arte di settima generazione ha intrapreso gli studi di violino e pianoforte all\u2019et\u00e0 di quattro anni, sotto la guida del padre M\u00b0 Sergej Diatchenko. Ha riscosso il primo grande successo all\u2019et\u00e0 di cinque anni, esibendosi come pianista nel recital del M\u00b0 Ennio Morricone nell\u2019Aula Magna dell\u2019universit\u00e0 \u201cLa Sapienza\u201d di Roma. Da quella data ha&#8230;<\/p>\n","protected":false},"author":2,"featured_media":103255,"comment_status":"open","ping_status":"closed","sticky":false,"template":"","format":"standard","meta":{"footnotes":""},"categories":[7],"tags":[2856],"class_list":["post-103253","post","type-post","status-publish","format-standard","has-post-thumbnail","hentry","category-news","tag-teatro-sociale"],"_links":{"self":[{"href":"https:\/\/www.brundisium.net\/index.php\/wp-json\/wp\/v2\/posts\/103253","targetHints":{"allow":["GET"]}}],"collection":[{"href":"https:\/\/www.brundisium.net\/index.php\/wp-json\/wp\/v2\/posts"}],"about":[{"href":"https:\/\/www.brundisium.net\/index.php\/wp-json\/wp\/v2\/types\/post"}],"author":[{"embeddable":true,"href":"https:\/\/www.brundisium.net\/index.php\/wp-json\/wp\/v2\/users\/2"}],"replies":[{"embeddable":true,"href":"https:\/\/www.brundisium.net\/index.php\/wp-json\/wp\/v2\/comments?post=103253"}],"version-history":[{"count":1,"href":"https:\/\/www.brundisium.net\/index.php\/wp-json\/wp\/v2\/posts\/103253\/revisions"}],"predecessor-version":[{"id":103258,"href":"https:\/\/www.brundisium.net\/index.php\/wp-json\/wp\/v2\/posts\/103253\/revisions\/103258"}],"wp:featuredmedia":[{"embeddable":true,"href":"https:\/\/www.brundisium.net\/index.php\/wp-json\/wp\/v2\/media\/103255"}],"wp:attachment":[{"href":"https:\/\/www.brundisium.net\/index.php\/wp-json\/wp\/v2\/media?parent=103253"}],"wp:term":[{"taxonomy":"category","embeddable":true,"href":"https:\/\/www.brundisium.net\/index.php\/wp-json\/wp\/v2\/categories?post=103253"},{"taxonomy":"post_tag","embeddable":true,"href":"https:\/\/www.brundisium.net\/index.php\/wp-json\/wp\/v2\/tags?post=103253"}],"curies":[{"name":"wp","href":"https:\/\/api.w.org\/{rel}","templated":true}]}}