{"id":103371,"date":"2017-05-12T11:28:01","date_gmt":"2017-05-12T09:28:01","guid":{"rendered":"http:\/\/www.brundisium.net\/?p=103371"},"modified":"2017-05-12T14:23:26","modified_gmt":"2017-05-12T12:23:26","slug":"settimana-dellinfanzia-le-iniziative-a-fasano","status":"publish","type":"post","link":"https:\/\/www.brundisium.net\/index.php\/settimana-dellinfanzia-le-iniziative-a-fasano\/","title":{"rendered":"Settimana dell\u2019infanzia: le iniziative a Fasano"},"content":{"rendered":"<p>Nell\u2019ambito della \u201cSettimana dell\u2019infanzia\u201d, calendario di iniziative pubbliche con spettacoli teatrali, convegni e manifestazioni ludico-ricreative voluto dall\u2019Amministrazione comunale di Fasano, domenica 14 maggio si terr\u00e0 in piazza Ciaia alle ore 10 la triciclo passeggiata con giochi di animazione (a cura dell\u2019associazione \u201cLa banda di Minnie e Topolino\u201d) riservati a tutti i bambini e le bambine che vorranno partecipare; contestualmente, la locale Croce rossa allestir\u00e0 un gazebo per la dimostrazione di manovre di disostruzione pediatrica. A Pezze di Greco, invece, in piazza XX Settembre dalle ore 10 si terr\u00e0 la \u201cFesta dell\u2019infanzia\u201d con animazione per i pi\u00f9 piccoli (a cura dell\u2019associazione \u201cSalagadula\u201d. Nella sala della Biblioteca comunale, a Fasano alle ore 18, \u00e8 previsto il convegno \u201cAdozione e diritto alla continuit\u00e0 affettiva\u201d; relazioneranno Maria Grazia Loconte (avvocata) e Carmen Palmisano (psicoterapeuta), mentre introdurr\u00e0 Cinzia Caroli, assessora comunale a Pubblica istruzione e Pari opportunit\u00e0.<\/p>\n<p>&nbsp;<\/p>\n<p>Luned\u00ec 15 maggio alle ore 9 si terr\u00e0 a Fasano la \u201cMarcia dei diritti dei bambini\u201d con partenza da via Fratelli Rosselli, sosta alle ore 9.30 nell\u2019istituto per minori \u201cCanonico Latorre\u201d dove si terr\u00e0 un momento di animazione con mascotte e balli popolari e ripartenza per il Parco della Rimembranza dove, alle 10, saranno accolti gli alunni della scuola primaria \u201cDon Milani\u201d di Montalbano e si terr\u00e0 il \u201cTeatro dei burattini\u201d con l\u2019insegnante Giuseppe Spalluto, mentre le ragazze dell\u2019istituto professionale dei servizi sociali \u201cLeonardo da Vinci\u201d terranno letture e animazione. Alle ore 11 in piazza Ciaia i bambini e le bambine della scuola dell\u2019infanzia del territorio saranno accolti da rappresentanti di associazioni ludiche, ricreative e sportive per momenti di animazione. Alle 11.15 a questi bimbi il sindaco Francesco Zaccaria far\u00e0 un saluto, cui seguiranno quelli della dirigente scolastica del \u201cda Vinci\u201d, Stella Carparelli, e della sindaca dei ragazzi Rosanna Fanizza. Alle ore 18, invece, nella Sala di rappresentanza del Palazzo municipale, si terr\u00e0 il convegno \u201cInfanzia violata: quando si nega il diritto alla vita\u201d con gli interventi di Mariella Bufano (terapista della neuropsicomotricit\u00e0 infantile) e Agnese Legrottaglie (socia del locale \u201cCentro italiano femminile\u201d- Cif); introdurr\u00e0 i lavori Annarita Angelini, assessora comunale alla Cultura, mentre Rosachiara Monopoli (socia del locale \u201cCif\u201d) far\u00e0 alcune letture.<\/p>\n","protected":false},"excerpt":{"rendered":"<p>Nell\u2019ambito della \u201cSettimana dell\u2019infanzia\u201d, calendario di iniziative pubbliche con spettacoli teatrali, convegni e manifestazioni ludico-ricreative voluto dall\u2019Amministrazione comunale di Fasano, domenica 14 maggio si terr\u00e0 in piazza Ciaia alle ore 10 la triciclo passeggiata con giochi di animazione (a cura dell\u2019associazione \u201cLa banda di Minnie e Topolino\u201d) riservati a tutti i bambini e le bambine che vorranno partecipare; contestualmente, la locale Croce rossa allestir\u00e0 un gazebo per la dimostrazione di manovre di disostruzione pediatrica. A Pezze di Greco, invece, in piazza XX Settembre dalle ore 10 si terr\u00e0 la \u201cFesta dell\u2019infanzia\u201d con animazione per i pi\u00f9 piccoli (a cura dell\u2019associazione \u201cSalagadula\u201d. Nella sala della Biblioteca comunale, a Fasano alle ore 18, \u00e8 previsto il convegno \u201cAdozione e diritto alla continuit\u00e0 affettiva\u201d; relazioneranno Maria Grazia Loconte (avvocata) e Carmen Palmisano (psicoterapeuta), mentre introdurr\u00e0 Cinzia Caroli, assessora comunale a Pubblica istruzione e Pari opportunit\u00e0. &nbsp; Luned\u00ec 15 maggio alle ore 9 si terr\u00e0 a Fasano la \u201cMarcia dei diritti dei bambini\u201d con partenza da via Fratelli Rosselli, sosta alle ore 9.30 nell\u2019istituto&#8230;<\/p>\n","protected":false},"author":2,"featured_media":103372,"comment_status":"open","ping_status":"closed","sticky":false,"template":"","format":"standard","meta":{"footnotes":""},"categories":[7],"tags":[244,3882],"class_list":["post-103371","post","type-post","status-publish","format-standard","has-post-thumbnail","hentry","category-news","tag-fasano","tag-settimana-dellinfanzia"],"_links":{"self":[{"href":"https:\/\/www.brundisium.net\/index.php\/wp-json\/wp\/v2\/posts\/103371","targetHints":{"allow":["GET"]}}],"collection":[{"href":"https:\/\/www.brundisium.net\/index.php\/wp-json\/wp\/v2\/posts"}],"about":[{"href":"https:\/\/www.brundisium.net\/index.php\/wp-json\/wp\/v2\/types\/post"}],"author":[{"embeddable":true,"href":"https:\/\/www.brundisium.net\/index.php\/wp-json\/wp\/v2\/users\/2"}],"replies":[{"embeddable":true,"href":"https:\/\/www.brundisium.net\/index.php\/wp-json\/wp\/v2\/comments?post=103371"}],"version-history":[{"count":1,"href":"https:\/\/www.brundisium.net\/index.php\/wp-json\/wp\/v2\/posts\/103371\/revisions"}],"predecessor-version":[{"id":103373,"href":"https:\/\/www.brundisium.net\/index.php\/wp-json\/wp\/v2\/posts\/103371\/revisions\/103373"}],"wp:featuredmedia":[{"embeddable":true,"href":"https:\/\/www.brundisium.net\/index.php\/wp-json\/wp\/v2\/media\/103372"}],"wp:attachment":[{"href":"https:\/\/www.brundisium.net\/index.php\/wp-json\/wp\/v2\/media?parent=103371"}],"wp:term":[{"taxonomy":"category","embeddable":true,"href":"https:\/\/www.brundisium.net\/index.php\/wp-json\/wp\/v2\/categories?post=103371"},{"taxonomy":"post_tag","embeddable":true,"href":"https:\/\/www.brundisium.net\/index.php\/wp-json\/wp\/v2\/tags?post=103371"}],"curies":[{"name":"wp","href":"https:\/\/api.w.org\/{rel}","templated":true}]}}