{"id":103440,"date":"2017-05-12T23:33:25","date_gmt":"2017-05-12T21:33:25","guid":{"rendered":"http:\/\/www.brundisium.net\/?p=103440"},"modified":"2017-05-13T09:30:46","modified_gmt":"2017-05-13T07:30:46","slug":"mauro-dattis-nominato-portavoce-degli-enti-territoriali-dellunione-europea","status":"publish","type":"post","link":"https:\/\/www.brundisium.net\/index.php\/mauro-dattis-nominato-portavoce-degli-enti-territoriali-dellunione-europea\/","title":{"rendered":"Mauro D&#8217;Attis nominato portavoce degli enti territoriali dell&#8217;Unione Europea"},"content":{"rendered":"<p>Mauro D&#8217;Attis, consigliere comunale di Brindisi e vicepresidente del gruppo Ppe, \u00e8 stato nominato portavoce degli enti territoriali dell&#8217;Ue sul tema del cosiddetto &#8220;pilastro europeo&#8221; dei diritti sociali.<\/p>\n<p>Il Comitato europeo delle Regioni (CdR) ha assegnato a D&#8217;Attis il ruolo di relatore generale del parere che, senza passare dal lavoro di commissione, verr\u00e0 direttamente discusso e votato durante la plenaria di ottobre.<\/p>\n<p>    &#8220;\u00c8 una bella novit\u00e0 per il Partito popolare&#8221; che la responsabilit\u00e0 del dossier sia stato affidato a un suo membro, &#8220;visto che di solito i temi sociali sono ascritti ai socialisti&#8221;, commenta D&#8217;Attis, &#8220;e poi il fatto che il Ppe abbia scelto un italiano per me \u00e8 motivo di grande orgoglio&#8221;. &#8220;Per redigere il parere mi avvarr\u00f2 di un italiano molto esperto della materia, Paolo Reboani, che \u00e8 stato fino a qualche mese fa il presidente di Italia Lavoro&#8221;, spiega D&#8217;Attis, assicurando che porter\u00e0 la propria &#8220;esperienza&#8221; di italiano e pugliese nel testo. <\/p>\n","protected":false},"excerpt":{"rendered":"<p>Mauro D&#8217;Attis, consigliere comunale di Brindisi e vicepresidente del gruppo Ppe, \u00e8 stato nominato portavoce degli enti territoriali dell&#8217;Ue sul tema del cosiddetto &#8220;pilastro europeo&#8221; dei diritti sociali. Il Comitato europeo delle Regioni (CdR) ha assegnato a D&#8217;Attis il ruolo di relatore generale del parere che, senza passare dal lavoro di commissione, verr\u00e0 direttamente discusso e votato durante la plenaria di ottobre. &#8220;\u00c8 una bella novit\u00e0 per il Partito popolare&#8221; che la responsabilit\u00e0 del dossier sia stato affidato a un suo membro, &#8220;visto che di solito i temi sociali sono ascritti ai socialisti&#8221;, commenta D&#8217;Attis, &#8220;e poi il fatto che il Ppe abbia scelto un italiano per me \u00e8 motivo di grande orgoglio&#8221;. &#8220;Per redigere il parere mi avvarr\u00f2 di un italiano molto esperto della materia, Paolo Reboani, che \u00e8 stato fino a qualche mese fa il presidente di Italia Lavoro&#8221;, spiega D&#8217;Attis, assicurando che porter\u00e0 la propria &#8220;esperienza&#8221; di italiano e pugliese nel testo.<\/p>\n","protected":false},"author":2,"featured_media":63161,"comment_status":"open","ping_status":"closed","sticky":false,"template":"","format":"standard","meta":{"footnotes":""},"categories":[7],"tags":[4203],"class_list":["post-103440","post","type-post","status-publish","format-standard","has-post-thumbnail","hentry","category-news","tag-mauro-dattis"],"_links":{"self":[{"href":"https:\/\/www.brundisium.net\/index.php\/wp-json\/wp\/v2\/posts\/103440","targetHints":{"allow":["GET"]}}],"collection":[{"href":"https:\/\/www.brundisium.net\/index.php\/wp-json\/wp\/v2\/posts"}],"about":[{"href":"https:\/\/www.brundisium.net\/index.php\/wp-json\/wp\/v2\/types\/post"}],"author":[{"embeddable":true,"href":"https:\/\/www.brundisium.net\/index.php\/wp-json\/wp\/v2\/users\/2"}],"replies":[{"embeddable":true,"href":"https:\/\/www.brundisium.net\/index.php\/wp-json\/wp\/v2\/comments?post=103440"}],"version-history":[{"count":1,"href":"https:\/\/www.brundisium.net\/index.php\/wp-json\/wp\/v2\/posts\/103440\/revisions"}],"predecessor-version":[{"id":103441,"href":"https:\/\/www.brundisium.net\/index.php\/wp-json\/wp\/v2\/posts\/103440\/revisions\/103441"}],"wp:featuredmedia":[{"embeddable":true,"href":"https:\/\/www.brundisium.net\/index.php\/wp-json\/wp\/v2\/media\/63161"}],"wp:attachment":[{"href":"https:\/\/www.brundisium.net\/index.php\/wp-json\/wp\/v2\/media?parent=103440"}],"wp:term":[{"taxonomy":"category","embeddable":true,"href":"https:\/\/www.brundisium.net\/index.php\/wp-json\/wp\/v2\/categories?post=103440"},{"taxonomy":"post_tag","embeddable":true,"href":"https:\/\/www.brundisium.net\/index.php\/wp-json\/wp\/v2\/tags?post=103440"}],"curies":[{"name":"wp","href":"https:\/\/api.w.org\/{rel}","templated":true}]}}