{"id":103557,"date":"2017-05-15T09:40:39","date_gmt":"2017-05-15T07:40:39","guid":{"rendered":"http:\/\/www.brundisium.net\/?p=103557"},"modified":"2017-05-15T12:24:03","modified_gmt":"2017-05-15T10:24:03","slug":"si-prepara-la-seconda-edizione-dellostuni-taranta-fest","status":"publish","type":"post","link":"https:\/\/www.brundisium.net\/index.php\/si-prepara-la-seconda-edizione-dellostuni-taranta-fest\/","title":{"rendered":"Si prepara la seconda edizione dell&#8217;Ostuni Taranta Fest"},"content":{"rendered":"<p>La Citt\u00e0 bianca torna a essere per un giorno la capitale del folklore. Il prossimo 24 luglio infatti, la Villa Comunale ospiter\u00e0 nuovamente Ostuni Taranta Fest, l\u2019evento musicale dedicato alla musica popolare, che giunge quest\u2019anno alla sua seconda edizione. Ideato e promosso dal giovane e poliedrico meteorologo ostunese Michele Conenna, in collaborazione con il Gruppo Folk \u201cLu Barcarulu\u201d,di cui fa parte da tempo, il Festival sar\u00e0 presentato ancora una volta dalla giornalista Nicla Pastore e da Michele Conenna, direttore artistico dell\u2019evento e volto noto del meteo di TeleNorba.<\/p>\n<p>&nbsp;<br \/>\n\u00abQuest\u2019anno abbiamo come ospite d\u2019onore \u2013 dice Michele Conenna \u2013 i Terraross, un gruppo diventato famoso per la rilettura in chiave moderna dei brani della tradizione popolare. In concorso invece ci saranno formazioni musicali provenienti dalla Provincia di Taranto, Lecce e ovviamente Brindisi. L\u2019evento sar\u00e0 trasmesso in diretta Tv, a partire dalle ore 19 con la parata cittadina che aprir\u00e0 questa seconda edizione. La serata avr\u00e0 inizio alle ore 21 e vedr\u00e0 protagonisti, tra gli altri, gli amici della \u2018Nzegna di Carovigno, i Sangu Amaru di Lecce, le ballerine e i ballerini della Notte della Taranta, la cantante salentina Alessandra Pot\u00ec, le attrici ostunesi Antonella Colucci e Ginevra Viesti in una pi\u00e8ce teatrale dedicata alla Pizzica, e un\u2019associazione di ragazzi disabili che torna a portare il suo contributo\u00bb.<\/p>\n","protected":false},"excerpt":{"rendered":"<p>La Citt\u00e0 bianca torna a essere per un giorno la capitale del folklore. Il prossimo 24 luglio infatti, la Villa Comunale ospiter\u00e0 nuovamente Ostuni Taranta Fest, l\u2019evento musicale dedicato alla musica popolare, che giunge quest\u2019anno alla sua seconda edizione. Ideato e promosso dal giovane e poliedrico meteorologo ostunese Michele Conenna, in collaborazione con il Gruppo Folk \u201cLu Barcarulu\u201d,di cui fa parte da tempo, il Festival sar\u00e0 presentato ancora una volta dalla giornalista Nicla Pastore e da Michele Conenna, direttore artistico dell\u2019evento e volto noto del meteo di TeleNorba. &nbsp; \u00abQuest\u2019anno abbiamo come ospite d\u2019onore \u2013 dice Michele Conenna \u2013 i Terraross, un gruppo diventato famoso per la rilettura in chiave moderna dei brani della tradizione popolare. In concorso invece ci saranno formazioni musicali provenienti dalla Provincia di Taranto, Lecce e ovviamente Brindisi. L\u2019evento sar\u00e0 trasmesso in diretta Tv, a partire dalle ore 19 con la parata cittadina che aprir\u00e0 questa seconda edizione. La serata avr\u00e0 inizio alle ore 21 e vedr\u00e0 protagonisti, tra gli altri, gli amici della \u2018Nzegna di&#8230;<\/p>\n","protected":false},"author":2,"featured_media":103558,"comment_status":"open","ping_status":"closed","sticky":false,"template":"","format":"standard","meta":{"footnotes":""},"categories":[7],"tags":[53,4215],"class_list":["post-103557","post","type-post","status-publish","format-standard","has-post-thumbnail","hentry","category-news","tag-ostuni","tag-ostuni-taranta-fest"],"_links":{"self":[{"href":"https:\/\/www.brundisium.net\/index.php\/wp-json\/wp\/v2\/posts\/103557","targetHints":{"allow":["GET"]}}],"collection":[{"href":"https:\/\/www.brundisium.net\/index.php\/wp-json\/wp\/v2\/posts"}],"about":[{"href":"https:\/\/www.brundisium.net\/index.php\/wp-json\/wp\/v2\/types\/post"}],"author":[{"embeddable":true,"href":"https:\/\/www.brundisium.net\/index.php\/wp-json\/wp\/v2\/users\/2"}],"replies":[{"embeddable":true,"href":"https:\/\/www.brundisium.net\/index.php\/wp-json\/wp\/v2\/comments?post=103557"}],"version-history":[{"count":1,"href":"https:\/\/www.brundisium.net\/index.php\/wp-json\/wp\/v2\/posts\/103557\/revisions"}],"predecessor-version":[{"id":103559,"href":"https:\/\/www.brundisium.net\/index.php\/wp-json\/wp\/v2\/posts\/103557\/revisions\/103559"}],"wp:featuredmedia":[{"embeddable":true,"href":"https:\/\/www.brundisium.net\/index.php\/wp-json\/wp\/v2\/media\/103558"}],"wp:attachment":[{"href":"https:\/\/www.brundisium.net\/index.php\/wp-json\/wp\/v2\/media?parent=103557"}],"wp:term":[{"taxonomy":"category","embeddable":true,"href":"https:\/\/www.brundisium.net\/index.php\/wp-json\/wp\/v2\/categories?post=103557"},{"taxonomy":"post_tag","embeddable":true,"href":"https:\/\/www.brundisium.net\/index.php\/wp-json\/wp\/v2\/tags?post=103557"}],"curies":[{"name":"wp","href":"https:\/\/api.w.org\/{rel}","templated":true}]}}