{"id":103731,"date":"2017-05-16T13:49:29","date_gmt":"2017-05-16T11:49:29","guid":{"rendered":"http:\/\/www.brundisium.net\/?p=103731"},"modified":"2017-05-16T19:31:52","modified_gmt":"2017-05-16T17:31:52","slug":"fasano-punta-sullincremento-delle-aree-pedonali-e-dei-polmoni-verdi","status":"publish","type":"post","link":"https:\/\/www.brundisium.net\/index.php\/fasano-punta-sullincremento-delle-aree-pedonali-e-dei-polmoni-verdi\/","title":{"rendered":"Fasano punta sull&#8217;incremento delle aree pedonali e dei polmoni verdi"},"content":{"rendered":"<p>Da questo venerd\u00ec 19 maggio via Collodi, prospiciente l\u2019omonima e storica scuola primaria di Fasano, diventer\u00e0 pedonale in modo permanente.<\/p>\n<p>&nbsp;<\/p>\n<p>L\u2019ordinanza di chiusura al traffico veicolare \u00e8 stata firmata dal comandante della Polizia Locale Fernando Virgilio, sulla scorta di una delibera della giunta comunale di due anni fa, in relazione alla prossima realizzazione del primo parco-giochi inclusivo della citt\u00e0, ossia adatto anche ai bambini ed alle bambine disabili, ideato e voluto dalla locale rete associativa \u201cL\u2019Halveare\u201d e sostenuto dall\u2019Amministrazione comunale.<\/p>\n<p>&nbsp;<\/p>\n<p>La chiusura permanente al traffico veicolare riguarder\u00e0 il tratto di via Collodi compreso fra viale della Resistenza e viale Unit\u00e0 d\u2019Italia (dunque, proprio l\u2019intera porzione della via che affaccia sull\u2019edificio della scuola primaria e si congiunge con il Parco della Rimembranza, ossia l\u2019attuale villa comunale).<\/p>\n<p>&nbsp;<\/p>\n<p>\u00abAbbiamo aspettato ancora qualche giorno prima della chiusura permanente della via, per consentire la fine dei lavori di risistemazione di via F.lli Rosselli e la tenuta della classica annuale Fiera del 18 maggio \u2013 sottolinea Leonardo Deleonardis, assessore al Patrimonio -; l\u2019Amministrazione comunale non ha voluto creare disagi ai commercianti ambulanti che, cos\u00ec, avranno il tempo giusto a disposizione per organizzarsi al meglio in occasione delle prossime Fiere cittadine -. La chiusura permanente al traffico veicolare di via Collodi ha, comunque, una valenza potremmo dire di carattere sociale e ambientale \u2013 afferma l\u2019assessore Deleonardis \u2013 giacch\u00e9 consentir\u00e0 alla rete associativa \u201cL\u2019Halveare\u201d, cui va il nostro sentito ringraziamento per l\u2019attivit\u00e0 di promozione sociale svolta con passione ed impegno, ed all\u2019Amministrazione comunale, di far avviare i lavori necessari alla realizzazione del primo parco-giochi inclusivo della citt\u00e0. Il cantiere delle opere, infatti, sar\u00e0 aperto entro questo mese di maggio &#8211; dichiara Deleonardis &#8211; e, proprio a testimonianza dell\u2019impegno anche nostro, ossia del Comune, abbiamo individuato il tecnico comunale Dino Angelini come direttore dei lavori che seguir\u00e0 tutte le varie fasi operative\u00bb.<\/p>\n<p>&nbsp;<\/p>\n<p>In una porzione del Parco della Rimembranza sar\u00e0 realizzata, quindi, un\u2019area-giochi attrezzata di tutto punto, grazie alle attrezzature ed ai giochi acquistati lo scorso anno dal Comune su decisione dell\u2019allora gestione commissariale dell\u2019Ente.<\/p>\n<p>&nbsp;<\/p>\n<p>L\u2019attuale Amministrazione-Zaccaria ha comunque voluto ampliare il progetto iniziale prevedendo l\u2019illuminazione dell\u2019intera villa comunale \u00ababbiamo pianificato, infatti \u2013 annuncia il sindaco \u2013 l\u2019installazione della nuova illuminazione pubblica in tutta l\u2019area del Parco della Rimembranza, cos\u00ec da non creare disomogeneit\u00e0 estetiche e da conferire alla villa comunale un aspetto decoroso, per l\u2019intero perimetro, con l\u2019installazione di 31 nuovi corpi illuminanti. Fasano avr\u00e0 pertanto un polmone verde centrale risistemato e adeguato anche ad una frequentazione serale pi\u00f9 consona e dignitosa, perch\u00e9 bambini e adulti, intere famiglie, possano trascorrere qualche ora del proprio tempo con spensieratezza ed assieme ad altri concittadini. Il Parco della Rimembranza sar\u00e0 quindi ancora di pi\u00f9 un vero e proprio luogo di aggregazione\u00bb.<\/p>\n<p>&nbsp;<br \/>\nComune di Fasano<\/p>\n","protected":false},"excerpt":{"rendered":"<p>Da questo venerd\u00ec 19 maggio via Collodi, prospiciente l\u2019omonima e storica scuola primaria di Fasano, diventer\u00e0 pedonale in modo permanente. &nbsp; L\u2019ordinanza di chiusura al traffico veicolare \u00e8 stata firmata dal comandante della Polizia Locale Fernando Virgilio, sulla scorta di una delibera della giunta comunale di due anni fa, in relazione alla prossima realizzazione del primo parco-giochi inclusivo della citt\u00e0, ossia adatto anche ai bambini ed alle bambine disabili, ideato e voluto dalla locale rete associativa \u201cL\u2019Halveare\u201d e sostenuto dall\u2019Amministrazione comunale. &nbsp; La chiusura permanente al traffico veicolare riguarder\u00e0 il tratto di via Collodi compreso fra viale della Resistenza e viale Unit\u00e0 d\u2019Italia (dunque, proprio l\u2019intera porzione della via che affaccia sull\u2019edificio della scuola primaria e si congiunge con il Parco della Rimembranza, ossia l\u2019attuale villa comunale). &nbsp; \u00abAbbiamo aspettato ancora qualche giorno prima della chiusura permanente della via, per consentire la fine dei lavori di risistemazione di via F.lli Rosselli e la tenuta della classica annuale Fiera del 18 maggio \u2013 sottolinea Leonardo Deleonardis, assessore al Patrimonio -; l\u2019Amministrazione&#8230;<\/p>\n","protected":false},"author":2,"featured_media":103732,"comment_status":"open","ping_status":"closed","sticky":false,"template":"","format":"standard","meta":{"footnotes":""},"categories":[7],"tags":[244],"class_list":["post-103731","post","type-post","status-publish","format-standard","has-post-thumbnail","hentry","category-news","tag-fasano"],"_links":{"self":[{"href":"https:\/\/www.brundisium.net\/index.php\/wp-json\/wp\/v2\/posts\/103731","targetHints":{"allow":["GET"]}}],"collection":[{"href":"https:\/\/www.brundisium.net\/index.php\/wp-json\/wp\/v2\/posts"}],"about":[{"href":"https:\/\/www.brundisium.net\/index.php\/wp-json\/wp\/v2\/types\/post"}],"author":[{"embeddable":true,"href":"https:\/\/www.brundisium.net\/index.php\/wp-json\/wp\/v2\/users\/2"}],"replies":[{"embeddable":true,"href":"https:\/\/www.brundisium.net\/index.php\/wp-json\/wp\/v2\/comments?post=103731"}],"version-history":[{"count":1,"href":"https:\/\/www.brundisium.net\/index.php\/wp-json\/wp\/v2\/posts\/103731\/revisions"}],"predecessor-version":[{"id":103733,"href":"https:\/\/www.brundisium.net\/index.php\/wp-json\/wp\/v2\/posts\/103731\/revisions\/103733"}],"wp:featuredmedia":[{"embeddable":true,"href":"https:\/\/www.brundisium.net\/index.php\/wp-json\/wp\/v2\/media\/103732"}],"wp:attachment":[{"href":"https:\/\/www.brundisium.net\/index.php\/wp-json\/wp\/v2\/media?parent=103731"}],"wp:term":[{"taxonomy":"category","embeddable":true,"href":"https:\/\/www.brundisium.net\/index.php\/wp-json\/wp\/v2\/categories?post=103731"},{"taxonomy":"post_tag","embeddable":true,"href":"https:\/\/www.brundisium.net\/index.php\/wp-json\/wp\/v2\/tags?post=103731"}],"curies":[{"name":"wp","href":"https:\/\/api.w.org\/{rel}","templated":true}]}}