{"id":103804,"date":"2017-05-16T20:38:46","date_gmt":"2017-05-16T18:38:46","guid":{"rendered":"http:\/\/www.brundisium.net\/?p=103804"},"modified":"2017-05-16T19:33:40","modified_gmt":"2017-05-16T17:33:40","slug":"domani-a-fasano-convegno-sui-vaccini","status":"publish","type":"post","link":"https:\/\/www.brundisium.net\/index.php\/domani-a-fasano-convegno-sui-vaccini\/","title":{"rendered":"Domani a Fasano convegno sui vaccini"},"content":{"rendered":"<p>\u201cI vaccini\u201d \u00e8 il titolo dell\u2019incontro pubblico che si terr\u00e0 domani (mercoled\u00ec 17 maggio) alle ore 18 nella Sala di rappresentanza del Palazzo municipale di Fasano (Br). Relazioner\u00e0 Nicola Laforgia, epidemiologo dell\u2019Universit\u00e0 di Bari; mentre interverranno Maria Errico, presidente della sezione brindisina dell\u2019Unicef che racconter\u00e0 dell\u2019azione dell\u2019associazione relativamente alle campagne di sensibilizzazione alle vaccinazioni attuate nel mondo e, in particolare, nel Congo con un recente particolare progetto; e Lorenzo Caiolo, docente dell\u2019istituto scolastico \u201cMorvillo\/Falcone\u201d di Brindisi, profondo studioso e conoscitore dell\u2019opera di Gianni Rodari (uno dei pi\u00f9 grandi scrittori di tutti i tempi di libri per bambini) che legger\u00e0 alcuni passi tratti dagli scritti di Rodari. Introdurranno il convegno le assessore comunali Cinzia Caroli e Annarita Angelini, tenuto conto che l\u2019iniziativa rientra nella \u201cSettimana dell\u2019infanzia\u201d, calendario ideato, voluto ed organizzato dal Comune (in collaborazione con Enti ed associazioni) di iniziative pubbliche, convegni, spettacoli teatrali e spazi ludico-ricreativi dedicati all\u2019infanzia che si sta tenendo sul territorio da domenica scorsa e fino a domenica 21 maggio. Nella serata di domani (17 maggio) si esibir\u00e0 anche il piccolo pianista Alessandro Ostuni, 12enne fasanese, assessore alla Cultura della giunta-comunale junior e studente al Conservatorio di Monopoli. Il piccolo musicista proporr\u00e0, in anteprima, una sua composizione.<\/p>\n<p>&nbsp;<\/p>\n<p>&nbsp;<\/p>\n<p>\u00abL\u2019argomento \u00e8 di pregnante attualit\u00e0 \u2013 afferma l\u2019assessora Cinzia Caroli \u2013 e vogliamo sfatare luoghi comuni e pregiudizi sulla materia dei vaccini. Vogliamo che si dica una parola chiara sull\u2019argomento. In ogni caso, colgo l\u2019occasione, rispetto alla Marcia dei bambini tenutasi con successo luned\u00ec a Fasano, per ringraziare il Corpo di Polizia locale che ha affettuosamente \u201cscortato\u201d i bambini e le bambine partecipanti lungo tutto il tragitto che li ha condotti in piazza Ciaia. I vigili urbani \u2013 sottolinea l\u2019assessora Caroli &#8211; sono stati davvero molto comprensivi e sensibili con i piccoli marciatori\u00bb.<\/p>\n<p>&nbsp;<\/p>\n<p>&nbsp;<\/p>\n<p>Se alle ore 18 si terr\u00e0 il convegno sui vaccini, alle ore 17 invece, sempre di mercoled\u00ec 17 maggio, si svolger\u00e0 nell\u2019Arco del Bal\u00ec (a Fasano) un laboratorio di \u201cAgriTeatro\u201d per bambini curato dalle locali associazioni \u201cLe Nove Muse\u201d e \u201cTiska Tuska Topolino\u201d.<\/p>\n<p>&nbsp;<\/p>\n<p>&nbsp;<\/p>\n<p>Comune di Fasano<\/p>\n","protected":false},"excerpt":{"rendered":"<p>\u201cI vaccini\u201d \u00e8 il titolo dell\u2019incontro pubblico che si terr\u00e0 domani (mercoled\u00ec 17 maggio) alle ore 18 nella Sala di rappresentanza del Palazzo municipale di Fasano (Br). Relazioner\u00e0 Nicola Laforgia, epidemiologo dell\u2019Universit\u00e0 di Bari; mentre interverranno Maria Errico, presidente della sezione brindisina dell\u2019Unicef che racconter\u00e0 dell\u2019azione dell\u2019associazione relativamente alle campagne di sensibilizzazione alle vaccinazioni attuate nel mondo e, in particolare, nel Congo con un recente particolare progetto; e Lorenzo Caiolo, docente dell\u2019istituto scolastico \u201cMorvillo\/Falcone\u201d di Brindisi, profondo studioso e conoscitore dell\u2019opera di Gianni Rodari (uno dei pi\u00f9 grandi scrittori di tutti i tempi di libri per bambini) che legger\u00e0 alcuni passi tratti dagli scritti di Rodari. Introdurranno il convegno le assessore comunali Cinzia Caroli e Annarita Angelini, tenuto conto che l\u2019iniziativa rientra nella \u201cSettimana dell\u2019infanzia\u201d, calendario ideato, voluto ed organizzato dal Comune (in collaborazione con Enti ed associazioni) di iniziative pubbliche, convegni, spettacoli teatrali e spazi ludico-ricreativi dedicati all\u2019infanzia che si sta tenendo sul territorio da domenica scorsa e fino a domenica 21 maggio. Nella serata di domani (17 maggio)&#8230;<\/p>\n","protected":false},"author":2,"featured_media":94409,"comment_status":"open","ping_status":"closed","sticky":false,"template":"","format":"standard","meta":{"footnotes":""},"categories":[7],"tags":[244,3587],"class_list":["post-103804","post","type-post","status-publish","format-standard","has-post-thumbnail","hentry","category-news","tag-fasano","tag-vaccini"],"_links":{"self":[{"href":"https:\/\/www.brundisium.net\/index.php\/wp-json\/wp\/v2\/posts\/103804","targetHints":{"allow":["GET"]}}],"collection":[{"href":"https:\/\/www.brundisium.net\/index.php\/wp-json\/wp\/v2\/posts"}],"about":[{"href":"https:\/\/www.brundisium.net\/index.php\/wp-json\/wp\/v2\/types\/post"}],"author":[{"embeddable":true,"href":"https:\/\/www.brundisium.net\/index.php\/wp-json\/wp\/v2\/users\/2"}],"replies":[{"embeddable":true,"href":"https:\/\/www.brundisium.net\/index.php\/wp-json\/wp\/v2\/comments?post=103804"}],"version-history":[{"count":1,"href":"https:\/\/www.brundisium.net\/index.php\/wp-json\/wp\/v2\/posts\/103804\/revisions"}],"predecessor-version":[{"id":103807,"href":"https:\/\/www.brundisium.net\/index.php\/wp-json\/wp\/v2\/posts\/103804\/revisions\/103807"}],"wp:featuredmedia":[{"embeddable":true,"href":"https:\/\/www.brundisium.net\/index.php\/wp-json\/wp\/v2\/media\/94409"}],"wp:attachment":[{"href":"https:\/\/www.brundisium.net\/index.php\/wp-json\/wp\/v2\/media?parent=103804"}],"wp:term":[{"taxonomy":"category","embeddable":true,"href":"https:\/\/www.brundisium.net\/index.php\/wp-json\/wp\/v2\/categories?post=103804"},{"taxonomy":"post_tag","embeddable":true,"href":"https:\/\/www.brundisium.net\/index.php\/wp-json\/wp\/v2\/tags?post=103804"}],"curies":[{"name":"wp","href":"https:\/\/api.w.org\/{rel}","templated":true}]}}