{"id":10389,"date":"2014-04-07T13:09:32","date_gmt":"2014-04-07T11:09:32","guid":{"rendered":"http:\/\/www.brundisium.net\/brun\/?p=10389"},"modified":"2014-04-07T16:17:34","modified_gmt":"2014-04-07T14:17:34","slug":"morte-mennitti-le-reazioni","status":"publish","type":"post","link":"https:\/\/www.brundisium.net\/index.php\/morte-mennitti-le-reazioni\/","title":{"rendered":"Morte Mennitti: le dichiarazioni di commiato di politica e societ\u00e0 civile"},"content":{"rendered":"<p><strong>SILVIO BERLUSCONI<\/strong><br \/>\nHo appreso con profondo dolore la notizia della scomparsa di Domenico Mennitti.<br \/>\nMennitti, che proveniva da una storia importante di destra democratica, fu tra i primi a credere nel progetto di Forza Italia, nel 1994, quando molti, soprattutto fra i politici come lui, irridevano o osteggiavano il nostro tentativo di cambiare il Paese.<br \/>\nLo ricordo al mio fianco come Coordinatore nazionale di Forza Italia nel primo periodo della nostra attivit\u00e0: ci port\u00f2 il valore della sua esperienza, la finezza della sua cultura, ma soprattutto la sua inesauribile fede nella libert\u00e0.<br \/>\nCi mancher\u00e0 un uomo libero, che prima di tanti altri comprese la crisi dei partiti tradizionali e la necessit\u00e0 di cambiare a fondo il modo di fare politica.<br \/>\nCome dirigente politico, come animatore di riviste culturali, come sindaco della sua amata Brindisi, ha incarnato il modello di un approccio diverso al bene della collettivit\u00e0, nel segno della libert\u00e0. Libert\u00e0 della quale l&#8217;Italia ha profondamente bisogno, e per la quale anche nel suo ricordo continueremo a combattere, con assoluta determinazione.<\/p>\n<p>&nbsp;<\/p>\n<p><strong>BRINDISI BENE COMUNE<\/strong><br \/>\nBrindisi Bene Comune esprime il suo cordoglio per la morte del Sindaco Mimmo Mennitti.<br \/>\nLa profonde differenze politiche non possono che venir meno in questi momenti.<br \/>\nAlla famiglia Mennitti le nostre sincere condoglianze.<\/p>\n<p>&nbsp;<\/p>\n<p><strong>RENATO BRUNETTA<\/strong><br \/>\nEsprimo profondo cordoglio e vicinanza, a nome mio e di tutti i deputati di Forza Italia, alla famiglia dell\u2019onorevole Domenico Mennitti, scomparso oggi dopo una lunga malattia. Politico intelligente e appassionato, Mennitti \u00e8 stato capace, insieme ad un\u2019intera generazione, di guidare la trasformazione e l\u2019evoluzione della destra italiana. Sempre disponibile, sempre in prima linea, sempre dalla parte dei cittadini e della sua terra adottiva, la Puglia, che amava tanto<\/p>\n<p>&nbsp;<\/p>\n<p><strong>PAOLO CHIANTERA<\/strong><br \/>\nLa scomparsa di Mimmo Mennitti provoca in me un profondo dolore anche se purtroppo non in maniera inaspettata Solo chi come me ha avuto la fortuna di poter lavorare a suo fianco, per ben cinque intensi anni, pu\u00f2 apprezzare le doti umane, prima ancora che di fine politico, che Mennitti possedeva .<br \/>\nIntangibile sar\u00e0 il segno da lui lasciato e che spero altri possano avere ad esempio per i propri impegni politici.<br \/>\nIl suo modello di citt\u00e0 oggi vede realizzarsi e, anche questo, grazie alla sua lungimiranza, sar\u00e0 il miglior lascito per una comunit\u00e0 che ha sicuramente amato<\/p>\n<p>&nbsp;<\/p>\n<p><strong>CISL DI TARANTO E BRINDISI<\/strong><br \/>\nLa Cisl Taranto Brindisi esprime profondo cordoglio per la scomparsa dell\u2019On. Domenico Mennitti, gi\u00e0 Sindaco di Brindisi e partecipa al dolore della sua famiglia.<br \/>\nLa Citt\u00e0 e il territorio riconoscono in Mennitti un amministratore ed un politico la cui iniziativa ha inteso valorizzare per sette lunghi anni, fermato solo dalle precarie condizioni di salute, il comune sentire di una comunit\u00e0 alla ricerca di riscatto civile e sociale.<br \/>\nLa Cisl pur differenziandosi in pi\u00f9 circostanze dalle sue posizioni ne ha sempre rispettato la coerenza e almeno lo sforzo continuato di superare delle differenze tra le varie, legittime posizioni espresse per il bene comune.<br \/>\nL\u2019auspicio \u00e8 che i caratteri della lungimiranza, che hanno innervato l\u2019amministrazione pubblica di Mennitti, in particolare sulle questioni ancora aperte della cultura, della multifunzionalit\u00e0 del porto, della risorsa mare, della valorizzazione urbanistica, della buona occupazione, del buon ambiente, ecc. possano rilanciarsi grazie ad un rinnovato e diffuso dialogo sociale.<br \/>\nTutti i soggetti istituzionali, professionali, sociali, associativi possono e devono agire corresponsabilit\u00e0 affinch\u00e9 la Citt\u00e0 di Brindisi scongiuri i rischi di marginalit\u00e0 dovuta alla mancata valorizzazione di potenzialit\u00e0 territoriali non riscontrabili altrove.<\/p>\n<p>&nbsp;<\/p>\n<p><strong>MIMMO CONSALES<\/strong><br \/>\nHo appreso di primo mattino e lontano dalla mia citt\u00e0 la notizia della morte di Mimmo Mennitti. Purtroppo sapevamo tutti che le sue condizioni si erano aggravate ma questo non ha affievolito il dolore per una perdita importante per Brindisi ed anche a livello personale. Mennitti \u00e8 stato un ideologo della destra moderna. Una destra sdoganata dal ruolo di semplice oppositore e pronta ad accettare la sfida del governo del Paese. Una svolta che ha tentato di imporre al Movimento Sociale quando si candid\u00f2 alla segreteria nazionale e successivamente quando fu chiamato da Berlusconi a svolgere le mansioni di primo coordinatore nazionale di Forza Italia. E non gli \u00e8 mai mancato il coraggio delle sfide visto che quando gli proposero di contrapporsi a D&#8217;Alema nel collegio camerale di Gallipoli accett\u00f2 senza timori. Una &#8216;battagglia politica&#8217; saltata all&#8217;ultimo momento.<br \/>\nAvevo poco meno di diciotto anni quando ho iniziato la mia carriera giornalistica proprio con Mennitti attraverso le pagine della Gazzetta di Brindisi e poi attraverso i microfoni di Radio Video Brindisi. Da quel momento il nostro rapporto di amicizia non si \u00e8 mai interrotto e si \u00e8 sviluppato nel tempo anche quando ha intrapreso la carriera politica. Gli sono stato vicino anche quando fu chiamato a dirigente il quotidiano &#8220;Roma&#8221; ed ho guidato il suo ufficio stampa da quando nel 2004 decise di accettare la sfida di guidare una citt\u00e0 in ginocchio come era Brindisi all&#8217;indomani della &#8220;Tangentopoli&#8221;. A Mimmo mi legano mille ricordi ed anche il rispetto e l&#8217;affetto con cui nel 2012 accolse la notizia della mia candidatura a sindaco, pur con uno schieramento diverso dal suo. Renderemo l&#8217;ultimo saluto a Mennitti domani nella Camera ardente che abbiamo voluto realizzare, d&#8217;accordo con la famiglia, nella sala della Colonna a Palazzo Nervegna. A Marisa, Pierluigi e Barbara un abbraccio forte.<\/p>\n<p>&nbsp;<\/p>\n<p><strong>EUPREPIO CURTO<\/strong><br \/>\nLa morte di Mimmo Mennitti costituisce una perdita grave non solo per la famiglia, ma anche per il mondo della Politica e della Cultura, a cui sicuramente Mimmo apparteneva con il ruolo di protagonista.<br \/>\nCon lui scompare, purtroppo, anche\u00a0 uno degli ultimi testimoni della Politica intesa anche come scontro duro, durissimo a volte, ma\u00a0 i cui strumenti erano ( e\u00a0 oggi purtroppo non lo sono pi\u00f9)\u00a0 esclusivamente la proposta, l\u2019idea, la tesi, ma mai la persona.<br \/>\nUn altro mondo che con lui perde uno dei suoi pi\u00f9 autorevoli rappresentanti. Alla famiglia le pi\u00f9 sentite condoglianze. Per quanto mi riguarda, con immensa commozione, posso solo dire di essere orgoglioso di aver lavorato al suo fianco e di essergli stato amico.<\/p>\n<p>&nbsp;<\/p>\n<p><strong>MAURO D&#8217;ATTIS<\/strong><br \/>\nQuesta volta, a differenza del 2011 quando ebbe quel brutto malore improvviso, ce lo aspettavamo. E in un attimo, quello della notizia che Mimmo non c&#8217;\u00e8 davvero pi\u00f9, ti sale un asfissiante nodo in gola e ti passano tante immagini di vita politica e privata vissuta assieme.<br \/>\nNon capita spesso quando fai politica cittadina di avere a che fare con uno come Mimmo Mennitti. Perch\u00e9 con uno come lui non fai solo l&#8217;amministratore comunale, l&#8217;assessore, il vicesindaco. Con lui vai oltre. Riesci a vedere oltre il naso, oltre l&#8217;ostacolo, oltre le difficolt\u00e0 di oggi. Lui \u00e8 uno tosto, non permette errori, ti da tanto spazio se sei bravo o non ti riceve neanche se sa che non te lo meriti. E se magari riesci a portare a casa un risultato non ti aspettare grandi feste. Da Mimmo la pacca sulla tua spalla vale tantissimo.<br \/>\n\u00c8 cos\u00ec. E meno male. Perch\u00e9 se non fosse cos\u00ec non ti lascerebbe nulla. Non affinch\u00e9 tu possa fare bene il vicesindaco o altro. No, non ti lascerebbe nulla di tutto ci\u00f2 che serve per essere uomo, affrontare la vita, quella delle mille difficolt\u00e0, quella che non lascia spazio alle emozioni.<br \/>\nLui mi dice sempre che in politica &#8220;sono i figli ad uccidere i padri&#8221;. Non gli ho mai creduto e continuo a non credergli. Mentre scrivo mi scappa una lacrima. Perch\u00e9 mi accorgo di averlo fatto al presente. Perch\u00e9 per me le gioie e le sofferenze del periodo trascorso con Mimmo sono ancora presenti.<br \/>\nSono fortunato ad avere avuto la possibilit\u00e0 di crescere con lui e penso che anche la nostra citt\u00e0, per merito suo ma anche di tutti noi che con lui abbiamo collaborato con grande passione, ne ha avuto benefici. Se i brindisini se ne sono accorti? La storia dir\u00e0 la verit\u00e0. Io so soltanto che lui ha imposto una direzione. Prendendo anche quello che c&#8217;era di buono dai predecessori. Di lui, di noi, porto ricordi che restano nella mia memoria, nel mio cuore. Sarebbe impossibile scriverli in poche righe.<br \/>\nNon siamo sempre stati d&#8217;accordo. Ma con lui era meglio scontrarsi che tenersi una cosa dentro. Preferiva cos\u00ec. Preferiva la verit\u00e0. Ho trascorso tante ore con lui in infinite discussioni, viaggi, passeggiate, convegni. L&#8217;ho sempre rispettato anche quando fra noi si sono frapposte tante difficolt\u00e0 e insinuazioni. Cose della vita. Futili rispetto alla grandezza di un rapporto.<br \/>\nOra mi accorgo davvero che Mimmo Mennitti non c&#8217;\u00e8 pi\u00f9. Le lacrime sono molte di pi\u00f9 di una e credo che convenga chiudere questo mio intervento che racconta di Mimmo. Anche perch\u00e9 a lui non piacerebbe sapere che sto piangendo. Abbraccio forte Marisa, sua moglie che mai si \u00e8 allontanata da lui e i suoi figli i quali possono andar fieri del padre che hanno avuto.<\/p>\n<p>&nbsp;<\/p>\n<p><strong>FRANCESCO DE BIASI<\/strong><br \/>\n&#8220;A titolo personale ed a nome del Gruppo consiliare \u201cLa Puglia prima di tutto\u201d esprimo il mio sincero cordoglio per la perdita del caro Domenico Mennitti. Prima che al politico, penso alle tante qualit\u00e0 umane e professionali di Mimmo, che hanno illuminato le menti di molte generazioni. Mimmo continuer\u00e0 ad essere esempio di onest\u00e0 e dirittura morale per tutti noi che ci adoperiamo per la soluzione dei problemi dei cittadini&#8221;.<\/p>\n<p>&nbsp;<\/p>\n<p><strong>MIMMO DE MICHELE<\/strong><br \/>\nApprendo con un sentimento di forte tristezza, di tangibile amarezza, della morte di Mimmo Mennitti, uomo di grande spessore umano e politico, da sempre protagonista insostituibile della vita politica nazionale e locale.<br \/>\nRicordo il primo incontro con Mimmo Mennitti nella sede del parlamento europeo nel lontano 2002: da giovane politico, da scolaretto che si affacciava alla politica attiva, avverti&#8217; da subito lo spessore politico dell&#8217;uomo Mennitti, la sua indiscussa cultura, il suo carattere a volte burbero, forte nei toni, ma di grande autorevolezza ed autorita&#8217;; ma non era solo questo Mennitti: dietro la sua veemenza caratteriale emergeva la sua umanita&#8217;, la sua ragionevolezza, la sua paradossale dolcezza che spesso prevaleva nei suoi racconti, quando da validissimo giornalista descriveva i suoi, spesso intimi, trascorsi di vita personale e politica; e come non ricordare le sue sfuriate da buon padre di famiglia a noi suoi giovani assessori, anche per un semplice ritardo durante le riunioni di giunta o le sedute consiliari, considerando la puntualita&#8217; una forma di rispetto non verso i partiti, ma verso le persone e le istituzioni.<br \/>\nEcco, questo era Mimmo Mennitti, espressione e sintesi viva di correttezza, lealta&#8217;, legalita&#8217;, rispetto dei ruoli e delle istituzioni, amore per la propria citta&#8217;, per la propria terra. Oggi, la morte di Mimmo Mennitti, lascia a tutti noi un grande vuoto, una insanabile carenza di autorevolezza e spessore politico: dovero mio, nostro, di coloro i quali hanno avuto l&#8217;onore come me di essere suoi collaboratori, proseguire il suo percorso, il suo esempio, valorizzando la sua unica e preziosa eredita&#8217; politica.<br \/>\nciao Mimmo!<\/p>\n<p>&nbsp;<br \/>\n<strong>MASSIMO FERRARESE<\/strong><br \/>\nOggi Brindisi perde un grande politico ma soprattutto un grande uomo.<br \/>\nLo ricorder\u00f2 sempre con un affetto speciale. <\/p>\n<p>&nbsp;<\/p>\n<p><strong>RAFFAELE FITTO<\/strong><br \/>\nDomenico Mennitti merita un ricordo affettuoso e grato. Ne serberemo a lungo la memoria di animatore di buona politica e di sfide culturali innovative e anticipatrici. Il suo impegno nel Parlamento italiano e in quello europeo \u2013 aggiunge Fitto \u2013 l\u2019esperienza della destra italiana e poi la nascita di Forza Italia, che aveva sempre concepito come contenitore aperto a provenienze e culture diverse; l\u2019 officina culturale di Ideazione; l\u2019attivit\u00e0 di ottima amministrazione a Brindisi: tutta la sua vita \u00e8 stata spesa per un\u2019idea alta della politica, animata da una vera apertura culturale.<\/p>\n<p>&nbsp;<\/p>\n<p><strong>FONDAZIONE TONINO DI GIULIO<\/strong><br \/>\nLa Fondazione Tonino Di Giulio, esprime profonda tristezza per la scomparsa dell\u2019On. Domenico<br \/>\nMennitti, Uomo dalle idee forti, coerente con se stesso ma sempre pronto al confronto e al superamento<br \/>\ndelle differenze . Ha saputo, con intelligenza e grande capacit\u00e0 dialettica, ricomporre il meglio di questa<br \/>\ncitt\u00e0 e ridare fiducia e speranza ad una comunit\u00e0 ripiegata su se stessa.<br \/>\nAlla Famiglia rinnoviamo affetto e vicinanza. Sapremo trarre dal Suo impegno civile, insegnamento e<br \/>\nstimolo per il nostro agire futuro.<\/p>\n<p>&nbsp;<\/p>\n<p><strong>FONDAZIONE NUOVO TEATRO VERDI<\/strong><br \/>\nLe visioni e i sogni sono necessari per mettere in moto il cambiamento. A volte alcuni progetti sembrano troppo ambiziosi, staccati dalla realt\u00e0 e dalla sua misura. Lei ci ha insegnato che non si \u00e8 mai troppo ambiziosi; chi disegna nuovi scenari, chi \u00e8 visionario qui e oggi, chi fa il rivoluzionario contagiando un&#8217;idea, \u00e8 uno che arriva dal futuro e ti invita a seguirlo. Noi della Fondazione non smetteremo mai di guardare dalla sua stessa parte. Grazie per aver creduto nella formidabile capacit\u00e0 del teatro di fare e rifare comunit\u00e0.<br \/>\n<em>Il Presidente Mimmo Consales, il Consiglio di Amministrazione, il Direttore artistico Carmelo Grassi, e tutto lo staff partecipano al cordoglio della famiglia esprimendo un vivo sentimento di vicinanza e di affetto.<\/em><\/p>\n<p>&nbsp;<\/p>\n<p><strong>PIETRO IURLARO<\/strong><br \/>\nDomenico Mennitti \u00e8 stato un grande uomo e un grande politico. Capace di rilanciare l\u2019immagine di una Citt\u00e0 ferita e l\u2019immagine stessa della politica e dei politici. Autorevole e, a volte, autoritario ha dimostrato che non serve essere simpatici a tutti i costi per essere un valido amministratore. Il pi\u00f9 valido di tutti, ho idea, a queste latitudini. Riposa in pace, Onorevole Sindaco. E grazie di tutto.<\/p>\n<p>&nbsp;<\/p>\n<p><strong>LEGAMBIENTE BRINDISI<\/strong><br \/>\nLegambiente esprime cordoglio nell\u2019apprendere la notizia della scomparsa dell\u2019ex Sindaco Mennitti, ricordandolo come uomo politico capace, durante la gestione della Citt\u00e0, di confrontarsi con tutti ed ascoltare le varie posizioni in merito alle problematiche socio-ambientali e capace, soprattutto, di ristabilire una condizione di legalit\u00e0 nella politica locale. Lo ricordiamo per il suo impegno, insieme a forze politiche di differente posizione ed insieme alle associazioni ambientaliste, nella battaglia contro la realizzazione dell\u2019impianto di rigassificazione. Alla famiglia vanno le condoglianze del Circolo Legambiente \u201cT. Di Giulio\u201d di Brindisi.<\/p>\n<p>&nbsp;<\/p>\n<p><strong>ALFREDO MALCARNE<\/strong><br \/>\nA nome della Giunta Camerale e mio personale.<br \/>\nAbbiamo appreso con profondo dolore la notizia della morte di Mimmo Mennitti<br \/>\nMancher\u00e0 a tutti noi un uomo libero e che ha operato con una capacit\u00e0 di traguardare il futuro che solo pochi uomini illuminati riescono ad avere.<br \/>\nAlla nostra comunit\u00e0 mancher\u00e0 la sua esperienza, la sua abilit\u00e0 nel rendere costruttivo il confronto, la fine dialettica che solo un uomo di cultura riesce ad esprimere, la sua forza nella azione, il suo incidere profondamente nelle idee.<br \/>\nUna eredit\u00e0 pesantissima da sostenere per chiunque voglia cimentarsi a raccoglierla.<br \/>\nIl nostro cordoglio e la nostra vicinanza alla famiglia Mennitti, ed il pensiero rivolto alla scomparsa di un Uomo d&#8217;onore.<br \/>\nUn Uomo di azione.<br \/>\nUn Uomo di libert\u00e0 .<\/p>\n<p>&nbsp;<\/p>\n<p><strong>PARTITO DEMOCRATICO<\/strong><br \/>\nLa Segreteria Provinciale del Partito democratico esprime profondo dispiacere per la scomparsa di Domenico Mennitti, uomo politico con cui, pur se su posizioni differenti, non \u00e8 mai venuto meno il confronto e il dialogo.<br \/>\nPolitico illuminato ed intellettuale di spessore, ha saputo guadagnare la stima di tanti, come dimostrano le attestazioni giunte da ogni schieramento politico, anche a livello nazionale.<br \/>\nAlla moglie e ai figli giunga il nostro sentito cordoglio.<\/p>\n<p>&nbsp;<\/p>\n<p><strong>ADRIANA POLI BORTONE<\/strong><br \/>\n\u201cCon Domenico Mennitti scompare il meglio dell\u2019intelligenza e della cultura di destra che lui ha rappresentato per anni in Parlamento e fuori con l\u2019onest\u00e0 a la lucidit\u00e0 del suo pensiero e della sua azione politica. In uno snodo cos\u00ec difficile della politica la scomparsa di Mennitti \u00e8 una grande perdita per la destra italiana\u201d.<\/p>\n<p>&nbsp;<\/p>\n<p><strong>FRANCESCO RENNA<\/strong><br \/>\nLa scomparsa di Mimmo Mennitti provoca in me un profondo dolore e mi giunge nel mentre sono impegnato a sponsorizzare durante il &#8220;Vinitaly di Verona&#8221; il prossimo &#8220;Negroamaro Wine Festival&#8221; evento ormai di tiratura nazionale grazie alla volont\u00e0 di Mennitti, che, nella Sua qualit\u00e0 di Sindaco, ha creduto e puntato per dare alla Sua Citt\u00e0 un valore aggiunto nel campo dell&#8217; ENOGATRONOMIA. Mennitti \u00e8 stato per me la guida sicura nei primi passi della mia esperienza amministrativa. Lo ricorder\u00f2&#8217; sempre con grande affetto e mi abbraccio alla Sua famiglia, congiuntamente agli amici di &#8220;Brindisi di Tutti&#8221; in questo momento di grande dolore, Francesco Renna.<\/p>\n<p>&nbsp;<\/p>\n<p><strong>ANTONIO SCIANARO<\/strong><br \/>\n\u00ab\u00c8 con grande tristezza che ho appreso la notizia della morte di Domenico Mennitti, un grande uomo e uno dei simboli della politica pugliese\u00bb. Il consigliere regionale di Forza Italia Antonio Scianaro esprime profondo cordoglio alla famiglia dell\u2019ex sindaco di Brindisi, figura di primo piano della Destra nazionale prima col Msi e poi tra i fondatori proprio di Forza Italia. \u00abMennitti per anni \u00e8 stato un punto di riferimento non solo della politica brindisina ma anche di quella nazionale ed europea operando con professionalit\u00e0 e stile \u2013 continua Scianaro -. Queste sue doti lo hanno portato ad essere amato dai suoi concittadini e il dolore per la sua scomparsa \u00e8 forte in ognuno di noi. Ha rappresentato per noi un modello da seguire\u00bb.<\/p>\n<p>&nbsp;<\/p>\n<p><strong>SI DEMOCRAZIA<\/strong><br \/>\nVeniamo tristemente a conoscenza della scomparsa di Domenico Mennitti, Sindaco di Brindisi dal 2004 sino alle dimissioni del 2011, quando decise, a malincuore, di lasciare la guida della Citt\u00e0, stante le sue gravi condizioni di salute.<br \/>\nSono pochi gli uomini politici che possono vantare il rispetto sincero da tutte le fazioni politiche, soprattutto quando le proprie posizioni sono frutto di ideologie e di onesti principi, che trovano riscontro ed attuazione nel proprio operato quotidiano.<br \/>\nDomenico Mennitti, durante i suoi anni al servizio della Citt\u00e0 di Brindisi, ha avuto il grande merito di ridare dignit\u00e0 ad una Citt\u00e0 che, fino a pochi anni prima, era diventata nota come capitale nazionale del contrabbando e del malaffare.<br \/>\nE\u2019 stato Suo merito comprendere che solo una forte operazione culturale avrebbe potuto invertire la rotta cittadina, e da l\u00ec la Sua grande rilevanza data alla cultura e la Sua intensa attivit\u00e0 affinch\u00e8 si inaugurasse finalmente il Nuovo Teatro Verdi, si concludesse il restauro di Palazzo Nervegna &#8211; affinch\u00e8 la citt\u00e0 avesse una sua degna sede di rappresentanza di cui esser fiera, con trasferimento in tale Palazzo del simbolo della Citt\u00e0 -, si avesse l\u2019Universit\u00e0 a Brindisi, si desse impulso alla realizzazione dei Parchi di Giulio e del Cillarese.<br \/>\nAttivit\u00e0 tutte culminate con l\u2019orgogliosa e significativa candidatura della Citt\u00e0 di Brindisi come Capitale Europea della Cultura per l\u2019anno 2019.<br \/>\nEd \u00e8 stato Suo merito comprendere che la Citt\u00e0 di Brindisi doveva smettere di ignorare il porto ed il mare su cui si affaccia, cos\u00ec come era accaduto negli ultimi decenni, perch\u00e9 Brindisi \u00e8 da millenni nota in tutto il mondo per il suo porto, senza il quale non sarebbe altro che un qualunque sconosciuto paese dell\u2019entroterra.<br \/>\nDa qui l\u2019intuizione di Brindisi come Citt\u00e0 d\u2019Acqua, con l\u2019obiettivo di far riscoprire ai brindisini la vera risorsa che essi hanno e che quasi sempre ignorano, ossia il porto e l\u2019affaccio della Citt\u00e0 sul mare che \u00e8 stato culla di tutte le Civilt\u00e0, ossia il Mar Mediterraneo.<br \/>\nE, quindi, la tenace attivit\u00e0 svolta affinch\u00e8 la Citt\u00e0 rinnovasse il proprio lungomare, avviando i lavori di rifacimento del medesimo, e valorizzasse la propria risorsa del Porto, con l\u2019approvazione di un Documento Programmatico Preliminare che restituisse al porto la sua multifunzionalit\u00e0, da tempo persa a seguito dell\u2019asservimento del porto alla sola funzione di scarico del carbone, del gas e dei prodotti necessari all\u2019industria chimica.<br \/>\nQueste sono solo alcune delle geniali intuizioni e delle innumerevoli attivit\u00e0 in cui Mimmo Mennitti ha profuso le proprie energie, fino a consumarle del tutto.<br \/>\nNoi di Si democrazia lo ricordiamo con queste Sue parole, pronunciate in occasione dell\u2019inaugurazione del Parco Di Giulio il 30 luglio 2011:<br \/>\n\u201cLa seconda ragione della cerimonia anticipata ad oggi ha natura pi\u00f9 personale, legata ad una frequentazione non proprio intensa ma ricca di assonanze, un comune sentire che un tempo provocava, anche fra parti politiche contrapposte, interlocuzioni e persino intese nell\u2019interesse generale.<br \/>\nBrindisi, per lungo tempo, \u00e8 stata ricattata con il lavoro, cercando di farci credere che bisogna scegliere tra sviluppo e ambiente. Non \u00e8 vero: il lavoro deve servire ad accrescere il rispetto per l&#8217;uomo e per l&#8217;ambiente. Dobbiamo restituire alla citt\u00e0 un pizzico di amore. Ci sono statistiche che dicono che tra noi e Lecce non ci sono solo 40 chilometri di distanza, ma anche 40 punti in meno di autostima. Ma oggi noi ce la stiamo riconquistando&#8221;<br \/>\nL\u2019onest\u00e0 e la caratura del sindaco Domenico Mennitti, ci mancheranno profondamente.<br \/>\nMa ce ne ricorderemo.<\/p>\n<p>&nbsp;<\/p>\n<p><strong>DARIO STEFANO<\/strong><br \/>\nPartecipo con sincera commozione e profondo rammarico al dolore dei famigliari e al cordoglio della comunit\u00e0 di Brindisi per la scomparsa di Domenico Mennitti. Desidero ricordare il rapporto amichevole e di reciproca stima e rispetto, non frequente fra persone di diverso orientamento politico, che mi ha dato la opportunit\u00e0 di apprezzare le sue doti umane oltre che politiche ma anche di arricchire il mio impegno istituzionale di motivazioni ed impulsi culturali. Una persona per bene fortemente attaccata a Brindisi, citt\u00e0 adottiva per la quale ha condotto battaglie storiche, superando con grande sensibilit\u00e0 culturale inutili barriere di appartenenza politica, ed intrapreso progetti di valorizzazione urbana che porteranno indelebilmente il suo nome per sempre<\/p>\n<p>&nbsp;<\/p>\n<p><strong>SVILUPPO E LAVORO<\/strong><br \/>\nApprendiamo con rammarico la notizia della scomparsa dell&#8217;ex sindaco di Brindisi, on. Mennitti. Pur nella diversit\u00e0 delle posizioni ne abbiamo sempre rispettato lo spessore culturale e la capacit\u00e0 di analizzare lucidamente le vicende politiche,caratteristiche\u00a0 ormai rare in questo panorama di mediocrit\u00e0 umana e culturale !<br \/>\nAlla famiglia giungano le nostre sincere condoglianze.<\/p>\n<p>&nbsp;<\/p>\n<p><strong>NICHI VENDOLA<\/strong><br \/>\n\u201cLa scomparsa di Mimmo Mennitti \u00e8 una notizia che ci riempie di tristezza e di commozione. Abbiamo imparato a conoscerlo come un intellettuale vero, raffinato e curioso. Lo abbiamo apprezzato come politico coerente e di grande rigore morale. E\u2019 stato un Sindaco davvero innamorato della sua citt\u00e0, Brindisi. E\u2019 stato un umo con la schiena dritta, eppure sempre mite e gentile nei modi. Per me \u00e8 stato l\u2019avversario da cui imparare, l\u2019avversario che non diventa mai nemico. Rendiamo a Mimmo Mennitti il tributo che si deve alle persone buone e giuste\u201d.<\/p>\n<p>&nbsp;<\/p>\n","protected":false},"excerpt":{"rendered":"<p>SILVIO BERLUSCONI Ho appreso con profondo dolore la notizia della scomparsa di Domenico Mennitti. Mennitti, che proveniva da una storia importante di destra democratica, fu tra i primi a credere nel progetto di Forza Italia, nel 1994, quando molti, soprattutto fra i politici come lui, irridevano o osteggiavano il nostro tentativo di cambiare il Paese. Lo ricordo al mio fianco come Coordinatore nazionale di Forza Italia nel primo periodo della nostra attivit\u00e0: ci port\u00f2 il valore della sua esperienza, la finezza della sua cultura, ma soprattutto la sua inesauribile fede nella libert\u00e0. Ci mancher\u00e0 un uomo libero, che prima di tanti altri comprese la crisi dei partiti tradizionali e la necessit\u00e0 di cambiare a fondo il modo di fare politica. Come dirigente politico, come animatore di riviste culturali, come sindaco della sua amata Brindisi, ha incarnato il modello di un approccio diverso al bene della collettivit\u00e0, nel segno della libert\u00e0. Libert\u00e0 della quale l&#8217;Italia ha profondamente bisogno, e per la quale anche nel suo ricordo continueremo a combattere, con assoluta&#8230;<\/p>\n","protected":false},"author":2,"featured_media":10452,"comment_status":"open","ping_status":"open","sticky":false,"template":"","format":"standard","meta":{"footnotes":""},"categories":[7],"tags":[1626],"class_list":["post-10389","post","type-post","status-publish","format-standard","has-post-thumbnail","hentry","category-news","tag-mennitti"],"_links":{"self":[{"href":"https:\/\/www.brundisium.net\/index.php\/wp-json\/wp\/v2\/posts\/10389","targetHints":{"allow":["GET"]}}],"collection":[{"href":"https:\/\/www.brundisium.net\/index.php\/wp-json\/wp\/v2\/posts"}],"about":[{"href":"https:\/\/www.brundisium.net\/index.php\/wp-json\/wp\/v2\/types\/post"}],"author":[{"embeddable":true,"href":"https:\/\/www.brundisium.net\/index.php\/wp-json\/wp\/v2\/users\/2"}],"replies":[{"embeddable":true,"href":"https:\/\/www.brundisium.net\/index.php\/wp-json\/wp\/v2\/comments?post=10389"}],"version-history":[{"count":22,"href":"https:\/\/www.brundisium.net\/index.php\/wp-json\/wp\/v2\/posts\/10389\/revisions"}],"predecessor-version":[{"id":10475,"href":"https:\/\/www.brundisium.net\/index.php\/wp-json\/wp\/v2\/posts\/10389\/revisions\/10475"}],"wp:featuredmedia":[{"embeddable":true,"href":"https:\/\/www.brundisium.net\/index.php\/wp-json\/wp\/v2\/media\/10452"}],"wp:attachment":[{"href":"https:\/\/www.brundisium.net\/index.php\/wp-json\/wp\/v2\/media?parent=10389"}],"wp:term":[{"taxonomy":"category","embeddable":true,"href":"https:\/\/www.brundisium.net\/index.php\/wp-json\/wp\/v2\/categories?post=10389"},{"taxonomy":"post_tag","embeddable":true,"href":"https:\/\/www.brundisium.net\/index.php\/wp-json\/wp\/v2\/tags?post=10389"}],"curies":[{"name":"wp","href":"https:\/\/api.w.org\/{rel}","templated":true}]}}