{"id":104169,"date":"2017-05-21T18:35:25","date_gmt":"2017-05-21T16:35:25","guid":{"rendered":"http:\/\/www.brundisium.net\/?p=104169"},"modified":"2017-05-21T16:37:51","modified_gmt":"2017-05-21T14:37:51","slug":"lon-ciraci-direzione-italia-ha-accolto-alla-camera-due-nuove-scolaresche-della-provincia-di-brindisi","status":"publish","type":"post","link":"https:\/\/www.brundisium.net\/index.php\/lon-ciraci-direzione-italia-ha-accolto-alla-camera-due-nuove-scolaresche-della-provincia-di-brindisi\/","title":{"rendered":"L\u2019On. Cirac\u00ec (Direzione Italia) ha accolto alla Camera due nuove scolaresche della provincia di Brindisi"},"content":{"rendered":"<p><a href=\"http:\/\/www.brundisium.net\/brun\/wp-content\/uploads\/2017\/05\/comprensivo-pascoli-erchie.jpg\"><img loading=\"lazy\" decoding=\"async\" class=\"size-medium wp-image-104172 alignleft\" src=\"http:\/\/www.brundisium.net\/brun\/wp-content\/uploads\/2017\/05\/comprensivo-pascoli-erchie-300x169.jpg\" alt=\"\" width=\"300\" height=\"169\" srcset=\"https:\/\/www.brundisium.net\/brun\/wp-content\/uploads\/2017\/05\/comprensivo-pascoli-erchie-300x169.jpg 300w, https:\/\/www.brundisium.net\/brun\/wp-content\/uploads\/2017\/05\/comprensivo-pascoli-erchie-768x431.jpg 768w, https:\/\/www.brundisium.net\/brun\/wp-content\/uploads\/2017\/05\/comprensivo-pascoli-erchie-1024x575.jpg 1024w, https:\/\/www.brundisium.net\/brun\/wp-content\/uploads\/2017\/05\/comprensivo-pascoli-erchie.jpg 1280w\" sizes=\"auto, (max-width: 300px) 100vw, 300px\" \/><\/a>Nei giorni scorsi, tra gioved\u00ec 18 e venerd\u00ec 20 maggio, due delegazioni di studenti e studentesse degli Istituti comprensivi \u201cCommenda\u201d di Brindisi e \u201cGiovanni Pascoli\u201d di Erchie, sono stati ospiti alla Camera dell\u2019On. Nicola Cirac\u00ec (Direzione Italia) che lo scorso settembre aveva invitato a Roma tutte le scuole della provincia di Brindisi.<\/p>\n<p>&nbsp;<\/p>\n<p>&nbsp;<\/p>\n<p>I ragazzi e le ragazze, accompagnati dal dirigente scolastico professor Ennio Carriere (Commenda), dalla vice dirigente professoressa Lucia Scarciglia (Pascoli, in rappresentanza del dirigente professor Tiziano Fattizzo) e dai loro docenti, hanno fatto un tour del Palazzo e sono stati salutati dalla vice presidente di turno dell\u2019Assemblea Marina Sereni.<\/p>\n<p>&nbsp;<\/p>\n<p>&nbsp;<\/p>\n<p>Al termine della visita guidata, Cirac\u00ec ha donato loro l\u2019opuscolo \u201cUna giornata a Montecitorio\u201d che illustra sedi e funzioni della Camera dei Deputati.<\/p>\n<p>&nbsp;<\/p>\n<p>&nbsp;<\/p>\n<p>\u00abSono sempre felice di accogliere le scolaresche e di fare loro da cicerone \u2013 commenta il parlamentare \u2013 perch\u00e9 credo sia fondamentale che le Istituzioni non siano viste e vissute come qualcosa di astratto o, peggio, di lontano dalla realt\u00e0 di tutti i giorni: i giovani devono familiarizzare con esse e con chi le rappresenta perch\u00e9 un giorno potrebbe toccare proprio a loro guidare le sorti del Paese, rifuggendo il virus del disinteresse o addirittura dell\u2019antipolitica\u00bb.<\/p>\n<p>&nbsp;<\/p>\n<p>&nbsp;<\/p>\n<p>\u00abColgo l\u2019occasione per ringraziare tutti i dirigenti e i docenti che nel corso dell\u2019intero anno scolastico hanno accolto il mio invito \u2013 conclude Cirac\u00ec \u2013 e coloro i quali lo faranno in futuro, poich\u00e9 per me \u00e8 stato e sar\u00e0 sempre un onore mettermi a disposizione delle nuove generazioni e contribuire a tramandare loro il senso dello Stato che dovrebbe essere insito in ogni cittadino italiano\u00bb.<\/p>\n<p>&nbsp;<\/p>\n<p><em><strong>c.s.<\/strong><\/em><\/p>\n","protected":false},"excerpt":{"rendered":"<p>Nei giorni scorsi, tra gioved\u00ec 18 e venerd\u00ec 20 maggio, due delegazioni di studenti e studentesse degli Istituti comprensivi \u201cCommenda\u201d di Brindisi e \u201cGiovanni Pascoli\u201d di Erchie, sono stati ospiti alla Camera dell\u2019On. Nicola Cirac\u00ec (Direzione Italia) che lo scorso settembre aveva invitato a Roma tutte le scuole della provincia di Brindisi. &nbsp; &nbsp; I ragazzi e le ragazze, accompagnati dal dirigente scolastico professor Ennio Carriere (Commenda), dalla vice dirigente professoressa Lucia Scarciglia (Pascoli, in rappresentanza del dirigente professor Tiziano Fattizzo) e dai loro docenti, hanno fatto un tour del Palazzo e sono stati salutati dalla vice presidente di turno dell\u2019Assemblea Marina Sereni. &nbsp; &nbsp; Al termine della visita guidata, Cirac\u00ec ha donato loro l\u2019opuscolo \u201cUna giornata a Montecitorio\u201d che illustra sedi e funzioni della Camera dei Deputati. &nbsp; &nbsp; \u00abSono sempre felice di accogliere le scolaresche e di fare loro da cicerone \u2013 commenta il parlamentare \u2013 perch\u00e9 credo sia fondamentale che le Istituzioni non siano viste e vissute come qualcosa di astratto o, peggio, di lontano dalla realt\u00e0&#8230;<\/p>\n","protected":false},"author":2,"featured_media":104171,"comment_status":"open","ping_status":"closed","sticky":false,"template":"","format":"standard","meta":{"footnotes":""},"categories":[7],"tags":[1064],"class_list":["post-104169","post","type-post","status-publish","format-standard","has-post-thumbnail","hentry","category-news","tag-nicola-ciraci"],"_links":{"self":[{"href":"https:\/\/www.brundisium.net\/index.php\/wp-json\/wp\/v2\/posts\/104169","targetHints":{"allow":["GET"]}}],"collection":[{"href":"https:\/\/www.brundisium.net\/index.php\/wp-json\/wp\/v2\/posts"}],"about":[{"href":"https:\/\/www.brundisium.net\/index.php\/wp-json\/wp\/v2\/types\/post"}],"author":[{"embeddable":true,"href":"https:\/\/www.brundisium.net\/index.php\/wp-json\/wp\/v2\/users\/2"}],"replies":[{"embeddable":true,"href":"https:\/\/www.brundisium.net\/index.php\/wp-json\/wp\/v2\/comments?post=104169"}],"version-history":[{"count":1,"href":"https:\/\/www.brundisium.net\/index.php\/wp-json\/wp\/v2\/posts\/104169\/revisions"}],"predecessor-version":[{"id":104174,"href":"https:\/\/www.brundisium.net\/index.php\/wp-json\/wp\/v2\/posts\/104169\/revisions\/104174"}],"wp:featuredmedia":[{"embeddable":true,"href":"https:\/\/www.brundisium.net\/index.php\/wp-json\/wp\/v2\/media\/104171"}],"wp:attachment":[{"href":"https:\/\/www.brundisium.net\/index.php\/wp-json\/wp\/v2\/media?parent=104169"}],"wp:term":[{"taxonomy":"category","embeddable":true,"href":"https:\/\/www.brundisium.net\/index.php\/wp-json\/wp\/v2\/categories?post=104169"},{"taxonomy":"post_tag","embeddable":true,"href":"https:\/\/www.brundisium.net\/index.php\/wp-json\/wp\/v2\/tags?post=104169"}],"curies":[{"name":"wp","href":"https:\/\/api.w.org\/{rel}","templated":true}]}}