{"id":104243,"date":"2017-05-22T12:59:36","date_gmt":"2017-05-22T10:59:36","guid":{"rendered":"http:\/\/www.brundisium.net\/?p=104243"},"modified":"2017-05-22T14:57:04","modified_gmt":"2017-05-22T12:57:04","slug":"il-ministro-orlando-ed-il-vicepresidente-del-csm-ad-ostuni-per-un-importante-convegno-sulla-giustizia","status":"publish","type":"post","link":"https:\/\/www.brundisium.net\/index.php\/il-ministro-orlando-ed-il-vicepresidente-del-csm-ad-ostuni-per-un-importante-convegno-sulla-giustizia\/","title":{"rendered":"Il Ministro Orlando ed il vicepresidente del CSM ad Ostuni per un importante convegno sulla giustizia"},"content":{"rendered":"<p>Dal 25 al 27 Maggio 2017, presso il Rosa Marina Resort di Ostuni, si terr\u00e0 il XXI congresso nazionale della Associazione dirigenti giustizia.<br \/>\nNell&#8217;ambito del congresso, sabato 27, dalle ore 9.00 alle 14.00, si terr\u00e0 un convegno sulle tematiche pi\u00f9 attuali dell&#8217;Amministrazione della Giustizia: &#8220;Quale governance per il servizio giustizia. Persone, qualit\u00e0, digitalizzazione e trasparenza&#8221;.<\/p>\n<p>Il convegno vuole essere l&#8217;occasione per ripercorrere il lavoro fin qui svolto e le prospettive per il miglioramento dell&#8217;organizzazione giudiziaria e per l&#8217;attuazione delle riforme della giustizia.<\/p>\n<p>All&#8217;iniziativa interverranno rappresentanze della magistratura, dell&#8217;avvocatura nonch\u00e9 i vertici dell&#8217;amministrazione giudiziaria, politici, studiosi e quanti si occupano delle tematiche normative, istituzionali, organizzative della giustizia italiana.<\/p>\n<p>&nbsp;<\/p>\n<p>Gli interventi conclusivi saranno tenuti dal Ministro della Giustizia Andrea Orlando e dal vicepresidente del Consiglio Superiore della Magistratura Giovanni Legnini.<br \/>\nPrevisto l&#8217;intervento del Presidente della Regione Michele Emiliano.<br \/>\nModera Mino De Masi, responsabile della redazione di Brindisi del Nuovo Quotidiano di Puglia.<\/p>\n<p>Il congresso dell&#8217;associazione dirigenti ha ottenuto il patrocinio della Regione Puglia, della provincia di Brindisi e del Comune di Ostuni, ed \u00e8 accreditato per l\u2019aggiornamento formativo degli avvocati.<\/p>\n<p>Di seguito relazioni ed interventi:<\/p>\n<p>Salvatore Tomaselli (Senatore Pd)<br \/>\nVito Crimi (Senatore M5S)<br \/>\nElisabetta Cesqui, Capo dell&#8217;ispettorato e Capo di Gabinetto reggente del Ministero della Giustizia;<br \/>\nBarbara Fabbrini, Direttore generale Personale e Formazione del ministero della Giustizia;<br \/>\nAntonio Mungo, Direttore generale Risorse Materiali e Tecnologie del ministero della Giustizia;<br \/>\nRossana Giannaccari, Giunta Esecutiva Centrale dell&#8217;Associazione Nazionale dei Magistrati;<br \/>\nRenato Romano, Direttore Generale Amministrazione Archivi Notarili del ministero della Giustizia;<br \/>\nNicola Stelato, Presidiente dell\u2019Associazione Dirigenti Giustizia &#8211; Dirigente del Tribunae di Milano<br \/>\nLuigi Pansini, Segretario Nazionale dell&#8217;Associazione nazionale forense<br \/>\nDavide Carnevali, Ricercatore CNR \u2013 Istituto Ricerca Sistemi Giudiziari.<\/p>\n<p>Va ricordato che il Tribunale di Brindisi, rispetto al tema, \u00e8 una delle realt\u00e0 pi\u00f9 avanzate in Italia in termini di digitalizzazione dei servizi al cittadino e agli operatori della giustizia, anche con il recente lancio di una comodissima applicazione di accesso anche dal telefono mobile.<br \/>\n\u201c<\/p>\n<p>Potrebbe interessarti: http:\/\/www.brindisireport.it\/cronaca\/il-ministro-Andrea-Orlando-a-Ostuni-al-congresso-nazionale-dei-dirigenti-del-comparto-giustizia.html<br \/>\nSeguici su Facebook: https:\/\/www.facebook.com\/pages\/BrindisiReportit\/129694710394849<\/p>\n","protected":false},"excerpt":{"rendered":"<p>Dal 25 al 27 Maggio 2017, presso il Rosa Marina Resort di Ostuni, si terr\u00e0 il XXI congresso nazionale della Associazione dirigenti giustizia. Nell&#8217;ambito del congresso, sabato 27, dalle ore 9.00 alle 14.00, si terr\u00e0 un convegno sulle tematiche pi\u00f9 attuali dell&#8217;Amministrazione della Giustizia: &#8220;Quale governance per il servizio giustizia. Persone, qualit\u00e0, digitalizzazione e trasparenza&#8221;. Il convegno vuole essere l&#8217;occasione per ripercorrere il lavoro fin qui svolto e le prospettive per il miglioramento dell&#8217;organizzazione giudiziaria e per l&#8217;attuazione delle riforme della giustizia. All&#8217;iniziativa interverranno rappresentanze della magistratura, dell&#8217;avvocatura nonch\u00e9 i vertici dell&#8217;amministrazione giudiziaria, politici, studiosi e quanti si occupano delle tematiche normative, istituzionali, organizzative della giustizia italiana. &nbsp; Gli interventi conclusivi saranno tenuti dal Ministro della Giustizia Andrea Orlando e dal vicepresidente del Consiglio Superiore della Magistratura Giovanni Legnini. Previsto l&#8217;intervento del Presidente della Regione Michele Emiliano. Modera Mino De Masi, responsabile della redazione di Brindisi del Nuovo Quotidiano di Puglia. Il congresso dell&#8217;associazione dirigenti ha ottenuto il patrocinio della Regione Puglia, della provincia di Brindisi e del Comune di&#8230;<\/p>\n","protected":false},"author":2,"featured_media":56511,"comment_status":"open","ping_status":"closed","sticky":false,"template":"","format":"standard","meta":{"footnotes":""},"categories":[7],"tags":[4275,304],"class_list":["post-104243","post","type-post","status-publish","format-standard","has-post-thumbnail","hentry","category-news","tag-giustizia","tag-orlando"],"_links":{"self":[{"href":"https:\/\/www.brundisium.net\/index.php\/wp-json\/wp\/v2\/posts\/104243","targetHints":{"allow":["GET"]}}],"collection":[{"href":"https:\/\/www.brundisium.net\/index.php\/wp-json\/wp\/v2\/posts"}],"about":[{"href":"https:\/\/www.brundisium.net\/index.php\/wp-json\/wp\/v2\/types\/post"}],"author":[{"embeddable":true,"href":"https:\/\/www.brundisium.net\/index.php\/wp-json\/wp\/v2\/users\/2"}],"replies":[{"embeddable":true,"href":"https:\/\/www.brundisium.net\/index.php\/wp-json\/wp\/v2\/comments?post=104243"}],"version-history":[{"count":1,"href":"https:\/\/www.brundisium.net\/index.php\/wp-json\/wp\/v2\/posts\/104243\/revisions"}],"predecessor-version":[{"id":104244,"href":"https:\/\/www.brundisium.net\/index.php\/wp-json\/wp\/v2\/posts\/104243\/revisions\/104244"}],"wp:featuredmedia":[{"embeddable":true,"href":"https:\/\/www.brundisium.net\/index.php\/wp-json\/wp\/v2\/media\/56511"}],"wp:attachment":[{"href":"https:\/\/www.brundisium.net\/index.php\/wp-json\/wp\/v2\/media?parent=104243"}],"wp:term":[{"taxonomy":"category","embeddable":true,"href":"https:\/\/www.brundisium.net\/index.php\/wp-json\/wp\/v2\/categories?post=104243"},{"taxonomy":"post_tag","embeddable":true,"href":"https:\/\/www.brundisium.net\/index.php\/wp-json\/wp\/v2\/tags?post=104243"}],"curies":[{"name":"wp","href":"https:\/\/api.w.org\/{rel}","templated":true}]}}