{"id":104259,"date":"2017-05-22T14:53:39","date_gmt":"2017-05-22T12:53:39","guid":{"rendered":"http:\/\/www.brundisium.net\/?p=104259"},"modified":"2017-05-22T14:55:51","modified_gmt":"2017-05-22T12:55:51","slug":"festa-delle-oasi-2017-liberati-tre-volatili-a-torre-guaceto","status":"publish","type":"post","link":"https:\/\/www.brundisium.net\/index.php\/festa-delle-oasi-2017-liberati-tre-volatili-a-torre-guaceto\/","title":{"rendered":"Festa delle Oasi 2017: liberati tre volatili a Torre Guaceto"},"content":{"rendered":"<p>Come ogni anno, anche questa volta la Riserva ha festeggiato la giornata delle Oasi WWF, ricorrenza che l\u2019associazione ambientalista dedica all\u2019apertura al pubblico dei luoghi protetti gestiti in modo autonomo o all\u2019interno di enti consortili, come nel caso di Torre Guaceto.<\/p>\n<p>&nbsp;<\/p>\n<p>&nbsp;<\/p>\n<p>Per l\u2019occasione, il Consorzio di Gestione della Riserva ha organizzato insieme alla sezione WWF di Brindisi una serie di attivit\u00e0 volte a ricollegare gli adulti alla natura e a far conoscere ai pi\u00f9 piccoli l\u2019immenso patrimonio naturalistico dell\u2019area protetta.<\/p>\n<p>&nbsp;<\/p>\n<p>Un momento molto emozionante \u00e8 stato quello dedicato alla liberazione di tre uccelli.<\/p>\n<p>&nbsp;<\/p>\n<p>Il primo a riprendere il volo \u00e8 stato un gabbiano reale femmina recuperato in serie difficolt\u00e0 a fine 2016 a causa di una sindrome tossica.<\/p>\n<p>&nbsp;<\/p>\n<p>Il secondo, un giovane maschio grillaio recuperato qualche mese addietro con una brutta infezione alla bocca da tricomonas, problematica che avrebbe potuto indurne la morte.<\/p>\n<p>E alla fine, una poiana soccorsa a novembre, in pieno periodo di caccia, con un\u2019ala fratturata da un colpo di arma da fuoco.<\/p>\n<p>&nbsp;<\/p>\n<p>Questi animali hanno potuto trovare la libert\u00e0 a Torre Guaceto grazie all\u2019importante lavoro svolto dall\u2019Osservatorio Faunistico della Regione Puglia e dai professionisti del Dipartimento di Medicina Veterinaria di Bari, i primi hanno offerto loro ricovero, i secondi li hanno rimessi in sesto, insieme ci hanno permesso di festeggiare il lieto evento e mostrare con un gesto pratico quanto sia importante rispettare l\u2019ambiente e gli animali agli utenti della Riserva.<\/p>\n<p>&nbsp;<\/p>\n<p>L\u2019ospite d\u2019eccezione della Festa delle Oasi a Torre Guaceto, infatti, il professore del Dipartimento su citato, Antonio Camarda ha raccontato la storia del gabbiano, del grillaio e della poiana alle numerose persone accorse per l\u2019evento e rimaste estasiate alla vista dei tre animali che, finalmente, sono tornati alla vita vera.<\/p>\n<p>&nbsp;<\/p>\n\n\t\t<style type=\"text\/css\">\n\t\t\t#gallery-1 {\n\t\t\t\tmargin: auto;\n\t\t\t}\n\t\t\t#gallery-1 .gallery-item {\n\t\t\t\tfloat: left;\n\t\t\t\tmargin-top: 10px;\n\t\t\t\ttext-align: center;\n\t\t\t\twidth: 25%;\n\t\t\t}\n\t\t\t#gallery-1 img {\n\t\t\t\tborder: 2px solid #cfcfcf;\n\t\t\t}\n\t\t\t#gallery-1 .gallery-caption {\n\t\t\t\tmargin-left: 0;\n\t\t\t}\n\t\t\t\/* see gallery_shortcode() in wp-includes\/media.php *\/\n\t\t<\/style>\n\t\t<div id='gallery-1' class='gallery galleryid-104259 gallery-columns-4 gallery-size-thumbnail'><dl class='gallery-item'>\n\t\t\t<dt class='gallery-icon portrait'>\n\t\t\t\t<a href='https:\/\/www.brundisium.net\/index.php\/festa-delle-oasi-2017-liberati-tre-volatili-a-torre-guaceto\/festa-delle-oasi-2017-9\/'><img loading=\"lazy\" decoding=\"async\" width=\"150\" height=\"150\" src=\"https:\/\/www.brundisium.net\/brun\/wp-content\/uploads\/2017\/05\/Festa-delle-Oasi-2017-9-150x150.jpg\" class=\"attachment-thumbnail size-thumbnail\" alt=\"\" srcset=\"https:\/\/www.brundisium.net\/brun\/wp-content\/uploads\/2017\/05\/Festa-delle-Oasi-2017-9-150x150.jpg 150w, https:\/\/www.brundisium.net\/brun\/wp-content\/uploads\/2017\/05\/Festa-delle-Oasi-2017-9-60x60.jpg 60w\" sizes=\"auto, (max-width: 150px) 100vw, 150px\" \/><\/a>\n\t\t\t<\/dt><\/dl><dl class='gallery-item'>\n\t\t\t<dt class='gallery-icon portrait'>\n\t\t\t\t<a href='https:\/\/www.brundisium.net\/index.php\/festa-delle-oasi-2017-liberati-tre-volatili-a-torre-guaceto\/festa-delle-oasi-2017-10\/'><img loading=\"lazy\" decoding=\"async\" width=\"150\" height=\"150\" src=\"https:\/\/www.brundisium.net\/brun\/wp-content\/uploads\/2017\/05\/Festa-delle-Oasi-2017-10-150x150.jpg\" class=\"attachment-thumbnail size-thumbnail\" alt=\"\" srcset=\"https:\/\/www.brundisium.net\/brun\/wp-content\/uploads\/2017\/05\/Festa-delle-Oasi-2017-10-150x150.jpg 150w, https:\/\/www.brundisium.net\/brun\/wp-content\/uploads\/2017\/05\/Festa-delle-Oasi-2017-10-350x350.jpg 350w, https:\/\/www.brundisium.net\/brun\/wp-content\/uploads\/2017\/05\/Festa-delle-Oasi-2017-10-60x60.jpg 60w\" sizes=\"auto, (max-width: 150px) 100vw, 150px\" \/><\/a>\n\t\t\t<\/dt><\/dl><dl class='gallery-item'>\n\t\t\t<dt class='gallery-icon portrait'>\n\t\t\t\t<a href='https:\/\/www.brundisium.net\/index.php\/festa-delle-oasi-2017-liberati-tre-volatili-a-torre-guaceto\/festa-delle-oasi-2017-11\/'><img loading=\"lazy\" decoding=\"async\" width=\"150\" height=\"150\" src=\"https:\/\/www.brundisium.net\/brun\/wp-content\/uploads\/2017\/05\/Festa-delle-Oasi-2017-11-150x150.jpg\" class=\"attachment-thumbnail size-thumbnail\" alt=\"\" srcset=\"https:\/\/www.brundisium.net\/brun\/wp-content\/uploads\/2017\/05\/Festa-delle-Oasi-2017-11-150x150.jpg 150w, https:\/\/www.brundisium.net\/brun\/wp-content\/uploads\/2017\/05\/Festa-delle-Oasi-2017-11-350x350.jpg 350w, https:\/\/www.brundisium.net\/brun\/wp-content\/uploads\/2017\/05\/Festa-delle-Oasi-2017-11-60x60.jpg 60w\" sizes=\"auto, (max-width: 150px) 100vw, 150px\" \/><\/a>\n\t\t\t<\/dt><\/dl><dl class='gallery-item'>\n\t\t\t<dt class='gallery-icon landscape'>\n\t\t\t\t<a href='https:\/\/www.brundisium.net\/index.php\/festa-delle-oasi-2017-liberati-tre-volatili-a-torre-guaceto\/festa-delle-oasi-2017-12\/'><img loading=\"lazy\" decoding=\"async\" width=\"150\" height=\"150\" src=\"https:\/\/www.brundisium.net\/brun\/wp-content\/uploads\/2017\/05\/Festa-delle-Oasi-2017-12-150x150.jpg\" class=\"attachment-thumbnail size-thumbnail\" alt=\"\" srcset=\"https:\/\/www.brundisium.net\/brun\/wp-content\/uploads\/2017\/05\/Festa-delle-Oasi-2017-12-150x150.jpg 150w, https:\/\/www.brundisium.net\/brun\/wp-content\/uploads\/2017\/05\/Festa-delle-Oasi-2017-12-60x60.jpg 60w\" sizes=\"auto, (max-width: 150px) 100vw, 150px\" \/><\/a>\n\t\t\t<\/dt><\/dl><br style=\"clear: both\" \/><dl class='gallery-item'>\n\t\t\t<dt class='gallery-icon landscape'>\n\t\t\t\t<a href='https:\/\/www.brundisium.net\/index.php\/festa-delle-oasi-2017-liberati-tre-volatili-a-torre-guaceto\/festa-delle-oasi-2017-13\/'><img loading=\"lazy\" decoding=\"async\" width=\"150\" height=\"150\" src=\"https:\/\/www.brundisium.net\/brun\/wp-content\/uploads\/2017\/05\/Festa-delle-Oasi-2017-13-150x150.jpg\" class=\"attachment-thumbnail size-thumbnail\" alt=\"\" srcset=\"https:\/\/www.brundisium.net\/brun\/wp-content\/uploads\/2017\/05\/Festa-delle-Oasi-2017-13-150x150.jpg 150w, https:\/\/www.brundisium.net\/brun\/wp-content\/uploads\/2017\/05\/Festa-delle-Oasi-2017-13-60x60.jpg 60w\" sizes=\"auto, (max-width: 150px) 100vw, 150px\" \/><\/a>\n\t\t\t<\/dt><\/dl><dl class='gallery-item'>\n\t\t\t<dt class='gallery-icon landscape'>\n\t\t\t\t<a href='https:\/\/www.brundisium.net\/index.php\/festa-delle-oasi-2017-liberati-tre-volatili-a-torre-guaceto\/festa-delle-oasi-2017-1\/'><img loading=\"lazy\" decoding=\"async\" width=\"150\" height=\"150\" src=\"https:\/\/www.brundisium.net\/brun\/wp-content\/uploads\/2017\/05\/Festa-delle-Oasi-2017-1-150x150.jpg\" class=\"attachment-thumbnail size-thumbnail\" alt=\"\" srcset=\"https:\/\/www.brundisium.net\/brun\/wp-content\/uploads\/2017\/05\/Festa-delle-Oasi-2017-1-150x150.jpg 150w, https:\/\/www.brundisium.net\/brun\/wp-content\/uploads\/2017\/05\/Festa-delle-Oasi-2017-1-60x60.jpg 60w\" sizes=\"auto, (max-width: 150px) 100vw, 150px\" \/><\/a>\n\t\t\t<\/dt><\/dl><dl class='gallery-item'>\n\t\t\t<dt class='gallery-icon landscape'>\n\t\t\t\t<a href='https:\/\/www.brundisium.net\/index.php\/festa-delle-oasi-2017-liberati-tre-volatili-a-torre-guaceto\/festa-delle-oasi-2017-2\/'><img loading=\"lazy\" decoding=\"async\" width=\"150\" height=\"150\" src=\"https:\/\/www.brundisium.net\/brun\/wp-content\/uploads\/2017\/05\/Festa-delle-Oasi-2017-2-150x150.jpg\" class=\"attachment-thumbnail size-thumbnail\" alt=\"\" srcset=\"https:\/\/www.brundisium.net\/brun\/wp-content\/uploads\/2017\/05\/Festa-delle-Oasi-2017-2-150x150.jpg 150w, https:\/\/www.brundisium.net\/brun\/wp-content\/uploads\/2017\/05\/Festa-delle-Oasi-2017-2-60x60.jpg 60w\" sizes=\"auto, (max-width: 150px) 100vw, 150px\" \/><\/a>\n\t\t\t<\/dt><\/dl><dl class='gallery-item'>\n\t\t\t<dt class='gallery-icon portrait'>\n\t\t\t\t<a href='https:\/\/www.brundisium.net\/index.php\/festa-delle-oasi-2017-liberati-tre-volatili-a-torre-guaceto\/festa-delle-oasi-2017-3\/'><img loading=\"lazy\" decoding=\"async\" width=\"150\" height=\"150\" src=\"https:\/\/www.brundisium.net\/brun\/wp-content\/uploads\/2017\/05\/Festa-delle-Oasi-2017-3-150x150.jpg\" class=\"attachment-thumbnail size-thumbnail\" alt=\"\" srcset=\"https:\/\/www.brundisium.net\/brun\/wp-content\/uploads\/2017\/05\/Festa-delle-Oasi-2017-3-150x150.jpg 150w, https:\/\/www.brundisium.net\/brun\/wp-content\/uploads\/2017\/05\/Festa-delle-Oasi-2017-3-60x60.jpg 60w\" sizes=\"auto, (max-width: 150px) 100vw, 150px\" \/><\/a>\n\t\t\t<\/dt><\/dl><br style=\"clear: both\" \/><dl class='gallery-item'>\n\t\t\t<dt class='gallery-icon portrait'>\n\t\t\t\t<a href='https:\/\/www.brundisium.net\/index.php\/festa-delle-oasi-2017-liberati-tre-volatili-a-torre-guaceto\/festa-delle-oasi-2017-4\/'><img loading=\"lazy\" decoding=\"async\" width=\"150\" height=\"150\" src=\"https:\/\/www.brundisium.net\/brun\/wp-content\/uploads\/2017\/05\/Festa-delle-Oasi-2017-4-150x150.jpg\" class=\"attachment-thumbnail size-thumbnail\" alt=\"\" srcset=\"https:\/\/www.brundisium.net\/brun\/wp-content\/uploads\/2017\/05\/Festa-delle-Oasi-2017-4-150x150.jpg 150w, https:\/\/www.brundisium.net\/brun\/wp-content\/uploads\/2017\/05\/Festa-delle-Oasi-2017-4-350x350.jpg 350w, https:\/\/www.brundisium.net\/brun\/wp-content\/uploads\/2017\/05\/Festa-delle-Oasi-2017-4-60x60.jpg 60w\" sizes=\"auto, (max-width: 150px) 100vw, 150px\" \/><\/a>\n\t\t\t<\/dt><\/dl><dl class='gallery-item'>\n\t\t\t<dt class='gallery-icon portrait'>\n\t\t\t\t<a href='https:\/\/www.brundisium.net\/index.php\/festa-delle-oasi-2017-liberati-tre-volatili-a-torre-guaceto\/festa-delle-oasi-2017-6\/'><img loading=\"lazy\" decoding=\"async\" width=\"150\" height=\"150\" src=\"https:\/\/www.brundisium.net\/brun\/wp-content\/uploads\/2017\/05\/Festa-delle-Oasi-2017-6-150x150.jpg\" class=\"attachment-thumbnail size-thumbnail\" alt=\"\" srcset=\"https:\/\/www.brundisium.net\/brun\/wp-content\/uploads\/2017\/05\/Festa-delle-Oasi-2017-6-150x150.jpg 150w, https:\/\/www.brundisium.net\/brun\/wp-content\/uploads\/2017\/05\/Festa-delle-Oasi-2017-6-350x350.jpg 350w, https:\/\/www.brundisium.net\/brun\/wp-content\/uploads\/2017\/05\/Festa-delle-Oasi-2017-6-60x60.jpg 60w\" sizes=\"auto, (max-width: 150px) 100vw, 150px\" \/><\/a>\n\t\t\t<\/dt><\/dl><dl class='gallery-item'>\n\t\t\t<dt class='gallery-icon landscape'>\n\t\t\t\t<a href='https:\/\/www.brundisium.net\/index.php\/festa-delle-oasi-2017-liberati-tre-volatili-a-torre-guaceto\/festa-delle-oasi-2017-7\/'><img loading=\"lazy\" decoding=\"async\" width=\"150\" height=\"150\" src=\"https:\/\/www.brundisium.net\/brun\/wp-content\/uploads\/2017\/05\/Festa-delle-Oasi-2017-7-150x150.jpg\" class=\"attachment-thumbnail size-thumbnail\" alt=\"\" srcset=\"https:\/\/www.brundisium.net\/brun\/wp-content\/uploads\/2017\/05\/Festa-delle-Oasi-2017-7-150x150.jpg 150w, https:\/\/www.brundisium.net\/brun\/wp-content\/uploads\/2017\/05\/Festa-delle-Oasi-2017-7-60x60.jpg 60w\" sizes=\"auto, (max-width: 150px) 100vw, 150px\" \/><\/a>\n\t\t\t<\/dt><\/dl><dl class='gallery-item'>\n\t\t\t<dt class='gallery-icon landscape'>\n\t\t\t\t<a href='https:\/\/www.brundisium.net\/index.php\/festa-delle-oasi-2017-liberati-tre-volatili-a-torre-guaceto\/festa-delle-oasi-2017-8\/'><img loading=\"lazy\" decoding=\"async\" width=\"150\" height=\"150\" src=\"https:\/\/www.brundisium.net\/brun\/wp-content\/uploads\/2017\/05\/Festa-delle-Oasi-2017-8-150x150.jpg\" class=\"attachment-thumbnail size-thumbnail\" alt=\"\" srcset=\"https:\/\/www.brundisium.net\/brun\/wp-content\/uploads\/2017\/05\/Festa-delle-Oasi-2017-8-150x150.jpg 150w, https:\/\/www.brundisium.net\/brun\/wp-content\/uploads\/2017\/05\/Festa-delle-Oasi-2017-8-60x60.jpg 60w\" sizes=\"auto, (max-width: 150px) 100vw, 150px\" \/><\/a>\n\t\t\t<\/dt><\/dl><br style=\"clear: both\" \/>\n\t\t<\/div>\n\n","protected":false},"excerpt":{"rendered":"<p>Come ogni anno, anche questa volta la Riserva ha festeggiato la giornata delle Oasi WWF, ricorrenza che l\u2019associazione ambientalista dedica all\u2019apertura al pubblico dei luoghi protetti gestiti in modo autonomo o all\u2019interno di enti consortili, come nel caso di Torre Guaceto. &nbsp; &nbsp; Per l\u2019occasione, il Consorzio di Gestione della Riserva ha organizzato insieme alla sezione WWF di Brindisi una serie di attivit\u00e0 volte a ricollegare gli adulti alla natura e a far conoscere ai pi\u00f9 piccoli l\u2019immenso patrimonio naturalistico dell\u2019area protetta. &nbsp; Un momento molto emozionante \u00e8 stato quello dedicato alla liberazione di tre uccelli. &nbsp; Il primo a riprendere il volo \u00e8 stato un gabbiano reale femmina recuperato in serie difficolt\u00e0 a fine 2016 a causa di una sindrome tossica. &nbsp; Il secondo, un giovane maschio grillaio recuperato qualche mese addietro con una brutta infezione alla bocca da tricomonas, problematica che avrebbe potuto indurne la morte. E alla fine, una poiana soccorsa a novembre, in pieno periodo di caccia, con un\u2019ala fratturata da un colpo di arma da&#8230;<\/p>\n","protected":false},"author":2,"featured_media":104269,"comment_status":"open","ping_status":"closed","sticky":false,"template":"","format":"standard","meta":{"footnotes":""},"categories":[7],"tags":[4271,1126],"class_list":["post-104259","post","type-post","status-publish","format-standard","has-post-thumbnail","hentry","category-news","tag-festa-delle-oasi","tag-torre-guaceto"],"_links":{"self":[{"href":"https:\/\/www.brundisium.net\/index.php\/wp-json\/wp\/v2\/posts\/104259","targetHints":{"allow":["GET"]}}],"collection":[{"href":"https:\/\/www.brundisium.net\/index.php\/wp-json\/wp\/v2\/posts"}],"about":[{"href":"https:\/\/www.brundisium.net\/index.php\/wp-json\/wp\/v2\/types\/post"}],"author":[{"embeddable":true,"href":"https:\/\/www.brundisium.net\/index.php\/wp-json\/wp\/v2\/users\/2"}],"replies":[{"embeddable":true,"href":"https:\/\/www.brundisium.net\/index.php\/wp-json\/wp\/v2\/comments?post=104259"}],"version-history":[{"count":1,"href":"https:\/\/www.brundisium.net\/index.php\/wp-json\/wp\/v2\/posts\/104259\/revisions"}],"predecessor-version":[{"id":104273,"href":"https:\/\/www.brundisium.net\/index.php\/wp-json\/wp\/v2\/posts\/104259\/revisions\/104273"}],"wp:featuredmedia":[{"embeddable":true,"href":"https:\/\/www.brundisium.net\/index.php\/wp-json\/wp\/v2\/media\/104269"}],"wp:attachment":[{"href":"https:\/\/www.brundisium.net\/index.php\/wp-json\/wp\/v2\/media?parent=104259"}],"wp:term":[{"taxonomy":"category","embeddable":true,"href":"https:\/\/www.brundisium.net\/index.php\/wp-json\/wp\/v2\/categories?post=104259"},{"taxonomy":"post_tag","embeddable":true,"href":"https:\/\/www.brundisium.net\/index.php\/wp-json\/wp\/v2\/tags?post=104259"}],"curies":[{"name":"wp","href":"https:\/\/api.w.org\/{rel}","templated":true}]}}