{"id":104307,"date":"2017-05-22T17:03:08","date_gmt":"2017-05-22T15:03:08","guid":{"rendered":"http:\/\/www.brundisium.net\/?p=104307"},"modified":"2017-05-22T22:23:20","modified_gmt":"2017-05-22T20:23:20","slug":"via-carlo-alberto-pedonalizzata-e-risistemata-invitati-10-operatori-economici-per-presentare-offerta-94mila-euro-il-costo-complessivo-stimato","status":"publish","type":"post","link":"https:\/\/www.brundisium.net\/index.php\/via-carlo-alberto-pedonalizzata-e-risistemata-invitati-10-operatori-economici-per-presentare-offerta-94mila-euro-il-costo-complessivo-stimato\/","title":{"rendered":"Via Carlo Alberto pedonalizzata e risistemata. Invitati 10 operatori economici per presentare offerta. 94mila euro il costo complessivo stimato."},"content":{"rendered":"<p>Via Carlo Alberto, arteria che da via San Francesco sale fino a piazza Ciaia, a Fasano, sar\u00e0 pedonalizzata in modo permanente e risistemata. \u00c8 stata avviata, infatti, la procedura negoziata, che preveder\u00e0 l\u2019invito del Comune a dieci operatori economici affinch\u00e9 presentino la loro offerta rispetto al progetto esecutivo gi\u00e0 approvato dal Comune e con un costo stimato (complessivo di Iva ed oneri accessori) pari a 94.988,18 euro. Gli imprenditori invitati avranno venti giorni di tempo dalla ricezione dell\u2019invito per inoltrare a Palazzo di Citt\u00e0 la propria offerta.<\/p>\n<p>&nbsp;<\/p>\n<p>\u00abLa risistemazione di via Carlo Alberto \u00e8 un nostro sogno per realizzare un centro cittadino omogeneo, decoroso, capace di creare un \u201cdisegno\u201d univoco della parte centrale a ridosso del borgo antico della nostra Fasano \u2013 afferma il sindaco Francesco Zaccaria \u2013 e sar\u00e0 un biglietto da visita elegante che accoglier\u00e0 tutti nella piazza dove affaccia il Palazzo municipale e da dove si pu\u00f2 raggiungere il suggestivo reticolo delle nostre splendide vie interne\u00bb.<\/p>\n<p>&nbsp;<\/p>\n<p>L\u2019arteria verr\u00e0 completamente rifatta attraverso lo smantellamento dell\u2019attuale manto bituminoso e la posa in opera, per l\u2019intera lunghezza della strada, di nuova pavimentazione con basole di pietra e zanelle \u00absimili a quelle esistenti in piazza Ciaia \u2013 spiega Annarita Angelini, assessora ai Lavori pubblici \u2013 proprio allo scopo di creare un\u2019unica isola pedonale. Peraltro, non penalizzeremo i residenti del centro storico, giacch\u00e9 verranno dotati di un telecomando per poter azionare il pilomat che verr\u00e0 installato al centro strada, proprio sul finire di via san Francesco-inizio via Carlo Alberto e consentire loro l\u2019accesso con le auto. Ma c\u2019\u00e8 un\u2019altra novit\u00e0: con la risistemazione totale dell\u2019arteria \u2013 annuncia l\u2019assessora Angelini \u2013 le attivit\u00e0 commerciali l\u00ec ubicate, che vorranno allestire all\u2019esterno, proprio dinanzi agl\u2019ingressi dei loro esercizi, tavolini e sedie per i loro clienti, potranno farlo richiedendo l\u2019autorizzazione all\u2019utilizzo del suolo pubblico con relativo pagamento della Tosap: un\u2019opportunit\u00e0 in pi\u00f9 per i commercianti di offrire un nuovo servizio alla propria clientela, soprattutto nel periodo primaverile ed estivo\u00bb.<\/p>\n<p>&nbsp;<\/p>\n<p>Il progetto del rifacimento di via Carlo Alberto prevede anche l\u2019eliminazione dei due marciapiedi esistenti ai lati della strada per consentire la pavimentazione di tutta la superficie dell\u2019arteria: sar\u00e0 lasciata libera al centro una carreggiata di tre metri proprio allo scopo di far transitare le auto dei soli residenti del centro storico e dei mezzi di soccorso e delle forze dell\u2019ordine che avessero necessit\u00e0 di entrare nel borgo antico fasanese, da via del Bal\u00ec. Peraltro, sono previsti tre nuovi punti luce artistici ed otto punti di verde pubblico, sostanzialmente fioriere per abbellire l\u2019arteria. Ma non solo. La parte della strada che prevede attualmente il maggior dislivello (all\u2019angolo con via san Francesco) verr\u00e0 risistemata in modo da eliminare quella pericolosa ripidezza, attraverso una piccola scalinata realizzata dal lato sinistro (a ridosso della strada) rispetto ai negozi ubicati in via san Francesco.<\/p>\n<p>&nbsp;<\/p>\n<p><strong>comune di fasano<\/strong><\/p>\n","protected":false},"excerpt":{"rendered":"<p>Via Carlo Alberto, arteria che da via San Francesco sale fino a piazza Ciaia, a Fasano, sar\u00e0 pedonalizzata in modo permanente e risistemata. \u00c8 stata avviata, infatti, la procedura negoziata, che preveder\u00e0 l\u2019invito del Comune a dieci operatori economici affinch\u00e9 presentino la loro offerta rispetto al progetto esecutivo gi\u00e0 approvato dal Comune e con un costo stimato (complessivo di Iva ed oneri accessori) pari a 94.988,18 euro. Gli imprenditori invitati avranno venti giorni di tempo dalla ricezione dell\u2019invito per inoltrare a Palazzo di Citt\u00e0 la propria offerta. &nbsp; \u00abLa risistemazione di via Carlo Alberto \u00e8 un nostro sogno per realizzare un centro cittadino omogeneo, decoroso, capace di creare un \u201cdisegno\u201d univoco della parte centrale a ridosso del borgo antico della nostra Fasano \u2013 afferma il sindaco Francesco Zaccaria \u2013 e sar\u00e0 un biglietto da visita elegante che accoglier\u00e0 tutti nella piazza dove affaccia il Palazzo municipale e da dove si pu\u00f2 raggiungere il suggestivo reticolo delle nostre splendide vie interne\u00bb. &nbsp; L\u2019arteria verr\u00e0 completamente rifatta attraverso lo smantellamento dell\u2019attuale manto&#8230;<\/p>\n","protected":false},"author":2,"featured_media":2940,"comment_status":"open","ping_status":"closed","sticky":false,"template":"","format":"standard","meta":{"footnotes":""},"categories":[7],"tags":[244],"class_list":["post-104307","post","type-post","status-publish","format-standard","has-post-thumbnail","hentry","category-news","tag-fasano"],"_links":{"self":[{"href":"https:\/\/www.brundisium.net\/index.php\/wp-json\/wp\/v2\/posts\/104307","targetHints":{"allow":["GET"]}}],"collection":[{"href":"https:\/\/www.brundisium.net\/index.php\/wp-json\/wp\/v2\/posts"}],"about":[{"href":"https:\/\/www.brundisium.net\/index.php\/wp-json\/wp\/v2\/types\/post"}],"author":[{"embeddable":true,"href":"https:\/\/www.brundisium.net\/index.php\/wp-json\/wp\/v2\/users\/2"}],"replies":[{"embeddable":true,"href":"https:\/\/www.brundisium.net\/index.php\/wp-json\/wp\/v2\/comments?post=104307"}],"version-history":[{"count":1,"href":"https:\/\/www.brundisium.net\/index.php\/wp-json\/wp\/v2\/posts\/104307\/revisions"}],"predecessor-version":[{"id":104310,"href":"https:\/\/www.brundisium.net\/index.php\/wp-json\/wp\/v2\/posts\/104307\/revisions\/104310"}],"wp:featuredmedia":[{"embeddable":true,"href":"https:\/\/www.brundisium.net\/index.php\/wp-json\/wp\/v2\/media\/2940"}],"wp:attachment":[{"href":"https:\/\/www.brundisium.net\/index.php\/wp-json\/wp\/v2\/media?parent=104307"}],"wp:term":[{"taxonomy":"category","embeddable":true,"href":"https:\/\/www.brundisium.net\/index.php\/wp-json\/wp\/v2\/categories?post=104307"},{"taxonomy":"post_tag","embeddable":true,"href":"https:\/\/www.brundisium.net\/index.php\/wp-json\/wp\/v2\/tags?post=104307"}],"curies":[{"name":"wp","href":"https:\/\/api.w.org\/{rel}","templated":true}]}}