{"id":10437,"date":"2014-04-06T18:11:32","date_gmt":"2014-04-06T16:11:32","guid":{"rendered":"http:\/\/www.brundisium.net\/brun\/?p=10437"},"modified":"2014-04-06T18:11:32","modified_gmt":"2014-04-06T16:11:32","slug":"associazioni-migliorare-la-qualita-dellaccoglienza-no-alla-chiusura-del-dormitorio","status":"publish","type":"post","link":"https:\/\/www.brundisium.net\/index.php\/associazioni-migliorare-la-qualita-dellaccoglienza-no-alla-chiusura-del-dormitorio\/","title":{"rendered":"Associazioni: migliorare la qualit\u00e0 dell&#8217;accoglienza, no alla chiusura del dormitorio"},"content":{"rendered":"<div dir=\"ltr\">\n<p>La recente protesta dei giovani migranti alloggiati presso il dormitorio di Via Provinciale San Vito, causata dall&#8217;interruzione della erogazione della energia elettrica e dell&#8217;acqua,\u00a0 appare sorretta da comprensibili motivi dal momento che problemi riguardanti l\u2019alloggio di chi \u00e8 privo di tetto e di mezzi non possono essere certo affrontati consentendo che tali indigenti siano privati di servizi indispensabili per la loro\u00a0 umana sopravvivenza. Si tratta di problemi che in un paese civile\u00a0 le competenti autorit\u00e0 devono risolvere in maniera diversa e comunque rispettosa di quel caposaldo della nostra Costituzione che \u00e8 il necessario rispetto della dignit\u00e0 della persona umana.<\/p>\n<p>&nbsp;<\/p>\n<p>L\u2019accaduto ripropone allora la cruciale questione dell\u2019accoglienza a Brindisi degli stranieri fuggiti da terre martoriate dalla guerra e dalla miseria e duole dover constatare che mentre si\u00a0 invoca e talora si esalta una dura repressione in danno di questi diseredati, nulla si muove, nel perverso interesse di alcuni e nella riprovevole indifferenza di altri, per rimuovere le condizioni nelle quali essi spesso sono costretti\u00a0 a lavorare con retribuzioni di fame.<\/p>\n<p>Occorre convincersi che non si pu\u00f2 fare accoglienza solo col volontariato per quanto meritevole ed encomiabile. Sono invero necessarie precise scelte politiche con adeguati investimenti di denaro pubblico a partire dall\u2019approntamento del dormitorio e di altri luoghi da reperire allo scopo che devono essere adeguatamente custoditi e manutenuti per assicurare una dimora a chi ne \u00e8 ingiustamente privo. Si tratta di un dovere che chiama in causa la responsabilit\u00e0 delle istituzioni e, in particolare, quella dell\u2019amministrazione comunale nella persona del Sindaco e di ogni Consigliere comunale.<\/p>\n<p>&nbsp;<\/p>\n<p>Siamo contrari\u00a0 ad ogni ipotesi di chiusura del dormitorio e chiediamo l\u2019urgente varo di un serio programma di accoglienza\u00a0 da tradurre in provvedimenti concreti come alternativa di civilt\u00e0 al vergognoso tentativo di formulare generiche , indiscriminate ed indimostrate accuse di vandalismo in danno dei giovani immigrati del dormitorio\u00a0 mentre nulla si fa per eliminare lo scempio di zone periferiche, luoghi e strutture pubbliche\u00a0 della citt\u00e0 che sono, e non certo per colpa dei cittadini immigrati, in condizioni di grave ed inammissibile degrado.<\/p>\n<p>&nbsp;<\/p>\n<p><strong>COMUNICATO STAMPA CONGIUNTO:<\/strong><\/p>\n<p style=\"text-align: left;\">\u00a0<em>Ambulatorio Via Appia 64, Associazione Salute Pubblica, Associazione \u201cIo Donna\u201d, Sindacato COBAS, Forum Ambiente Salute e Sviluppo<\/em><\/p>\n<p>&nbsp;<\/p>\n<p>&nbsp;<\/p>\n<\/div>\n","protected":false},"excerpt":{"rendered":"<p>La recente protesta dei giovani migranti alloggiati presso il dormitorio di Via Provinciale San Vito, causata dall&#8217;interruzione della erogazione della energia elettrica e dell&#8217;acqua,\u00a0 appare sorretta da comprensibili motivi dal momento che problemi riguardanti l\u2019alloggio di chi \u00e8 privo di tetto e di mezzi non possono essere certo affrontati consentendo che tali indigenti siano privati di servizi indispensabili per la loro\u00a0 umana sopravvivenza. Si tratta di problemi che in un paese civile\u00a0 le competenti autorit\u00e0 devono risolvere in maniera diversa e comunque rispettosa di quel caposaldo della nostra Costituzione che \u00e8 il necessario rispetto della dignit\u00e0 della persona umana. &nbsp; L\u2019accaduto ripropone allora la cruciale questione dell\u2019accoglienza a Brindisi degli stranieri fuggiti da terre martoriate dalla guerra e dalla miseria e duole dover constatare che mentre si\u00a0 invoca e talora si esalta una dura repressione in danno di questi diseredati, nulla si muove, nel perverso interesse di alcuni e nella riprovevole indifferenza di altri, per rimuovere le condizioni nelle quali essi spesso sono costretti\u00a0 a lavorare con retribuzioni di fame&#8230;.<\/p>\n","protected":false},"author":2,"featured_media":10121,"comment_status":"open","ping_status":"open","sticky":false,"template":"","format":"standard","meta":{"footnotes":""},"categories":[7],"tags":[],"class_list":["post-10437","post","type-post","status-publish","format-standard","has-post-thumbnail","hentry","category-news"],"_links":{"self":[{"href":"https:\/\/www.brundisium.net\/index.php\/wp-json\/wp\/v2\/posts\/10437","targetHints":{"allow":["GET"]}}],"collection":[{"href":"https:\/\/www.brundisium.net\/index.php\/wp-json\/wp\/v2\/posts"}],"about":[{"href":"https:\/\/www.brundisium.net\/index.php\/wp-json\/wp\/v2\/types\/post"}],"author":[{"embeddable":true,"href":"https:\/\/www.brundisium.net\/index.php\/wp-json\/wp\/v2\/users\/2"}],"replies":[{"embeddable":true,"href":"https:\/\/www.brundisium.net\/index.php\/wp-json\/wp\/v2\/comments?post=10437"}],"version-history":[{"count":1,"href":"https:\/\/www.brundisium.net\/index.php\/wp-json\/wp\/v2\/posts\/10437\/revisions"}],"predecessor-version":[{"id":10439,"href":"https:\/\/www.brundisium.net\/index.php\/wp-json\/wp\/v2\/posts\/10437\/revisions\/10439"}],"wp:featuredmedia":[{"embeddable":true,"href":"https:\/\/www.brundisium.net\/index.php\/wp-json\/wp\/v2\/media\/10121"}],"wp:attachment":[{"href":"https:\/\/www.brundisium.net\/index.php\/wp-json\/wp\/v2\/media?parent=10437"}],"wp:term":[{"taxonomy":"category","embeddable":true,"href":"https:\/\/www.brundisium.net\/index.php\/wp-json\/wp\/v2\/categories?post=10437"},{"taxonomy":"post_tag","embeddable":true,"href":"https:\/\/www.brundisium.net\/index.php\/wp-json\/wp\/v2\/tags?post=10437"}],"curies":[{"name":"wp","href":"https:\/\/api.w.org\/{rel}","templated":true}]}}