{"id":104657,"date":"2017-05-25T16:10:24","date_gmt":"2017-05-25T14:10:24","guid":{"rendered":"http:\/\/www.brundisium.net\/?p=104657"},"modified":"2017-05-27T15:56:28","modified_gmt":"2017-05-27T13:56:28","slug":"egerthe-domenica-28-maggio-per-la-rassegna-io-terra-di-mezzo-ospite-ad-ostuni-la-teologa-maria-soave-buscemi","status":"publish","type":"post","link":"https:\/\/www.brundisium.net\/index.php\/egerthe-domenica-28-maggio-per-la-rassegna-io-terra-di-mezzo-ospite-ad-ostuni-la-teologa-maria-soave-buscemi\/","title":{"rendered":"Egerthe, domenica 28 maggio per la rassegna \u201cIo Terra di Mezzo\u201d ospite ad Ostuni la teologa Maria Soave Buscemi"},"content":{"rendered":"<p>L&#8217;associazione Egerthe a Ostuni nel corso del 2017 ha messo a disposizione della comunit\u00e0 una serie di appuntamenti in collaborazione con il museo della civilt\u00e0 preclassiche e il patrocinio del Comune di Ostuni a scadenze mensile sul progetto di promozione della cultura dell&#8217;integrazione nella convivialit\u00e0 delle differenze, una sfida che \u00e8 parsa complessa, ma al contempo promettente, proprio perch\u00e9 sempre attuale.<\/p>\n<p>Le donne, ricerca del femminile che \u00e8 ogni essere vivente, attraverso il luogo delle donne nella &#8220;storia &#8220;, un percorso, un viaggio di sensi, emozioni, da impastare, aggrovigliare, cardare, districare, il filo del &#8220;tessuto &#8220;&#8230; Nell&#8217;ambito del progetto della cultura dell\u2019integrazione, Domenica 28 Maggio (ore 18,30) verr\u00e0 ospitata presso il chiostro comunale la teologa Maria Soave Buscemi, biblista, nata nel Salento nella terra di mezzo del mare mediterraneo, da oltre 25 missionaria laica fidei donum in Brasile, dove vive e opera come educatrice, biblista popolare, coordina la dimensione di studi di genere e di ermeneutica femminista del centro studi biblici Cebi. Giornalista, scrittrice, cresciuta a Milano con il cardinale Martini, terra del Mediolanum, oggi in Brasile segue anche il movimento dei \u201cSenza terra\u201d, vive nella terra araruncaria &#8220;Albero del popolo libero&#8221;, in mezzo dell&#8217; altopiano Catriense, altra terra di mezzo. E\u2019 autrice del libro &#8220;Le tredici lune&#8221; (EMI ed), &#8220;Io Terra di Mezzo&#8221; (ed. San Lorenzo) e &#8220;Noi crediamo nella resurrezione del corpo &#8220;.<\/p>\n<p>La cittadinanza \u00e8 invitata a fornire un contributo prezioso al dialogo tra le varie forme di espressione umana (arti, linguaggi, culture, costumi, nuove forme di relazione&#8230;), con i suoi libri, spazi sacri di nella costruzione di altri mondi possibili. Malgrado i contenuti impegnativi, lo stile \u201csemplice\u201d e diretto della relatrice permetter\u00e0 di coinvolgere una platea ampia e diversificata, sensibilizzare all\u2019importanza delle parole e delle immagini, promuovere consapevolezza del ruolo della donna e del suo potenziale inespresso e coartato dagli steriotipi culturale ancorati nella memoria della nostra societ\u00e0.<\/p>\n","protected":false},"excerpt":{"rendered":"<p>L&#8217;associazione Egerthe a Ostuni nel corso del 2017 ha messo a disposizione della comunit\u00e0 una serie di appuntamenti in collaborazione con il museo della civilt\u00e0 preclassiche e il patrocinio del Comune di Ostuni a scadenze mensile sul progetto di promozione della cultura dell&#8217;integrazione nella convivialit\u00e0 delle differenze, una sfida che \u00e8 parsa complessa, ma al contempo promettente, proprio perch\u00e9 sempre attuale. Le donne, ricerca del femminile che \u00e8 ogni essere vivente, attraverso il luogo delle donne nella &#8220;storia &#8220;, un percorso, un viaggio di sensi, emozioni, da impastare, aggrovigliare, cardare, districare, il filo del &#8220;tessuto &#8220;&#8230; Nell&#8217;ambito del progetto della cultura dell\u2019integrazione, Domenica 28 Maggio (ore 18,30) verr\u00e0 ospitata presso il chiostro comunale la teologa Maria Soave Buscemi, biblista, nata nel Salento nella terra di mezzo del mare mediterraneo, da oltre 25 missionaria laica fidei donum in Brasile, dove vive e opera come educatrice, biblista popolare, coordina la dimensione di studi di genere e di ermeneutica femminista del centro studi biblici Cebi. Giornalista, scrittrice, cresciuta a Milano con il cardinale&#8230;<\/p>\n","protected":false},"author":2,"featured_media":104659,"comment_status":"open","ping_status":"closed","sticky":false,"template":"","format":"standard","meta":{"footnotes":""},"categories":[7],"tags":[53],"class_list":["post-104657","post","type-post","status-publish","format-standard","has-post-thumbnail","hentry","category-news","tag-ostuni"],"_links":{"self":[{"href":"https:\/\/www.brundisium.net\/index.php\/wp-json\/wp\/v2\/posts\/104657","targetHints":{"allow":["GET"]}}],"collection":[{"href":"https:\/\/www.brundisium.net\/index.php\/wp-json\/wp\/v2\/posts"}],"about":[{"href":"https:\/\/www.brundisium.net\/index.php\/wp-json\/wp\/v2\/types\/post"}],"author":[{"embeddable":true,"href":"https:\/\/www.brundisium.net\/index.php\/wp-json\/wp\/v2\/users\/2"}],"replies":[{"embeddable":true,"href":"https:\/\/www.brundisium.net\/index.php\/wp-json\/wp\/v2\/comments?post=104657"}],"version-history":[{"count":1,"href":"https:\/\/www.brundisium.net\/index.php\/wp-json\/wp\/v2\/posts\/104657\/revisions"}],"predecessor-version":[{"id":104661,"href":"https:\/\/www.brundisium.net\/index.php\/wp-json\/wp\/v2\/posts\/104657\/revisions\/104661"}],"wp:featuredmedia":[{"embeddable":true,"href":"https:\/\/www.brundisium.net\/index.php\/wp-json\/wp\/v2\/media\/104659"}],"wp:attachment":[{"href":"https:\/\/www.brundisium.net\/index.php\/wp-json\/wp\/v2\/media?parent=104657"}],"wp:term":[{"taxonomy":"category","embeddable":true,"href":"https:\/\/www.brundisium.net\/index.php\/wp-json\/wp\/v2\/categories?post=104657"},{"taxonomy":"post_tag","embeddable":true,"href":"https:\/\/www.brundisium.net\/index.php\/wp-json\/wp\/v2\/tags?post=104657"}],"curies":[{"name":"wp","href":"https:\/\/api.w.org\/{rel}","templated":true}]}}