{"id":104726,"date":"2017-05-26T08:45:25","date_gmt":"2017-05-26T06:45:25","guid":{"rendered":"http:\/\/www.brundisium.net\/?p=104726"},"modified":"2017-05-27T15:53:08","modified_gmt":"2017-05-27T13:53:08","slug":"alternativa-popolare-e-sbagliato-stabilizzare-solo-parte-degli-lsu","status":"publish","type":"post","link":"https:\/\/www.brundisium.net\/index.php\/alternativa-popolare-e-sbagliato-stabilizzare-solo-parte-degli-lsu\/","title":{"rendered":"Alternativa Popolare: &#8220;\u00e8 sbagliato stabilizzare solo parte degli LSU&#8221;"},"content":{"rendered":"<p class=\"s4\">\u00a0Leggevo, con particolare interesse, e personale condivisione, la posizione assolutamente critica e di forte dissenso dei sindacati riguardo la volont\u00e0 dell&#8217; amministrazione civica di stabilizzare solo parte degli LSU, con criteri e metodi di selezione poco chiari, ma soprattutto rischiando di esasperare un clima di tensione e di insofferenza generale.<\/p>\n<p class=\"s4\">\n<p class=\"s4\">\n<p class=\"s4\">Come Alternativa Popolare, da sempre, con in primis il nostro dirigente cittadino Gianluca Quarta, ed il nostro consigliere comunale Rino Pierri, abbiamo sensibilizzato, o meglio, cercato di sensibilizzare la Sindaca e la sua maggioranza per una immediata stabilizzazione di tutti gli LSU, indistintamente, tutelando non solo la loro dignit\u00e0 di lavoratori, ma salvaguardando intere famiglie che ora rischiano il baratro lavorativo ed umano.<\/p>\n<p class=\"s4\">\n<p class=\"s4\">\n<p class=\"s4\">Non ci appartiene fare becera demagogia politica, ma al contrario suggerire, umilmente, e con cognizione di causa, soluzioni a problemi e criticit\u00e0 che attanagliano i nostri cittadini, considerando il lavoro il nostro primo ed imprescindibile diritto da tutelare. Ragione per la quale farebbe bene, la Sindaca, con un atto di umano coraggio e responsabilit\u00e0 politica, a ridurre drasticamente una inutile e clientelare voce (o pi\u00f9 voci) di capitolo di bilancio riguardante oltre 700 mila euro per manifestazioni ed eventi, destinando parte sostanziale di essa ad una stabilizzazione degli stessi LSU, redigendo e pianificando un piano triennale del fabbisogno interno, secondo criteri e metodi certi e normativamente previsti, nel pieno rispetto dei parametri economici suggeriti dalla Corte dei Conti.<\/p>\n<p class=\"s4\">\n<p class=\"s4\">\n<p class=\"s4\">In aggiunta, Alternativa Popolare, impegner\u00e0 da subito il suo sottosegretario al lavoro Massimo Cassano, al fine di promuovere un risolutivo tavolo istituzionale con i vertici della Regione ed i Sindacati.<\/p>\n<p class=\"s4\">Cara Sindaca, su questo, stia certa, avr\u00e0 il nostro pi\u00f9 totale appoggio, esortandola, ancora una volta, ad avere autorevolezza politica, capacit\u00e0 decisionale, ma soprattutto rispetto verso la sua, la nostra splendida ed amata citt\u00e0!<\/p>\n<p class=\"s4\">\n<p class=\"s4\">\n<p class=\"s4\"><strong>Avv. Cosimo De Michele<\/strong><\/p>\n<p class=\"s4\"><strong>Vice coordinatore provinciale<span class=\"s7\"> Alternativa Popolare<\/span><\/strong><\/p>\n<p>&nbsp;<\/p>\n","protected":false},"excerpt":{"rendered":"<p>\u00a0Leggevo, con particolare interesse, e personale condivisione, la posizione assolutamente critica e di forte dissenso dei sindacati riguardo la volont\u00e0 dell&#8217; amministrazione civica di stabilizzare solo parte degli LSU, con criteri e metodi di selezione poco chiari, ma soprattutto rischiando di esasperare un clima di tensione e di insofferenza generale. Come Alternativa Popolare, da sempre, con in primis il nostro dirigente cittadino Gianluca Quarta, ed il nostro consigliere comunale Rino Pierri, abbiamo sensibilizzato, o meglio, cercato di sensibilizzare la Sindaca e la sua maggioranza per una immediata stabilizzazione di tutti gli LSU, indistintamente, tutelando non solo la loro dignit\u00e0 di lavoratori, ma salvaguardando intere famiglie che ora rischiano il baratro lavorativo ed umano. Non ci appartiene fare becera demagogia politica, ma al contrario suggerire, umilmente, e con cognizione di causa, soluzioni a problemi e criticit\u00e0 che attanagliano i nostri cittadini, considerando il lavoro il nostro primo ed imprescindibile diritto da tutelare. Ragione per la quale farebbe bene, la Sindaca, con un atto di umano coraggio e responsabilit\u00e0 politica, a ridurre&#8230;<\/p>\n","protected":false},"author":2,"featured_media":98478,"comment_status":"open","ping_status":"closed","sticky":false,"template":"","format":"standard","meta":{"footnotes":""},"categories":[7],"tags":[3679,1237],"class_list":["post-104726","post","type-post","status-publish","format-standard","has-post-thumbnail","hentry","category-news","tag-alternativa-popolare","tag-lsu"],"_links":{"self":[{"href":"https:\/\/www.brundisium.net\/index.php\/wp-json\/wp\/v2\/posts\/104726","targetHints":{"allow":["GET"]}}],"collection":[{"href":"https:\/\/www.brundisium.net\/index.php\/wp-json\/wp\/v2\/posts"}],"about":[{"href":"https:\/\/www.brundisium.net\/index.php\/wp-json\/wp\/v2\/types\/post"}],"author":[{"embeddable":true,"href":"https:\/\/www.brundisium.net\/index.php\/wp-json\/wp\/v2\/users\/2"}],"replies":[{"embeddable":true,"href":"https:\/\/www.brundisium.net\/index.php\/wp-json\/wp\/v2\/comments?post=104726"}],"version-history":[{"count":2,"href":"https:\/\/www.brundisium.net\/index.php\/wp-json\/wp\/v2\/posts\/104726\/revisions"}],"predecessor-version":[{"id":104728,"href":"https:\/\/www.brundisium.net\/index.php\/wp-json\/wp\/v2\/posts\/104726\/revisions\/104728"}],"wp:featuredmedia":[{"embeddable":true,"href":"https:\/\/www.brundisium.net\/index.php\/wp-json\/wp\/v2\/media\/98478"}],"wp:attachment":[{"href":"https:\/\/www.brundisium.net\/index.php\/wp-json\/wp\/v2\/media?parent=104726"}],"wp:term":[{"taxonomy":"category","embeddable":true,"href":"https:\/\/www.brundisium.net\/index.php\/wp-json\/wp\/v2\/categories?post=104726"},{"taxonomy":"post_tag","embeddable":true,"href":"https:\/\/www.brundisium.net\/index.php\/wp-json\/wp\/v2\/tags?post=104726"}],"curies":[{"name":"wp","href":"https:\/\/api.w.org\/{rel}","templated":true}]}}