{"id":10480,"date":"2014-04-07T17:02:06","date_gmt":"2014-04-07T15:02:06","guid":{"rendered":"http:\/\/www.brundisium.net\/brun\/?p=10480"},"modified":"2014-04-07T17:02:06","modified_gmt":"2014-04-07T15:02:06","slug":"esce-il-nido-delle-parole-il-periodico-del-centro-diurno-di-salute-mentale-di-brindisi","status":"publish","type":"post","link":"https:\/\/www.brundisium.net\/index.php\/esce-il-nido-delle-parole-il-periodico-del-centro-diurno-di-salute-mentale-di-brindisi\/","title":{"rendered":"Esce &#8220;Il nido delle parole&#8221;, il periodico del Centro diurno di Salute Mentale di Brindisi"},"content":{"rendered":"<p><strong>Giornalismo e salute mentale. <\/strong>Si sintetizza in questo binomio <strong>\u201cIl nido delle parole\u201d, <\/strong>periodico nato nell\u2019ambito del <b>laboratorio di giornalismo<\/b> del <b>Centro Diurno del CSM<\/b> (Centro Salute Mentale) <b>ASL BR<\/b>, condotto dalla giornalista <strong>Viviana Leo<\/strong> e gestito dalla <strong>cooperativa \u201cPegaso\u201d di Carovigno <\/strong>(Br).<\/p>\n<p>Per festeggiare la prima uscita, <strong>marted\u00ec 8 aprile <\/strong>dalle ore 9, sar\u00e0 allestito un banchetto promozionale nel <strong>piazzale Di Summa <\/strong>(nei pressi dell\u2019ex pronto soccorso), alla presenza di utenti e operatori che potranno illustrare il progetto e le sue finalit\u00e0.<\/p>\n<p>&nbsp;<\/p>\n<p>\u201c<strong>Il Nido delle parole<\/strong>\u201d \u00e8 un giornalino prodotto dall\u2019impegno e la tenacia di chi, non lasciandosi abbattere da paure e ansie, si \u00e8 lasciato andare, giorno dopo giorno, arrivando a raccontare e portare in dote agli altri, personali e preziose esperienze. Osservando la realt\u00e0 e raccontandola attraverso la scrittura, sei persone dai ventidue ai quarantanove anni, hanno preso contatto con i propri pensieri per poi scomporli e ricomporli, governarli e tradurli in parola.<\/p>\n<p>&nbsp;<\/p>\n<p>&#8220;Trovo che un laboratorio di giornalismo rivolto a utenti psichiatrici sia un buon mezzo per liberare emozioni e portare alla luce, attraverso la scrittura, esperienze che ciascuno sente di condividere\u201d, dichiara <strong>Maria Carbonara, assessore ai Servizi Sociali di Brindisi.<\/strong><\/p>\n<p>In occasione di un incontro con gli utenti, fissato per presentare \u201cIl nido delle parole&#8221;, la Carbonara afferma di aver \u201ctrovato il gruppo molto coeso, ben strutturato e curioso di ricevere risposte istituzionali rispetto al progetto cui sono inseriti. \u201cIl nido delle parole\u201d \u00e8 un giornalino\u201d, continua l\u2019assessore, \u201cche mi ha fatto un&#8217;ottima impressione sin dalla prima lettura, perch\u00e8 ricco di\u00a0scritti autentici, privi di orpelli e molto utile per far conoscere da una prospettiva insolita una realt\u00e0 come quella del centro di salute mentale. Dare loro un feedback positivo, personale ed istituzionale, rispetto all&#8217;impegno riposto nel progetto ha sortito reazioni di ancor maggiore entusiasmo. Credo fermamente che il laboratorio di giornalismo possa far perseguire a questi ragazzi obiettivi riabilitativi e di inserimento nella rete sociale&#8221;.<\/p>\n<p>&nbsp;<\/p>\n<p>Il<strong> Centro Diurno di Salute Mentale di Brindisi<\/strong>, sito in un\u2019ala dell\u2019ex ospedale Di Summa, \u00e8 una struttura semiresidenziale di riabilitazione psichiatrica, un luogo in cui un\u2019equipe specializzata lavora quotidianamente per contrastare il disagio dovuto alla malattia mentale, creando le condizioni perch\u00e9 ogni individuo possa (ri)appropriarsi della personale autonomia. Il progetto di giornalismo nasce dunque con l\u2019obiettivo di <strong>creare una cassa di risonanza rispetto alle attivit\u00e0 del centro diurno, <\/strong>raccontando storie e testimonianze vissute in prima persona dai ragazzi, e sensibilizzare l\u2019opinione comune rispetto alla scarsa conoscenza della realt\u00e0 della riabilitazione psichiatrica.<\/p>\n<p>Per fare questo il gruppo di lavoro ha focalizzato l\u2019attenzione del primo numero, su alcuni dei laboratori cui ha preso parte durante l\u2019anno, narrando i vissuti in modo del tutto anticonvenzionale. I testi, carichi di entusiasmo e voglia di dire, raccontano un punto di vista completamente inedito, che apre una finestra su una realt\u00e0 che \u00e8 sotto gli occhi di molti, ma invisibile a tanti.<\/p>\n<p>&nbsp;<\/p>\n<p>La comune vita quotidiana ritorna cos\u00ec il teatro in cui l\u2019individuo pu\u00f2 sentirsi riconosciuto come cellula attiva della societ\u00e0, protagonista della sua stessa esistenza, capace di percorrere un ponte che collega l\u2019ambiente \u201cprotetto\u201d della struttura psichiatrica a un normale contesto lavorativo immerso nel territorio.<\/p>\n<p>&nbsp;<\/p>\n<p>Il laboratorio di giornalismo, attivo presso il centro diurno \u201cPegaso\u201d da quasi quattro anni, ha vissuto fasi diverse e accolto, nelle varie edizioni, circa venti persone. Tra i risultati pi\u00f9 significativi da evidenziare \u00e8 sicuramente l\u2019erogazione di una borsa lavoro e la collaborazione nata con l\u2019associazione brindisina \u201cVetrine Inedite\u201d, editore del magazine Ciclo Style, che ha creduto sin da subito nelle potenzialit\u00e0 del progetto, aprendo le porte della redazione per lavorare insieme. Culmine del rapporto, che continua a tutt\u2019oggi, \u00e8 stato l\u2019assegnazione di un premio nell\u2019ambito del Festival Regionale del Talento 2013.<\/p>\n<p>&nbsp;<\/p>\n<p>&nbsp;<\/p>\n<p><strong>Del laboratorio di giornalismo gli utenti dicono:<\/strong><\/p>\n<p><strong>Antonio Losavio: <\/strong>Frequento il laboratorio di giornalismo da tre anni. Questo percorso mi \u00e8 servito per migliorare le mie esperienze e ritrovare uno spazio pi\u00f9 attivo nella societ\u00e0, anche grazie a una borsa lavoro che mi \u00e8 stata assegnata presso l\u2019associazione Vetrine Inedite, editore del giornale Ciclo Style. Mi piace condividere le mie esperienze pregresse e confrontarmi con\u00a0 le opinioni degli altri ragazzi.<\/p>\n<p>&nbsp;<\/p>\n<p><strong>Cristiano Di Ciommo: <\/strong>Finalmente ho preso parte a un gruppo in cui posso scrivere. \u00c8 un vero e proprio punto di partenza per coltivare e condividere la mia passione. Era molto tempo che mi dilettavo a scrivere le mie storie, ma adesso ho la possibilit\u00e0 che i miei testi siano letti da qualcuno e per me \u00e8 un vero orgoglio!<b><\/b><\/p>\n<p><b>\u00a0<\/b><\/p>\n<p><strong>Eddy: <\/strong>Questo progetto mi piace, non mi ha catturato sin da subito, ma pensandoci, incontro dopo incontro, mi sono lasciato andare, mi sono fatto coinvolgere.\u00a0 Ricordo che il primo giorno mi rifiutai di scrivere anche una sola parola. Col tempo, capendo, mi sono sbloccato, mi sono dato forza e oggi posso dire di aver scritto un intero articolo.<\/p>\n<p>&nbsp;<\/p>\n<p><strong>Giuseppe: <\/strong>Il laboratorio di giornalismo ha sortito un effetto positivo sulla mia autostima per essere riuscito a fare una cosa che non avevo mai fatto prima. La possibilit\u00e0 di scrivere e proporre idee in un ambiente in cui non sento il peso del giudizio, \u00e8 veramente gratificante. \u00c8 un grosso passo avanti per il mio reinserimento sociale.<\/p>\n<p>&nbsp;<\/p>\n<p><strong>Simone Hu: <\/strong>Per me il laboratorio di giornalismo \u00e8 molto impegnativo, perch\u00e9 trovo spesso difficolt\u00e0 a scrivere gli articoli. Per cui ogni puntata \u00e8 una sfida soprattutto per me che non mi sento un bravo scrittore.<\/p>\n<p>&nbsp;<\/p>\n<p><strong>Vito Termite: <\/strong>Il giornalino \u00e8 un\u2019occasione per esprimersi. Desidero e, in fondo mi aspetto, di colpire la sensibilit\u00e0 dei lettori raccontando esperienze vissute da protagonista nell\u2019ambito del centro diurno, con semplici storie di vita quotidiana.<\/p>\n<p>&nbsp;<\/p>\n","protected":false},"excerpt":{"rendered":"<p>Giornalismo e salute mentale. Si sintetizza in questo binomio \u201cIl nido delle parole\u201d, periodico nato nell\u2019ambito del laboratorio di giornalismo del Centro Diurno del CSM (Centro Salute Mentale) ASL BR, condotto dalla giornalista Viviana Leo e gestito dalla cooperativa \u201cPegaso\u201d di Carovigno (Br). Per festeggiare la prima uscita, marted\u00ec 8 aprile dalle ore 9, sar\u00e0 allestito un banchetto promozionale nel piazzale Di Summa (nei pressi dell\u2019ex pronto soccorso), alla presenza di utenti e operatori che potranno illustrare il progetto e le sue finalit\u00e0. &nbsp; \u201cIl Nido delle parole\u201d \u00e8 un giornalino prodotto dall\u2019impegno e la tenacia di chi, non lasciandosi abbattere da paure e ansie, si \u00e8 lasciato andare, giorno dopo giorno, arrivando a raccontare e portare in dote agli altri, personali e preziose esperienze. Osservando la realt\u00e0 e raccontandola attraverso la scrittura, sei persone dai ventidue ai quarantanove anni, hanno preso contatto con i propri pensieri per poi scomporli e ricomporli, governarli e tradurli in parola. &nbsp; &#8220;Trovo che un laboratorio di giornalismo rivolto a utenti psichiatrici sia un&#8230;<\/p>\n","protected":false},"author":2,"featured_media":10481,"comment_status":"open","ping_status":"open","sticky":false,"template":"","format":"standard","meta":{"footnotes":""},"categories":[7],"tags":[],"class_list":["post-10480","post","type-post","status-publish","format-standard","has-post-thumbnail","hentry","category-news"],"_links":{"self":[{"href":"https:\/\/www.brundisium.net\/index.php\/wp-json\/wp\/v2\/posts\/10480","targetHints":{"allow":["GET"]}}],"collection":[{"href":"https:\/\/www.brundisium.net\/index.php\/wp-json\/wp\/v2\/posts"}],"about":[{"href":"https:\/\/www.brundisium.net\/index.php\/wp-json\/wp\/v2\/types\/post"}],"author":[{"embeddable":true,"href":"https:\/\/www.brundisium.net\/index.php\/wp-json\/wp\/v2\/users\/2"}],"replies":[{"embeddable":true,"href":"https:\/\/www.brundisium.net\/index.php\/wp-json\/wp\/v2\/comments?post=10480"}],"version-history":[{"count":1,"href":"https:\/\/www.brundisium.net\/index.php\/wp-json\/wp\/v2\/posts\/10480\/revisions"}],"predecessor-version":[{"id":10482,"href":"https:\/\/www.brundisium.net\/index.php\/wp-json\/wp\/v2\/posts\/10480\/revisions\/10482"}],"wp:featuredmedia":[{"embeddable":true,"href":"https:\/\/www.brundisium.net\/index.php\/wp-json\/wp\/v2\/media\/10481"}],"wp:attachment":[{"href":"https:\/\/www.brundisium.net\/index.php\/wp-json\/wp\/v2\/media?parent=10480"}],"wp:term":[{"taxonomy":"category","embeddable":true,"href":"https:\/\/www.brundisium.net\/index.php\/wp-json\/wp\/v2\/categories?post=10480"},{"taxonomy":"post_tag","embeddable":true,"href":"https:\/\/www.brundisium.net\/index.php\/wp-json\/wp\/v2\/tags?post=10480"}],"curies":[{"name":"wp","href":"https:\/\/api.w.org\/{rel}","templated":true}]}}