{"id":104842,"date":"2017-05-27T11:22:59","date_gmt":"2017-05-27T09:22:59","guid":{"rendered":"http:\/\/www.brundisium.net\/?p=104842"},"modified":"2017-05-27T15:47:28","modified_gmt":"2017-05-27T13:47:28","slug":"il-liceo-artistico-e-simone-di-brindisi-al-premio-culturale-nazionale-i-talenti-di-alphanus","status":"publish","type":"post","link":"https:\/\/www.brundisium.net\/index.php\/il-liceo-artistico-e-simone-di-brindisi-al-premio-culturale-nazionale-i-talenti-di-alphanus\/","title":{"rendered":"Il Liceo Artistico \u2018E. Simone\u2019 di Brindisi al Premio Culturale Nazionale \u2018I talenti di Alphanus\u2019"},"content":{"rendered":"<p><a href=\"http:\/\/www.brundisium.net\/brun\/wp-content\/uploads\/2017\/05\/Foto-Mariagrazia-con-attestati.jpg\"><img loading=\"lazy\" decoding=\"async\" class=\"alignleft size-medium wp-image-104845\" src=\"http:\/\/www.brundisium.net\/brun\/wp-content\/uploads\/2017\/05\/Foto-Mariagrazia-con-attestati-147x300.jpg\" alt=\"\" width=\"147\" height=\"300\" srcset=\"https:\/\/www.brundisium.net\/brun\/wp-content\/uploads\/2017\/05\/Foto-Mariagrazia-con-attestati-147x300.jpg 147w, https:\/\/www.brundisium.net\/brun\/wp-content\/uploads\/2017\/05\/Foto-Mariagrazia-con-attestati-502x1024.jpg 502w, https:\/\/www.brundisium.net\/brun\/wp-content\/uploads\/2017\/05\/Foto-Mariagrazia-con-attestati.jpg 533w\" sizes=\"auto, (max-width: 147px) 100vw, 147px\" \/><\/a>\u00a0Si \u00e8 svolta luned\u00ec 22 maggio a Giffoni Valle Piana (SA), presso la Sala Truffaut del Giffoni Film Festival, la cerimonia di premiazione della Seconda Edizione del Premio Culturale Nazionale \u2018I talenti di Alphanus\u2019, concorso bandito dal Liceo Statale \u2018Alfano I\u2019 di Salerno, che quest\u2019anno chiedeva ai partecipanti per la Sezione Artistico-Letteraria di sviluppare il seguente tema: \u2018Humanitas! Viaggio per riscoprirci esseri umani\u2019, allo scopo di ritrarre i tanti volti di un\u2019umanit\u00e0 talora sopita e trascurata e da qui ripartire per proporre un nuovo ideale di umanesimo che riaffermi il primato dell\u2019essere umano e la centralit\u00e0 della persona rispetto ai poteri economici, alla tecnologia, a modelli culturali che sviliscono la dignit\u00e0 dell\u2019uomo.<\/p>\n<p>&nbsp;<br \/>\nMariagrazia Ignone, della classe III B (Arti Figurative) del Liceo Artistico \u2018E. Simone\u2019 di Brindisi (nella foto), arrivata tra i cinque finalisti, ha conseguito il Premio Menzione Speciale con la seguente motivazione: \u2018PER IL PROFONDO MESSAGGIO DI SPERANZA CHE IMMAGINE E TESTO VEICOLANO\u2019.<\/p>\n<p>&nbsp;<br \/>\nLa studentessa ha partecipato al concorso per la sottosezione \u2018Raccontami una foto\u2019, inviando un suggestivo scatto della statua raffigurante Domenico Modugno, ritratta al tramonto di un giorno in cui il cielo appare nuvoloso (nella foto), e associando un breve racconto dal titolo \u2018Al di l\u00e0 delle nuvole\u2019, nel quale sviluppa il tema richiesto, arricchendolo di riferimenti a due noti testi del cantautore, \u2018Nel blu dipinto nel blu (Volare)\u2019 e \u2018Cosa sono le nuvole\u2019:<br \/>\nChiedo a chiunque voglia rivolgere l\u2019attenzione a questa mia istantanea di non limitarsi semplicemente a guardarne l\u2019aspetto, per dir cos\u00ec, superficiale, no, io chiedo di guardare oltre, di osservare con minuzia, perch\u00e9 niente \u00e8 come si crede.<\/p>\n<p>&nbsp;<br \/>\n<a href=\"http:\/\/www.brundisium.net\/brun\/wp-content\/uploads\/2017\/05\/IMG-20170522-WA0029.jpg\"><img loading=\"lazy\" decoding=\"async\" class=\"size-medium wp-image-104846 alignright\" src=\"http:\/\/www.brundisium.net\/brun\/wp-content\/uploads\/2017\/05\/IMG-20170522-WA0029-300x169.jpg\" alt=\"\" width=\"300\" height=\"169\" srcset=\"https:\/\/www.brundisium.net\/brun\/wp-content\/uploads\/2017\/05\/IMG-20170522-WA0029-300x169.jpg 300w, https:\/\/www.brundisium.net\/brun\/wp-content\/uploads\/2017\/05\/IMG-20170522-WA0029-768x432.jpg 768w, https:\/\/www.brundisium.net\/brun\/wp-content\/uploads\/2017\/05\/IMG-20170522-WA0029-1024x576.jpg 1024w, https:\/\/www.brundisium.net\/brun\/wp-content\/uploads\/2017\/05\/IMG-20170522-WA0029.jpg 1280w\" sizes=\"auto, (max-width: 300px) 100vw, 300px\" \/><\/a>A volte \u00e8 difficile uscire dal buio, ci sono momenti nella nostra vita in cui sembra che niente andr\u00e0 per il verso giusto, ogni cosa pare fatta apposta per ferirci. Le nostre paure, i nostri sentimenti, le nostre delusioni, i litigi, il dolore, sono come un velo nero che ci avvolge, che non ci fa vedere oltre, che non ci fa sentire niente se non sofferenza. Ci troviamo ad affrontare ostacoli sul nostro cammino, a tal punto da credere che niente pi\u00f9 andr\u00e0 meglio, e che forse quello ci accade sia ci\u00f2 che, in fondo, ci meritiamo.<\/p>\n<p>&nbsp;<br \/>\nMA se non siamo noi a volere che le cose cambino, se non crediamo ci\u00f2, allora niente si sistemer\u00e0, e niente andr\u00e0 meglio. Ognuno di noi deve cadere, per poi guardare su, riflettere e trovare la forza, un perch\u00e9 per rialzarsi.<br \/>\nLa parte inferiore del mio scatto appare spontaneamente pi\u00f9 scura. Forse \u00e8 qui che si racchiudono un momento di buio, un crollo, una sofferenza, mentre le case intorno assumono le fattezze di ostacoli, ansie, paranoie, incubi, creati da noi stessi, e che ci avvolgono, chiudendoci e impedendoci di vedere.<\/p>\n<p>&nbsp;<br \/>\nMA siamo sempre noi, noi che non vogliamo vedere, perch\u00e9 abbiamo paura di affrontare, perch\u00e9 abbiamo paura di vivere.<\/p>\n<p>&nbsp;<br \/>\nEppure un uomo, sebbene sofferente, ha deciso di provarci, perci\u00f2 spalanca le braccia di fronte a un cielo nuvoloso, perch\u00e9 sa, perch\u00e9, dopo essersi chiesto cosa siano le nuvole, ha compreso che sempre ritorneranno e sempre passeranno, ma che, oltre, c\u2019\u00e8 un magnifico cielo, fatto di blu dipinto nel blu. Quel cielo \u00e8 l\u00ec. Basta solo volerlo vedere, basta solo voler volare.<\/p>\n<p>&nbsp;<\/p>\n<p>&nbsp;<\/p>\n<p>Anche lo studente Samuel Maglie, della stessa classe di Mariagrazia, ha aderito al concorso inviando una foto raffigurante una scarpa \u2018abbandonata\u2019 sul litorale adriatico del Salento, a cui ha associato un breve racconto dal titolo \u2018Quell\u2019ultimo tramonto\u2019, che narra la storia di Endrio, un ragazzo albanese amante dei tramonti sul mare, che s\u2019imbarca da Durazzo alla volta di Brindisi per cercare fortuna e costruirsi un futuro, ma che muore in un naufragio, e il cui corpo senza pi\u00f9 vita n\u00e9 futuro, \u00e8 stato restituito proprio da quel mare che tanto aveva amato, proprio nell\u2019ora del tramonto, il quale, maestoso anche quel giorno, copriva di un fascio di luce rossastra quella scarpa, rivolta a oriente, forse proprio in direzione della sua terra e della sua casa.<\/p>\n<p>&nbsp;<br \/>\nSamuel, il cui racconto e la cui foto sono visibili sul sito della scuola, www.marzollaleosimonedurano.it, ha entusiasticamente presenziato insieme a Mariagrazia alla cerimonia di premiazione, per dare supporto alla compagna, con la quale ha condiviso questa importante esperienza. Entrambi gli studenti sono stati accompagnati dalla docente di Italiano, che ha fortemente voluto la loro adesione al concorso, considerata la particolare sensibilit\u00e0 nonch\u00e9 le potenzialit\u00e0 di entrambi, e che ha seguito costantemente l\u2019intero percorso di realizzazione dei loro elaborati, per i quali hanno lavorato con profonda determinazione ed evidente partecipazione emotiva.<\/p>\n<p>&nbsp;<\/p>\n<p>&nbsp;<\/p>\n<p>Dunque, il puzzle di soddisfazioni che gli alunni del Liceo Artistico \u2018E. Simone\u2019 stanno costruendo con grande impegno e spiccata motivazione grazie alla guida dei loro docenti e del Dirigente Scolastico, prof.ssa Carmen Taurino, prende progressivamente forma, arricchendosi, col contributo di Mariagrazia e Samuel, di un nuovo significativo tassello.<\/p>\n<p>&nbsp;<\/p>\n<p>&nbsp;<\/p>\n<p>prof.ssa Laura Minerva (docente Liceo Artistico \u2018E. Simone\u2019)<\/p>\n","protected":false},"excerpt":{"rendered":"<p>\u00a0Si \u00e8 svolta luned\u00ec 22 maggio a Giffoni Valle Piana (SA), presso la Sala Truffaut del Giffoni Film Festival, la cerimonia di premiazione della Seconda Edizione del Premio Culturale Nazionale \u2018I talenti di Alphanus\u2019, concorso bandito dal Liceo Statale \u2018Alfano I\u2019 di Salerno, che quest\u2019anno chiedeva ai partecipanti per la Sezione Artistico-Letteraria di sviluppare il seguente tema: \u2018Humanitas! Viaggio per riscoprirci esseri umani\u2019, allo scopo di ritrarre i tanti volti di un\u2019umanit\u00e0 talora sopita e trascurata e da qui ripartire per proporre un nuovo ideale di umanesimo che riaffermi il primato dell\u2019essere umano e la centralit\u00e0 della persona rispetto ai poteri economici, alla tecnologia, a modelli culturali che sviliscono la dignit\u00e0 dell\u2019uomo. &nbsp; Mariagrazia Ignone, della classe III B (Arti Figurative) del Liceo Artistico \u2018E. Simone\u2019 di Brindisi (nella foto), arrivata tra i cinque finalisti, ha conseguito il Premio Menzione Speciale con la seguente motivazione: \u2018PER IL PROFONDO MESSAGGIO DI SPERANZA CHE IMMAGINE E TESTO VEICOLANO\u2019. &nbsp; La studentessa ha partecipato al concorso per la sottosezione \u2018Raccontami una foto\u2019, inviando&#8230;<\/p>\n","protected":false},"author":2,"featured_media":104844,"comment_status":"open","ping_status":"closed","sticky":false,"template":"","format":"standard","meta":{"footnotes":""},"categories":[7],"tags":[1208],"class_list":["post-104842","post","type-post","status-publish","format-standard","has-post-thumbnail","hentry","category-news","tag-liceo-simone"],"_links":{"self":[{"href":"https:\/\/www.brundisium.net\/index.php\/wp-json\/wp\/v2\/posts\/104842","targetHints":{"allow":["GET"]}}],"collection":[{"href":"https:\/\/www.brundisium.net\/index.php\/wp-json\/wp\/v2\/posts"}],"about":[{"href":"https:\/\/www.brundisium.net\/index.php\/wp-json\/wp\/v2\/types\/post"}],"author":[{"embeddable":true,"href":"https:\/\/www.brundisium.net\/index.php\/wp-json\/wp\/v2\/users\/2"}],"replies":[{"embeddable":true,"href":"https:\/\/www.brundisium.net\/index.php\/wp-json\/wp\/v2\/comments?post=104842"}],"version-history":[{"count":1,"href":"https:\/\/www.brundisium.net\/index.php\/wp-json\/wp\/v2\/posts\/104842\/revisions"}],"predecessor-version":[{"id":104848,"href":"https:\/\/www.brundisium.net\/index.php\/wp-json\/wp\/v2\/posts\/104842\/revisions\/104848"}],"wp:featuredmedia":[{"embeddable":true,"href":"https:\/\/www.brundisium.net\/index.php\/wp-json\/wp\/v2\/media\/104844"}],"wp:attachment":[{"href":"https:\/\/www.brundisium.net\/index.php\/wp-json\/wp\/v2\/media?parent=104842"}],"wp:term":[{"taxonomy":"category","embeddable":true,"href":"https:\/\/www.brundisium.net\/index.php\/wp-json\/wp\/v2\/categories?post=104842"},{"taxonomy":"post_tag","embeddable":true,"href":"https:\/\/www.brundisium.net\/index.php\/wp-json\/wp\/v2\/tags?post=104842"}],"curies":[{"name":"wp","href":"https:\/\/api.w.org\/{rel}","templated":true}]}}