{"id":104884,"date":"2017-05-27T14:03:29","date_gmt":"2017-05-27T12:03:29","guid":{"rendered":"http:\/\/www.brundisium.net\/?p=104884"},"modified":"2017-05-27T15:46:12","modified_gmt":"2017-05-27T13:46:12","slug":"caduta-amministrazione-curto-politica-da-bonificare","status":"publish","type":"post","link":"https:\/\/www.brundisium.net\/index.php\/caduta-amministrazione-curto-politica-da-bonificare\/","title":{"rendered":"Caduta amministrazione, Curto: &#8220;politica da bonificare&#8221;"},"content":{"rendered":"<p>Vi \u00e8 un dato assolutamente desolante che emerge dal triste epilogo della vicenda amministrativa brindisina: cos\u00ec come per reggere qualche settimana in pi\u00f9 l\u2019Amministrazione Carluccio ha dovuto accettare il contributo postelettorale di uno dei pi\u00f9 sgradevoli esempi della politica locale, al pari, il suo crollo \u00e8 dovuto ad un esempio-fotocopia assolutamente sovrapponibile al primo. E pertanto il primo commento che ne deriva \u00e8 che a Brindisi le Amministrazioni si reggono o cadono non ad opera dei migliori ma del loro esatto contrario.<\/p>\n<p>&nbsp;<\/p>\n<p>Appare, quindi. del tutto naturale chiedere alla citt\u00e0, e soprattutto alla sua borghesia pi\u00f9 illuminata, di farsi protagonista di uno sforzo culturale capace di porre fine a questa autentica anomalia che corrode dalle fondamenta la politica brindisina.<\/p>\n<p>&nbsp;<\/p>\n<p>Ma ancora pi\u00f9 naturale si appalesa la necessit\u00e0 che i futuri candidati a sindaco si impegnino a contribuire, prima e ancor pi\u00f9 di altri, alla bonifica di quello che attualmente \u00e8 il sistema politico locale, ovvero \u2013 almeno per una parte significativa &#8211; un coacervo di miserevoli microinteressi per il cui conseguimento sono impegnati soggetti dal bassissimo conio politico e personale. Motivo per cui, Progetto per l\u2019Italia &#8211; che non assister\u00e0 passivamente alla prossima tornata elettorale brindisina \u2013 guarda con preoccupata meraviglia ad alcune notizie secondo le quali da qualche possibile candidato a primo cittadino sarebbe gi\u00e0 stata data udienza ad alcuni di questi celeberrimi campioni dell\u2019attuale politica locale.<\/p>\n<p>&nbsp;<\/p>\n<p>Se \u00e8 vero \u2013 ed \u00e8 auspicabile che sia vero \u2013 che l\u2019avvocato Angela Carluccio non \u00e8 pi\u00f9 sindaco di Brindisi in quanto non ha inteso sottostare quantomeno agli ultimi ricatti, ebbene questa \u00e8 la via che dovrebbero seguire tutti gli altri. Tutti! Nessuno escluso!.<\/p>\n<p>&nbsp;<\/p>\n<p>&nbsp;<\/p>\n<p>&nbsp;<\/p>\n<p>&nbsp;<\/p>\n<p><strong>Avv. Euprepio Curto<\/strong><\/p>\n<p><strong>Coordinatore \u201cProgetto per l\u2019Italia\u201d<\/strong><\/p>\n<p>&nbsp;<\/p>\n","protected":false},"excerpt":{"rendered":"<p>Vi \u00e8 un dato assolutamente desolante che emerge dal triste epilogo della vicenda amministrativa brindisina: cos\u00ec come per reggere qualche settimana in pi\u00f9 l\u2019Amministrazione Carluccio ha dovuto accettare il contributo postelettorale di uno dei pi\u00f9 sgradevoli esempi della politica locale, al pari, il suo crollo \u00e8 dovuto ad un esempio-fotocopia assolutamente sovrapponibile al primo. E pertanto il primo commento che ne deriva \u00e8 che a Brindisi le Amministrazioni si reggono o cadono non ad opera dei migliori ma del loro esatto contrario. &nbsp; Appare, quindi. del tutto naturale chiedere alla citt\u00e0, e soprattutto alla sua borghesia pi\u00f9 illuminata, di farsi protagonista di uno sforzo culturale capace di porre fine a questa autentica anomalia che corrode dalle fondamenta la politica brindisina. &nbsp; Ma ancora pi\u00f9 naturale si appalesa la necessit\u00e0 che i futuri candidati a sindaco si impegnino a contribuire, prima e ancor pi\u00f9 di altri, alla bonifica di quello che attualmente \u00e8 il sistema politico locale, ovvero \u2013 almeno per una parte significativa &#8211; un coacervo di miserevoli microinteressi per&#8230;<\/p>\n","protected":false},"author":2,"featured_media":72451,"comment_status":"open","ping_status":"closed","sticky":false,"template":"","format":"standard","meta":{"footnotes":""},"categories":[7],"tags":[4313,353],"class_list":["post-104884","post","type-post","status-publish","format-standard","has-post-thumbnail","hentry","category-news","tag-caduta-amministrazione","tag-curto"],"_links":{"self":[{"href":"https:\/\/www.brundisium.net\/index.php\/wp-json\/wp\/v2\/posts\/104884","targetHints":{"allow":["GET"]}}],"collection":[{"href":"https:\/\/www.brundisium.net\/index.php\/wp-json\/wp\/v2\/posts"}],"about":[{"href":"https:\/\/www.brundisium.net\/index.php\/wp-json\/wp\/v2\/types\/post"}],"author":[{"embeddable":true,"href":"https:\/\/www.brundisium.net\/index.php\/wp-json\/wp\/v2\/users\/2"}],"replies":[{"embeddable":true,"href":"https:\/\/www.brundisium.net\/index.php\/wp-json\/wp\/v2\/comments?post=104884"}],"version-history":[{"count":1,"href":"https:\/\/www.brundisium.net\/index.php\/wp-json\/wp\/v2\/posts\/104884\/revisions"}],"predecessor-version":[{"id":104885,"href":"https:\/\/www.brundisium.net\/index.php\/wp-json\/wp\/v2\/posts\/104884\/revisions\/104885"}],"wp:featuredmedia":[{"embeddable":true,"href":"https:\/\/www.brundisium.net\/index.php\/wp-json\/wp\/v2\/media\/72451"}],"wp:attachment":[{"href":"https:\/\/www.brundisium.net\/index.php\/wp-json\/wp\/v2\/media?parent=104884"}],"wp:term":[{"taxonomy":"category","embeddable":true,"href":"https:\/\/www.brundisium.net\/index.php\/wp-json\/wp\/v2\/categories?post=104884"},{"taxonomy":"post_tag","embeddable":true,"href":"https:\/\/www.brundisium.net\/index.php\/wp-json\/wp\/v2\/tags?post=104884"}],"curies":[{"name":"wp","href":"https:\/\/api.w.org\/{rel}","templated":true}]}}