{"id":104906,"date":"2017-05-27T16:33:04","date_gmt":"2017-05-27T14:33:04","guid":{"rendered":"http:\/\/www.brundisium.net\/?p=104906"},"modified":"2017-05-27T16:33:04","modified_gmt":"2017-05-27T14:33:04","slug":"crisi-amministrativa-a-carovigno-opposizione-sono-al-capolinea-ce-bisogno-di-aria-nuova-di-amministratori-nuovi-di-politica-nuova","status":"publish","type":"post","link":"https:\/\/www.brundisium.net\/index.php\/crisi-amministrativa-a-carovigno-opposizione-sono-al-capolinea-ce-bisogno-di-aria-nuova-di-amministratori-nuovi-di-politica-nuova\/","title":{"rendered":"Crisi amministrativa a Carovigno, opposizione: &#8220;sono al capolinea, c&#8217;\u00e8 bisogno di aria nuova, di amministratori nuovi, di politica nuova&#8221;"},"content":{"rendered":"<p>La presentazione del documento sottoscritto da otto consiglieri di maggioranza del Comune di Carovigno, con il quale si chiede l&#8217;azzeramento della giunta comunale \u00e8, di fatto, un atto di sfiducia nei confronti del sindaco Brandi, che palesa una crisi ormai irreversibile della compagine amministrativa.<\/p>\n<p>&nbsp;<br \/>\nIl Partito Democratico di Carovigno, con il suo capogruppo Marzia Bagnulo, unitamente ai consiglieri di opposizione Massimo Lanzilotti e Vincenzo Radisi, che da tempo denunciano l&#8217;immobilismo e l&#8217;incapacit\u00e0 di questa maggioranza nella gestione della vita amministrativa della nostrta comunit\u00e0, ritengono che quanto \u00e8 accaduto non pu\u00f2 che concludersi con lo scioglimento del consiglio comunale e la convocazione di nuove elezioni amministrative.<\/p>\n<p>&nbsp;<br \/>\nLa richiesta di azzeramento della giunta altro non \u00e8 che l&#8217;epilogo di due anni di scontri continui all&#8217;interno della maggioranza a spese della collettivit\u00e0. I consiglieri scriventi stigmatizzano questa ennesima sceneggiata perpetrata sulla pelle dei carovignesi.<\/p>\n<p>&nbsp;<br \/>\nLa mancata approvazione del bilancio consuntivo 2016, la diffida del Prefetto di Brindisi, i disastri quotidiani a spese della zona umida di Torre Guaceto, il cattivo funzionamento dell&#8217;impianto di depurazione, la diffida dell&#8217;acquedotto pugliese per la realizzazione della condotta sottomarina, lo sperpero di denaro pubblico senza alcuna programmazione degli eventi culturali e artistici, l&#8217;asfalto di strade interessate dalla presenza di consiglieri di maggioranza o di amministratori a discapito di strade letteralmente &#8220;saltate&#8221; abitate da semplici cittadini, rappresentano solo alcuni esempi di questa cattiva gestione amministrativa.<\/p>\n<p>&nbsp;<br \/>\nGli scriventi, nel denunciare questo stato di cose, che sta producendo ingenti danni alla citt\u00e0 di Carovigno, ritengono che questa esperienza amministrativa sia giunta al capolinea e si aspettano che anche il Sindaco ne prenda atto e che faccia l&#8217;unico gesto di rispetto nei confronti dell&#8217;intera comunit\u00e0, rassegnando le dimissioni e consentendo nuove elezioni.<br \/>\nCarovigno ha bisogno di aria nuova, di amministratori nuovi, di politica nuova.<\/p>\n<p>&nbsp;<\/p>\n<p>Firmato:<br \/>\nMarzia Bagnulo (PD Carovigno)<br \/>\nMassimo Lanzilotti<br \/>\nVincenzo Radisi<\/p>\n","protected":false},"excerpt":{"rendered":"<p>La presentazione del documento sottoscritto da otto consiglieri di maggioranza del Comune di Carovigno, con il quale si chiede l&#8217;azzeramento della giunta comunale \u00e8, di fatto, un atto di sfiducia nei confronti del sindaco Brandi, che palesa una crisi ormai irreversibile della compagine amministrativa. &nbsp; Il Partito Democratico di Carovigno, con il suo capogruppo Marzia Bagnulo, unitamente ai consiglieri di opposizione Massimo Lanzilotti e Vincenzo Radisi, che da tempo denunciano l&#8217;immobilismo e l&#8217;incapacit\u00e0 di questa maggioranza nella gestione della vita amministrativa della nostrta comunit\u00e0, ritengono che quanto \u00e8 accaduto non pu\u00f2 che concludersi con lo scioglimento del consiglio comunale e la convocazione di nuove elezioni amministrative. &nbsp; La richiesta di azzeramento della giunta altro non \u00e8 che l&#8217;epilogo di due anni di scontri continui all&#8217;interno della maggioranza a spese della collettivit\u00e0. I consiglieri scriventi stigmatizzano questa ennesima sceneggiata perpetrata sulla pelle dei carovignesi. &nbsp; La mancata approvazione del bilancio consuntivo 2016, la diffida del Prefetto di Brindisi, i disastri quotidiani a spese della zona umida di Torre Guaceto, il cattivo&#8230;<\/p>\n","protected":false},"author":2,"featured_media":60327,"comment_status":"open","ping_status":"closed","sticky":false,"template":"","format":"standard","meta":{"footnotes":""},"categories":[7],"tags":[299],"class_list":["post-104906","post","type-post","status-publish","format-standard","has-post-thumbnail","hentry","category-news","tag-carovigno"],"_links":{"self":[{"href":"https:\/\/www.brundisium.net\/index.php\/wp-json\/wp\/v2\/posts\/104906","targetHints":{"allow":["GET"]}}],"collection":[{"href":"https:\/\/www.brundisium.net\/index.php\/wp-json\/wp\/v2\/posts"}],"about":[{"href":"https:\/\/www.brundisium.net\/index.php\/wp-json\/wp\/v2\/types\/post"}],"author":[{"embeddable":true,"href":"https:\/\/www.brundisium.net\/index.php\/wp-json\/wp\/v2\/users\/2"}],"replies":[{"embeddable":true,"href":"https:\/\/www.brundisium.net\/index.php\/wp-json\/wp\/v2\/comments?post=104906"}],"version-history":[{"count":1,"href":"https:\/\/www.brundisium.net\/index.php\/wp-json\/wp\/v2\/posts\/104906\/revisions"}],"predecessor-version":[{"id":104907,"href":"https:\/\/www.brundisium.net\/index.php\/wp-json\/wp\/v2\/posts\/104906\/revisions\/104907"}],"wp:featuredmedia":[{"embeddable":true,"href":"https:\/\/www.brundisium.net\/index.php\/wp-json\/wp\/v2\/media\/60327"}],"wp:attachment":[{"href":"https:\/\/www.brundisium.net\/index.php\/wp-json\/wp\/v2\/media?parent=104906"}],"wp:term":[{"taxonomy":"category","embeddable":true,"href":"https:\/\/www.brundisium.net\/index.php\/wp-json\/wp\/v2\/categories?post=104906"},{"taxonomy":"post_tag","embeddable":true,"href":"https:\/\/www.brundisium.net\/index.php\/wp-json\/wp\/v2\/tags?post=104906"}],"curies":[{"name":"wp","href":"https:\/\/api.w.org\/{rel}","templated":true}]}}