{"id":105192,"date":"2017-05-31T08:54:21","date_gmt":"2017-05-31T06:54:21","guid":{"rendered":"http:\/\/www.brundisium.net\/?p=105192"},"modified":"2017-05-31T07:58:49","modified_gmt":"2017-05-31T05:58:49","slug":"beghe-tra-le-pro-loco-la-bianca-tra-gli-ulivi-ostuni-non-puo-gareggiare-per-capitale-della-cultura-2020","status":"publish","type":"post","link":"https:\/\/www.brundisium.net\/index.php\/beghe-tra-le-pro-loco-la-bianca-tra-gli-ulivi-ostuni-non-puo-gareggiare-per-capitale-della-cultura-2020\/","title":{"rendered":"Beghe tra le &#8220;Pro loco&#8221;, &#8220;La Bianca tra gli Ulivi&#8221;: &#8220;Ostuni non pu\u00f2 gareggiare per Capitale della Cultura 2020&#8221;"},"content":{"rendered":"<p>Altra propaganda a buon mercato.<br \/>\nLa ProLoco ufficiale di Ostuni &#8211; La Bianca tra gli Ulivi\u201d in persona del presidente pro-tempore, segnala all\u2019attenzione dei cittadini ostunesi e dei comuni limitrofi altra iniziativa priva di contenuto affidata alla stessa associazione che gi\u00e0 l\u2019anno scorso ha fallito l\u2019impresa annunciata di candidare Ostuni quale capitale italiana della cultura.<\/p>\n<p>&nbsp;<\/p>\n<p>Nonostante il palese insuccesso della precedente iniziativa, atteso che la citt\u00e0 di Ostuni non \u00e8 riuscita ad entrare neanche nell\u2019elenco delle citt\u00e0 finaliste, viene riproposta dall\u2019amministrazione comunale e dalla stessa associazione questa nuova iniziativa votata gi\u00e0 da ora al fallimento.<\/p>\n<p>&nbsp;<\/p>\n<p>Infatti in forza della normativa vigente la citt\u00e0 che abbia partecipato al bando del 2016 \u00e8 esclusa di diritto per i due anni successivi. Ne consegue che l\u2019eventuale partecipazione della citt\u00e0 di Ostuni seppure insieme agli altri comuni del Gal Altosalento non potr\u00e0 ricevere approvazione dalle autorit\u00e0 competenti a designare la capitale della cultura per il 2020 e l\u2019iniziativa si risolvera\u2019 in mera propaganda priva di alcuna possibilit\u00e0 di riuscita.<\/p>\n<p>&nbsp;<br \/>\nLa nostra associazione che rappresenta la Pro Loco ufficiale della citt\u00e0 di Ostuni si sente in dovere di comunicare alla cittadinanza tale incresciosa situazione al fine di evitare facili illusioni.<\/p>\n<p>&nbsp;<\/p>\n<p>&nbsp;<\/p>\n<p><strong>ProLoco Ostuni la Bianca tra gli Ulivi<\/strong><\/p>\n","protected":false},"excerpt":{"rendered":"<p>Altra propaganda a buon mercato. La ProLoco ufficiale di Ostuni &#8211; La Bianca tra gli Ulivi\u201d in persona del presidente pro-tempore, segnala all\u2019attenzione dei cittadini ostunesi e dei comuni limitrofi altra iniziativa priva di contenuto affidata alla stessa associazione che gi\u00e0 l\u2019anno scorso ha fallito l\u2019impresa annunciata di candidare Ostuni quale capitale italiana della cultura. &nbsp; Nonostante il palese insuccesso della precedente iniziativa, atteso che la citt\u00e0 di Ostuni non \u00e8 riuscita ad entrare neanche nell\u2019elenco delle citt\u00e0 finaliste, viene riproposta dall\u2019amministrazione comunale e dalla stessa associazione questa nuova iniziativa votata gi\u00e0 da ora al fallimento. &nbsp; Infatti in forza della normativa vigente la citt\u00e0 che abbia partecipato al bando del 2016 \u00e8 esclusa di diritto per i due anni successivi. Ne consegue che l\u2019eventuale partecipazione della citt\u00e0 di Ostuni seppure insieme agli altri comuni del Gal Altosalento non potr\u00e0 ricevere approvazione dalle autorit\u00e0 competenti a designare la capitale della cultura per il 2020 e l\u2019iniziativa si risolvera\u2019 in mera propaganda priva di alcuna possibilit\u00e0 di riuscita. &nbsp; La nostra&#8230;<\/p>\n","protected":false},"author":2,"featured_media":70137,"comment_status":"open","ping_status":"closed","sticky":false,"template":"","format":"standard","meta":{"footnotes":""},"categories":[7],"tags":[53],"class_list":["post-105192","post","type-post","status-publish","format-standard","has-post-thumbnail","hentry","category-news","tag-ostuni"],"_links":{"self":[{"href":"https:\/\/www.brundisium.net\/index.php\/wp-json\/wp\/v2\/posts\/105192","targetHints":{"allow":["GET"]}}],"collection":[{"href":"https:\/\/www.brundisium.net\/index.php\/wp-json\/wp\/v2\/posts"}],"about":[{"href":"https:\/\/www.brundisium.net\/index.php\/wp-json\/wp\/v2\/types\/post"}],"author":[{"embeddable":true,"href":"https:\/\/www.brundisium.net\/index.php\/wp-json\/wp\/v2\/users\/2"}],"replies":[{"embeddable":true,"href":"https:\/\/www.brundisium.net\/index.php\/wp-json\/wp\/v2\/comments?post=105192"}],"version-history":[{"count":1,"href":"https:\/\/www.brundisium.net\/index.php\/wp-json\/wp\/v2\/posts\/105192\/revisions"}],"predecessor-version":[{"id":105193,"href":"https:\/\/www.brundisium.net\/index.php\/wp-json\/wp\/v2\/posts\/105192\/revisions\/105193"}],"wp:featuredmedia":[{"embeddable":true,"href":"https:\/\/www.brundisium.net\/index.php\/wp-json\/wp\/v2\/media\/70137"}],"wp:attachment":[{"href":"https:\/\/www.brundisium.net\/index.php\/wp-json\/wp\/v2\/media?parent=105192"}],"wp:term":[{"taxonomy":"category","embeddable":true,"href":"https:\/\/www.brundisium.net\/index.php\/wp-json\/wp\/v2\/categories?post=105192"},{"taxonomy":"post_tag","embeddable":true,"href":"https:\/\/www.brundisium.net\/index.php\/wp-json\/wp\/v2\/tags?post=105192"}],"curies":[{"name":"wp","href":"https:\/\/api.w.org\/{rel}","templated":true}]}}