{"id":105226,"date":"2017-05-31T15:49:09","date_gmt":"2017-05-31T13:49:09","guid":{"rendered":"http:\/\/www.brundisium.net\/?p=105226"},"modified":"2017-05-31T15:00:49","modified_gmt":"2017-05-31T13:00:49","slug":"ad-ostuni-la-mostra-del-collettivo-di-scenografia-di-bologna","status":"publish","type":"post","link":"https:\/\/www.brundisium.net\/index.php\/ad-ostuni-la-mostra-del-collettivo-di-scenografia-di-bologna\/","title":{"rendered":"Ad Ostuni la mostra del collettivo di scenografia di Bologna"},"content":{"rendered":"<p><a href=\"http:\/\/www.brundisium.net\/brun\/wp-content\/uploads\/2017\/05\/mostra-scenografi-ostuni-1.jpg\"><img loading=\"lazy\" decoding=\"async\" class=\"alignleft size-medium wp-image-105228\" src=\"http:\/\/www.brundisium.net\/brun\/wp-content\/uploads\/2017\/05\/mostra-scenografi-ostuni-1-210x300.jpg\" alt=\"\" width=\"210\" height=\"300\" srcset=\"https:\/\/www.brundisium.net\/brun\/wp-content\/uploads\/2017\/05\/mostra-scenografi-ostuni-1-210x300.jpg 210w, https:\/\/www.brundisium.net\/brun\/wp-content\/uploads\/2017\/05\/mostra-scenografi-ostuni-1-768x1097.jpg 768w, https:\/\/www.brundisium.net\/brun\/wp-content\/uploads\/2017\/05\/mostra-scenografi-ostuni-1-717x1024.jpg 717w\" sizes=\"auto, (max-width: 210px) 100vw, 210px\" \/><\/a>L\u2019Associazione Espressione d\u2019Arte si \u00e8 fatta promotrice del ricongiungimento di otto artisti che hanno lasciato un segno indelebile nella storia della Scenografia.<\/p>\n<p>&nbsp;<br \/>\n\u201cQuesto collettivo nasce nel 1969 dall\u2019unione di attivisti ed artisti che hanno prodotto testi, documenti ed una selettiva catalogazione di progetti originali, bozzetti e plastici, mettendo in comune lo spirito ribelle di allievi innovatori e contrari alle didattiche conservatrici dell\u2019Accademia di Bologna . Il progetto espositivo \u00e8 pensato per favorire la conoscenza e la diffusione dello spirito anticonformista della dinamica azione \u201cmilitante \u201c dei giovani protagonisti demistificatori e ci porta a rivivere quel clima di fermenti artistici e culturali che tra gli anni \u201860 e \u201870 ha dato vita ad una geografia di linguaggi che affermano la necessit\u00e0 di recuperare, di fronte al relativismo Postmoderno, la massima libert\u00e0 di espressione e creativit\u00e0 \u201c*.<\/p>\n<p>&nbsp;<\/p>\n<p>La\u00a0Mostra \u2013Evento verr\u00e0 inaugurata Domenica 4 Giugno, alle ore 19.00, presso il Palazzo Tanzarella di Ostuni in Via della Cattedrale (centro storico).<\/p>\n<p>&nbsp;<\/p>\n<p>A presentare le opere degli artisti scenografi sar\u00e0 il critico d\u2019Arte Dino del Vecchio.<\/p>\n<p>&nbsp;<\/p>\n<p>La Mostra rester\u00e0 aperta fino al giorno 11 Giugno dalle 18 alle 22.<\/p>\n<p>&nbsp;<\/p>\n<p>Esporranno le proprie opere : Basili Giancarlo, Celoni Elio, Manelli Enrico, Mulazzani Enrico, Palluco Gabriella, Scarpa Leonardo, Ticchiati Augusta, Vacchi Valeria.<\/p>\n<p>&nbsp;<\/p>\n<p>&nbsp;<\/p>\n<p><strong>TIFFANY ARTE di Meri Nacci<\/strong><\/p>\n","protected":false},"excerpt":{"rendered":"<p>L\u2019Associazione Espressione d\u2019Arte si \u00e8 fatta promotrice del ricongiungimento di otto artisti che hanno lasciato un segno indelebile nella storia della Scenografia. &nbsp; \u201cQuesto collettivo nasce nel 1969 dall\u2019unione di attivisti ed artisti che hanno prodotto testi, documenti ed una selettiva catalogazione di progetti originali, bozzetti e plastici, mettendo in comune lo spirito ribelle di allievi innovatori e contrari alle didattiche conservatrici dell\u2019Accademia di Bologna . Il progetto espositivo \u00e8 pensato per favorire la conoscenza e la diffusione dello spirito anticonformista della dinamica azione \u201cmilitante \u201c dei giovani protagonisti demistificatori e ci porta a rivivere quel clima di fermenti artistici e culturali che tra gli anni \u201860 e \u201870 ha dato vita ad una geografia di linguaggi che affermano la necessit\u00e0 di recuperare, di fronte al relativismo Postmoderno, la massima libert\u00e0 di espressione e creativit\u00e0 \u201c*. &nbsp; La\u00a0Mostra \u2013Evento verr\u00e0 inaugurata Domenica 4 Giugno, alle ore 19.00, presso il Palazzo Tanzarella di Ostuni in Via della Cattedrale (centro storico). &nbsp; A presentare le opere degli artisti scenografi sar\u00e0 il critico&#8230;<\/p>\n","protected":false},"author":2,"featured_media":105227,"comment_status":"open","ping_status":"closed","sticky":false,"template":"","format":"standard","meta":{"footnotes":""},"categories":[489,7],"tags":[231,53],"class_list":["post-105226","post","type-post","status-publish","format-standard","has-post-thumbnail","hentry","category-mostra-cultura-2","category-news","tag-mostra","tag-ostuni"],"_links":{"self":[{"href":"https:\/\/www.brundisium.net\/index.php\/wp-json\/wp\/v2\/posts\/105226","targetHints":{"allow":["GET"]}}],"collection":[{"href":"https:\/\/www.brundisium.net\/index.php\/wp-json\/wp\/v2\/posts"}],"about":[{"href":"https:\/\/www.brundisium.net\/index.php\/wp-json\/wp\/v2\/types\/post"}],"author":[{"embeddable":true,"href":"https:\/\/www.brundisium.net\/index.php\/wp-json\/wp\/v2\/users\/2"}],"replies":[{"embeddable":true,"href":"https:\/\/www.brundisium.net\/index.php\/wp-json\/wp\/v2\/comments?post=105226"}],"version-history":[{"count":1,"href":"https:\/\/www.brundisium.net\/index.php\/wp-json\/wp\/v2\/posts\/105226\/revisions"}],"predecessor-version":[{"id":105229,"href":"https:\/\/www.brundisium.net\/index.php\/wp-json\/wp\/v2\/posts\/105226\/revisions\/105229"}],"wp:featuredmedia":[{"embeddable":true,"href":"https:\/\/www.brundisium.net\/index.php\/wp-json\/wp\/v2\/media\/105227"}],"wp:attachment":[{"href":"https:\/\/www.brundisium.net\/index.php\/wp-json\/wp\/v2\/media?parent=105226"}],"wp:term":[{"taxonomy":"category","embeddable":true,"href":"https:\/\/www.brundisium.net\/index.php\/wp-json\/wp\/v2\/categories?post=105226"},{"taxonomy":"post_tag","embeddable":true,"href":"https:\/\/www.brundisium.net\/index.php\/wp-json\/wp\/v2\/tags?post=105226"}],"curies":[{"name":"wp","href":"https:\/\/api.w.org\/{rel}","templated":true}]}}