{"id":10534,"date":"2014-04-08T11:21:04","date_gmt":"2014-04-08T09:21:04","guid":{"rendered":"http:\/\/www.brundisium.net\/brun\/?p=10534"},"modified":"2014-04-08T11:55:06","modified_gmt":"2014-04-08T09:55:06","slug":"un-anno-in-parlamento-elisa-mariano-incontra-s-pietro-v-co","status":"publish","type":"post","link":"https:\/\/www.brundisium.net\/index.php\/un-anno-in-parlamento-elisa-mariano-incontra-s-pietro-v-co\/","title":{"rendered":"Un anno in Parlamento: Elisa Mariano incontra S. Pietro V.co"},"content":{"rendered":"<p>\u201cUn anno in Parlamento\u201d.<br \/>\nE\u2019 il titolo dell\u2019incontro pubblico che l\u2019on. Elisa Mariano, deputata del partito Democratico, terr\u00e0 mercoled\u00ec 16 aprile prossimo, con inizio alle ore 18,30, presso la Sala Consiliare del Comune di San Pietro Vernotico.<\/p>\n<p>La parlamentare incontrer\u00e0 i suoi concittadini e, in un dialogo a due con la giornalista Lucia Portolano, racconter\u00e0 il suo primo anno alla Camera dei Deputati. Si discuter\u00e0 dei principali fatti politici dell&#8217;anno trascorso, delle sfide del nuovo governo e dei temi pi\u00f9 scottanti per il territorio brindisino: ambiente, lavoro, sviluppo, diritti.<\/p>\n<p>Tutti i cittadini interessati sono invitati a partecipare.<\/p>\n<p>&nbsp;<\/p>\n<p><strong>COMUNICATO STAMPA ON. ELISA MARIANO<\/strong><\/p>\n","protected":false},"excerpt":{"rendered":"<p>\u201cUn anno in Parlamento\u201d. E\u2019 il titolo dell\u2019incontro pubblico che l\u2019on. Elisa Mariano, deputata del partito Democratico, terr\u00e0 mercoled\u00ec 16 aprile prossimo, con inizio alle ore 18,30, presso la Sala Consiliare del Comune di San Pietro Vernotico. La parlamentare incontrer\u00e0 i suoi concittadini e, in un dialogo a due con la giornalista Lucia Portolano, racconter\u00e0 il suo primo anno alla Camera dei Deputati. Si discuter\u00e0 dei principali fatti politici dell&#8217;anno trascorso, delle sfide del nuovo governo e dei temi pi\u00f9 scottanti per il territorio brindisino: ambiente, lavoro, sviluppo, diritti. Tutti i cittadini interessati sono invitati a partecipare. &nbsp; COMUNICATO STAMPA ON. ELISA MARIANO<\/p>\n","protected":false},"author":2,"featured_media":10535,"comment_status":"open","ping_status":"open","sticky":false,"template":"","format":"standard","meta":{"footnotes":""},"categories":[7],"tags":[98],"class_list":["post-10534","post","type-post","status-publish","format-standard","has-post-thumbnail","hentry","category-news","tag-elisa-mariano"],"_links":{"self":[{"href":"https:\/\/www.brundisium.net\/index.php\/wp-json\/wp\/v2\/posts\/10534","targetHints":{"allow":["GET"]}}],"collection":[{"href":"https:\/\/www.brundisium.net\/index.php\/wp-json\/wp\/v2\/posts"}],"about":[{"href":"https:\/\/www.brundisium.net\/index.php\/wp-json\/wp\/v2\/types\/post"}],"author":[{"embeddable":true,"href":"https:\/\/www.brundisium.net\/index.php\/wp-json\/wp\/v2\/users\/2"}],"replies":[{"embeddable":true,"href":"https:\/\/www.brundisium.net\/index.php\/wp-json\/wp\/v2\/comments?post=10534"}],"version-history":[{"count":1,"href":"https:\/\/www.brundisium.net\/index.php\/wp-json\/wp\/v2\/posts\/10534\/revisions"}],"predecessor-version":[{"id":10536,"href":"https:\/\/www.brundisium.net\/index.php\/wp-json\/wp\/v2\/posts\/10534\/revisions\/10536"}],"wp:featuredmedia":[{"embeddable":true,"href":"https:\/\/www.brundisium.net\/index.php\/wp-json\/wp\/v2\/media\/10535"}],"wp:attachment":[{"href":"https:\/\/www.brundisium.net\/index.php\/wp-json\/wp\/v2\/media?parent=10534"}],"wp:term":[{"taxonomy":"category","embeddable":true,"href":"https:\/\/www.brundisium.net\/index.php\/wp-json\/wp\/v2\/categories?post=10534"},{"taxonomy":"post_tag","embeddable":true,"href":"https:\/\/www.brundisium.net\/index.php\/wp-json\/wp\/v2\/tags?post=10534"}],"curies":[{"name":"wp","href":"https:\/\/api.w.org\/{rel}","templated":true}]}}