{"id":105389,"date":"2017-06-02T09:31:09","date_gmt":"2017-06-02T07:31:09","guid":{"rendered":"http:\/\/www.brundisium.net\/?p=105389"},"modified":"2017-06-02T08:33:25","modified_gmt":"2017-06-02T06:33:25","slug":"dopo-oltre-100-anni-torna-il-rito-della-bandiera-di-maria-ss-di-pozzo-faceto","status":"publish","type":"post","link":"https:\/\/www.brundisium.net\/index.php\/dopo-oltre-100-anni-torna-il-rito-della-bandiera-di-maria-ss-di-pozzo-faceto\/","title":{"rendered":"Dopo oltre 100 anni torna il rito della bandiera di Maria SS. di Pozzo Faceto"},"content":{"rendered":"<p>L\u2019antico rito dell\u2019innalzamento della bandiera bianca, durante i festeggiamenti dei Santi patroni, su cui campeggia l\u2019immagine della santa patrona di Fasano Maria SS. di Pozzo Faceto sar\u00e0 riproposto domani, gioved\u00ec 2 giugno alle ore 19.30 in piazza Ciaia. Il rinnovato rito, ripreso da fonti storiche curate dal sacerdote Giuseppe Sampietro agli inizi del Novecento, \u00e8 stato voluto dal \u201cComitato Giugno Fasanese\u201d e vede il patrocinio del Comune di Fasano. Sar\u00e0 riproposto domani (2 giugno) dopo oltre cento anni dall\u2019ultima edizione.<\/p>\n<p>&nbsp;<\/p>\n<p>&nbsp;<\/p>\n<p>Il drappo bianco con l\u2019immagine della Vergine verr\u00e0 issato sul pennacchio del campanile del Palazzo dell\u2019Orologio (in piazza Ciaia, per l\u2019appunto) e prender\u00e0 temporaneamente il posto dell\u2019attuale bandiera con lo storico stemma di Fasano. Il vessillo rimarr\u00e0 esposto fino al 26 giugno, giornata ultima dei festeggiamenti dei Santi patroni della citt\u00e0; dal 27 torner\u00e0 a sventolare l\u2019antica bandiera blu col faso, vecchio stemma del Fasanese.<\/p>\n<p>&nbsp;<\/p>\n<p>&nbsp;<\/p>\n<p>Alla particolare manifestazione dell\u2019innalzamento del drappo bianco con l\u2019effigie della Vergine interverranno il sindaco Francesco Zaccaria, il consigliere regionale Fabiano Amati ed il presidente del \u201cComitato Giugno Fasanese\u201d Lucio Legrottaglie. Accompagneranno il rito i giovani strumentisti della locale banda \u201cSanta Cecilia\u201d ed un gruppo di figuranti dei Cavalieri di Malta (sostanzialmente, una rappresentanza del corteo storico cittadino \u201cLa Scamiciata\u201d).<\/p>\n<p>&nbsp;<\/p>\n<p>&nbsp;<\/p>\n<p>La nuova bandiera, che verr\u00e0 issata ogni anno in occasione dell\u2019ingresso del mese di giugno e che rimarr\u00e0 esposta per tutta la durata dei festeggiamenti civili e religiosi in onore dei Santi patroni, \u00e8 stata fatta realizzare dal \u201cComitato Giugno Fasanese\u201d in sinergia col Comune. Fonti storiche narrano dell\u2019innalzamento del vessillo dal loggione centrale del Palazzo municipale da parte di giovani che, poi, intraprendevano il pellegrinaggio a Pozzo Faceto, mentre nei giorni successivi si dedicavano a ricostruire ed a rappresentare la battaglia vittoriosa dei Fasanesi sui Turchi invasori. Praticamente, l\u2019attuale corteo storico della \u201cScamiciata\u201d.<\/p>\n<p>&nbsp;<\/p>\n<p>&nbsp;<br \/>\n<em><strong>\u00a0Comune di Fasano &#8211;\u00a0 Ufficio Stampa<\/strong><\/em><\/p>\n","protected":false},"excerpt":{"rendered":"<p>L\u2019antico rito dell\u2019innalzamento della bandiera bianca, durante i festeggiamenti dei Santi patroni, su cui campeggia l\u2019immagine della santa patrona di Fasano Maria SS. di Pozzo Faceto sar\u00e0 riproposto domani, gioved\u00ec 2 giugno alle ore 19.30 in piazza Ciaia. Il rinnovato rito, ripreso da fonti storiche curate dal sacerdote Giuseppe Sampietro agli inizi del Novecento, \u00e8 stato voluto dal \u201cComitato Giugno Fasanese\u201d e vede il patrocinio del Comune di Fasano. Sar\u00e0 riproposto domani (2 giugno) dopo oltre cento anni dall\u2019ultima edizione. &nbsp; &nbsp; Il drappo bianco con l\u2019immagine della Vergine verr\u00e0 issato sul pennacchio del campanile del Palazzo dell\u2019Orologio (in piazza Ciaia, per l\u2019appunto) e prender\u00e0 temporaneamente il posto dell\u2019attuale bandiera con lo storico stemma di Fasano. Il vessillo rimarr\u00e0 esposto fino al 26 giugno, giornata ultima dei festeggiamenti dei Santi patroni della citt\u00e0; dal 27 torner\u00e0 a sventolare l\u2019antica bandiera blu col faso, vecchio stemma del Fasanese. &nbsp; &nbsp; Alla particolare manifestazione dell\u2019innalzamento del drappo bianco con l\u2019effigie della Vergine interverranno il sindaco Francesco Zaccaria, il consigliere regionale Fabiano Amati&#8230;<\/p>\n","protected":false},"author":2,"featured_media":52385,"comment_status":"open","ping_status":"closed","sticky":false,"template":"","format":"standard","meta":{"footnotes":""},"categories":[7],"tags":[244],"class_list":["post-105389","post","type-post","status-publish","format-standard","has-post-thumbnail","hentry","category-news","tag-fasano"],"_links":{"self":[{"href":"https:\/\/www.brundisium.net\/index.php\/wp-json\/wp\/v2\/posts\/105389","targetHints":{"allow":["GET"]}}],"collection":[{"href":"https:\/\/www.brundisium.net\/index.php\/wp-json\/wp\/v2\/posts"}],"about":[{"href":"https:\/\/www.brundisium.net\/index.php\/wp-json\/wp\/v2\/types\/post"}],"author":[{"embeddable":true,"href":"https:\/\/www.brundisium.net\/index.php\/wp-json\/wp\/v2\/users\/2"}],"replies":[{"embeddable":true,"href":"https:\/\/www.brundisium.net\/index.php\/wp-json\/wp\/v2\/comments?post=105389"}],"version-history":[{"count":1,"href":"https:\/\/www.brundisium.net\/index.php\/wp-json\/wp\/v2\/posts\/105389\/revisions"}],"predecessor-version":[{"id":105390,"href":"https:\/\/www.brundisium.net\/index.php\/wp-json\/wp\/v2\/posts\/105389\/revisions\/105390"}],"wp:featuredmedia":[{"embeddable":true,"href":"https:\/\/www.brundisium.net\/index.php\/wp-json\/wp\/v2\/media\/52385"}],"wp:attachment":[{"href":"https:\/\/www.brundisium.net\/index.php\/wp-json\/wp\/v2\/media?parent=105389"}],"wp:term":[{"taxonomy":"category","embeddable":true,"href":"https:\/\/www.brundisium.net\/index.php\/wp-json\/wp\/v2\/categories?post=105389"},{"taxonomy":"post_tag","embeddable":true,"href":"https:\/\/www.brundisium.net\/index.php\/wp-json\/wp\/v2\/tags?post=105389"}],"curies":[{"name":"wp","href":"https:\/\/api.w.org\/{rel}","templated":true}]}}