{"id":105565,"date":"2017-06-05T07:54:29","date_gmt":"2017-06-05T05:54:29","guid":{"rendered":"http:\/\/www.brundisium.net\/?p=105565"},"modified":"2017-06-05T07:54:29","modified_gmt":"2017-06-05T05:54:29","slug":"mostra-e-concerto-di-fine-anno-scolastico-del-liceo-simone-durano","status":"publish","type":"post","link":"https:\/\/www.brundisium.net\/index.php\/mostra-e-concerto-di-fine-anno-scolastico-del-liceo-simone-durano\/","title":{"rendered":"Mostra e concerto di fine anno scolastico del Liceo &#8220;Simone-Durano&#8221;"},"content":{"rendered":"\n\t\t<style type=\"text\/css\">\n\t\t\t#gallery-1 {\n\t\t\t\tmargin: auto;\n\t\t\t}\n\t\t\t#gallery-1 .gallery-item {\n\t\t\t\tfloat: left;\n\t\t\t\tmargin-top: 10px;\n\t\t\t\ttext-align: center;\n\t\t\t\twidth: 25%;\n\t\t\t}\n\t\t\t#gallery-1 img {\n\t\t\t\tborder: 2px solid #cfcfcf;\n\t\t\t}\n\t\t\t#gallery-1 .gallery-caption {\n\t\t\t\tmargin-left: 0;\n\t\t\t}\n\t\t\t\/* see gallery_shortcode() in wp-includes\/media.php *\/\n\t\t<\/style>\n\t\t<div id='gallery-1' class='gallery galleryid-105565 gallery-columns-4 gallery-size-thumbnail'><dl class='gallery-item'>\n\t\t\t<dt class='gallery-icon landscape'>\n\t\t\t\t<a href='https:\/\/www.brundisium.net\/index.php\/mostra-e-concerto-di-fine-anno-scolastico-del-liceo-simone-durano\/mostra-fine-anno-simone-durano-9\/'><img loading=\"lazy\" decoding=\"async\" width=\"150\" height=\"150\" src=\"https:\/\/www.brundisium.net\/brun\/wp-content\/uploads\/2017\/06\/MOSTRA-FINE-ANNO-SIMONE-DURANO-9-150x150.jpg\" class=\"attachment-thumbnail size-thumbnail\" alt=\"\" srcset=\"https:\/\/www.brundisium.net\/brun\/wp-content\/uploads\/2017\/06\/MOSTRA-FINE-ANNO-SIMONE-DURANO-9-150x150.jpg 150w, https:\/\/www.brundisium.net\/brun\/wp-content\/uploads\/2017\/06\/MOSTRA-FINE-ANNO-SIMONE-DURANO-9-600x600.jpg 600w, https:\/\/www.brundisium.net\/brun\/wp-content\/uploads\/2017\/06\/MOSTRA-FINE-ANNO-SIMONE-DURANO-9-1500x1500.jpg 1500w, https:\/\/www.brundisium.net\/brun\/wp-content\/uploads\/2017\/06\/MOSTRA-FINE-ANNO-SIMONE-DURANO-9-60x60.jpg 60w\" sizes=\"auto, (max-width: 150px) 100vw, 150px\" \/><\/a>\n\t\t\t<\/dt><\/dl><dl class='gallery-item'>\n\t\t\t<dt class='gallery-icon landscape'>\n\t\t\t\t<a href='https:\/\/www.brundisium.net\/index.php\/mostra-e-concerto-di-fine-anno-scolastico-del-liceo-simone-durano\/mostra-fine-anno-simone-durano-10\/'><img loading=\"lazy\" decoding=\"async\" width=\"150\" height=\"150\" src=\"https:\/\/www.brundisium.net\/brun\/wp-content\/uploads\/2017\/06\/MOSTRA-FINE-ANNO-SIMONE-DURANO-10-150x150.jpg\" class=\"attachment-thumbnail size-thumbnail\" alt=\"\" srcset=\"https:\/\/www.brundisium.net\/brun\/wp-content\/uploads\/2017\/06\/MOSTRA-FINE-ANNO-SIMONE-DURANO-10-150x150.jpg 150w, https:\/\/www.brundisium.net\/brun\/wp-content\/uploads\/2017\/06\/MOSTRA-FINE-ANNO-SIMONE-DURANO-10-600x600.jpg 600w, https:\/\/www.brundisium.net\/brun\/wp-content\/uploads\/2017\/06\/MOSTRA-FINE-ANNO-SIMONE-DURANO-10-1500x1500.jpg 1500w, https:\/\/www.brundisium.net\/brun\/wp-content\/uploads\/2017\/06\/MOSTRA-FINE-ANNO-SIMONE-DURANO-10-60x60.jpg 60w\" sizes=\"auto, (max-width: 150px) 100vw, 150px\" \/><\/a>\n\t\t\t<\/dt><\/dl><dl class='gallery-item'>\n\t\t\t<dt class='gallery-icon landscape'>\n\t\t\t\t<a href='https:\/\/www.brundisium.net\/index.php\/mostra-e-concerto-di-fine-anno-scolastico-del-liceo-simone-durano\/mostra-fine-anno-simone-durano-11\/'><img loading=\"lazy\" decoding=\"async\" width=\"150\" height=\"150\" src=\"https:\/\/www.brundisium.net\/brun\/wp-content\/uploads\/2017\/06\/MOSTRA-FINE-ANNO-SIMONE-DURANO-11-150x150.jpg\" class=\"attachment-thumbnail size-thumbnail\" alt=\"\" srcset=\"https:\/\/www.brundisium.net\/brun\/wp-content\/uploads\/2017\/06\/MOSTRA-FINE-ANNO-SIMONE-DURANO-11-150x150.jpg 150w, https:\/\/www.brundisium.net\/brun\/wp-content\/uploads\/2017\/06\/MOSTRA-FINE-ANNO-SIMONE-DURANO-11-600x600.jpg 600w, https:\/\/www.brundisium.net\/brun\/wp-content\/uploads\/2017\/06\/MOSTRA-FINE-ANNO-SIMONE-DURANO-11-1500x1500.jpg 1500w, https:\/\/www.brundisium.net\/brun\/wp-content\/uploads\/2017\/06\/MOSTRA-FINE-ANNO-SIMONE-DURANO-11-60x60.jpg 60w\" sizes=\"auto, (max-width: 150px) 100vw, 150px\" \/><\/a>\n\t\t\t<\/dt><\/dl><dl class='gallery-item'>\n\t\t\t<dt class='gallery-icon landscape'>\n\t\t\t\t<a href='https:\/\/www.brundisium.net\/index.php\/mostra-e-concerto-di-fine-anno-scolastico-del-liceo-simone-durano\/mostra-fine-anno-simone-durano-12\/'><img loading=\"lazy\" decoding=\"async\" width=\"150\" height=\"150\" src=\"https:\/\/www.brundisium.net\/brun\/wp-content\/uploads\/2017\/06\/MOSTRA-FINE-ANNO-SIMONE-DURANO-12-150x150.jpg\" class=\"attachment-thumbnail size-thumbnail\" alt=\"\" srcset=\"https:\/\/www.brundisium.net\/brun\/wp-content\/uploads\/2017\/06\/MOSTRA-FINE-ANNO-SIMONE-DURANO-12-150x150.jpg 150w, https:\/\/www.brundisium.net\/brun\/wp-content\/uploads\/2017\/06\/MOSTRA-FINE-ANNO-SIMONE-DURANO-12-600x600.jpg 600w, https:\/\/www.brundisium.net\/brun\/wp-content\/uploads\/2017\/06\/MOSTRA-FINE-ANNO-SIMONE-DURANO-12-1500x1500.jpg 1500w, https:\/\/www.brundisium.net\/brun\/wp-content\/uploads\/2017\/06\/MOSTRA-FINE-ANNO-SIMONE-DURANO-12-60x60.jpg 60w\" sizes=\"auto, (max-width: 150px) 100vw, 150px\" \/><\/a>\n\t\t\t<\/dt><\/dl><br style=\"clear: both\" \/><dl class='gallery-item'>\n\t\t\t<dt class='gallery-icon landscape'>\n\t\t\t\t<a href='https:\/\/www.brundisium.net\/index.php\/mostra-e-concerto-di-fine-anno-scolastico-del-liceo-simone-durano\/mostra-fine-anno-simone-durano-13\/'><img loading=\"lazy\" decoding=\"async\" width=\"150\" height=\"150\" src=\"https:\/\/www.brundisium.net\/brun\/wp-content\/uploads\/2017\/06\/MOSTRA-FINE-ANNO-SIMONE-DURANO-13-150x150.jpg\" class=\"attachment-thumbnail size-thumbnail\" alt=\"\" srcset=\"https:\/\/www.brundisium.net\/brun\/wp-content\/uploads\/2017\/06\/MOSTRA-FINE-ANNO-SIMONE-DURANO-13-150x150.jpg 150w, https:\/\/www.brundisium.net\/brun\/wp-content\/uploads\/2017\/06\/MOSTRA-FINE-ANNO-SIMONE-DURANO-13-600x600.jpg 600w, https:\/\/www.brundisium.net\/brun\/wp-content\/uploads\/2017\/06\/MOSTRA-FINE-ANNO-SIMONE-DURANO-13-1500x1500.jpg 1500w, https:\/\/www.brundisium.net\/brun\/wp-content\/uploads\/2017\/06\/MOSTRA-FINE-ANNO-SIMONE-DURANO-13-60x60.jpg 60w\" sizes=\"auto, (max-width: 150px) 100vw, 150px\" \/><\/a>\n\t\t\t<\/dt><\/dl><dl class='gallery-item'>\n\t\t\t<dt class='gallery-icon landscape'>\n\t\t\t\t<a href='https:\/\/www.brundisium.net\/index.php\/mostra-e-concerto-di-fine-anno-scolastico-del-liceo-simone-durano\/mostra-fine-anno-simone-durano-14\/'><img loading=\"lazy\" decoding=\"async\" width=\"150\" height=\"150\" src=\"https:\/\/www.brundisium.net\/brun\/wp-content\/uploads\/2017\/06\/MOSTRA-FINE-ANNO-SIMONE-DURANO-14-150x150.jpg\" class=\"attachment-thumbnail size-thumbnail\" alt=\"\" srcset=\"https:\/\/www.brundisium.net\/brun\/wp-content\/uploads\/2017\/06\/MOSTRA-FINE-ANNO-SIMONE-DURANO-14-150x150.jpg 150w, https:\/\/www.brundisium.net\/brun\/wp-content\/uploads\/2017\/06\/MOSTRA-FINE-ANNO-SIMONE-DURANO-14-600x600.jpg 600w, https:\/\/www.brundisium.net\/brun\/wp-content\/uploads\/2017\/06\/MOSTRA-FINE-ANNO-SIMONE-DURANO-14-1500x1500.jpg 1500w, https:\/\/www.brundisium.net\/brun\/wp-content\/uploads\/2017\/06\/MOSTRA-FINE-ANNO-SIMONE-DURANO-14-60x60.jpg 60w\" sizes=\"auto, (max-width: 150px) 100vw, 150px\" \/><\/a>\n\t\t\t<\/dt><\/dl><dl class='gallery-item'>\n\t\t\t<dt class='gallery-icon landscape'>\n\t\t\t\t<a href='https:\/\/www.brundisium.net\/index.php\/mostra-e-concerto-di-fine-anno-scolastico-del-liceo-simone-durano\/mostra-fine-anno-simone-durano-1\/'><img loading=\"lazy\" decoding=\"async\" width=\"150\" height=\"150\" src=\"https:\/\/www.brundisium.net\/brun\/wp-content\/uploads\/2017\/06\/MOSTRA-FINE-ANNO-SIMONE-DURANO-1-150x150.jpg\" class=\"attachment-thumbnail size-thumbnail\" alt=\"\" srcset=\"https:\/\/www.brundisium.net\/brun\/wp-content\/uploads\/2017\/06\/MOSTRA-FINE-ANNO-SIMONE-DURANO-1-150x150.jpg 150w, https:\/\/www.brundisium.net\/brun\/wp-content\/uploads\/2017\/06\/MOSTRA-FINE-ANNO-SIMONE-DURANO-1-600x600.jpg 600w, https:\/\/www.brundisium.net\/brun\/wp-content\/uploads\/2017\/06\/MOSTRA-FINE-ANNO-SIMONE-DURANO-1-60x60.jpg 60w\" sizes=\"auto, (max-width: 150px) 100vw, 150px\" \/><\/a>\n\t\t\t<\/dt><\/dl><dl class='gallery-item'>\n\t\t\t<dt class='gallery-icon landscape'>\n\t\t\t\t<a href='https:\/\/www.brundisium.net\/index.php\/mostra-e-concerto-di-fine-anno-scolastico-del-liceo-simone-durano\/mostra-fine-anno-simone-durano-2\/'><img loading=\"lazy\" decoding=\"async\" width=\"150\" height=\"150\" src=\"https:\/\/www.brundisium.net\/brun\/wp-content\/uploads\/2017\/06\/MOSTRA-FINE-ANNO-SIMONE-DURANO-2-150x150.jpg\" class=\"attachment-thumbnail size-thumbnail\" alt=\"\" srcset=\"https:\/\/www.brundisium.net\/brun\/wp-content\/uploads\/2017\/06\/MOSTRA-FINE-ANNO-SIMONE-DURANO-2-150x150.jpg 150w, https:\/\/www.brundisium.net\/brun\/wp-content\/uploads\/2017\/06\/MOSTRA-FINE-ANNO-SIMONE-DURANO-2-600x600.jpg 600w, https:\/\/www.brundisium.net\/brun\/wp-content\/uploads\/2017\/06\/MOSTRA-FINE-ANNO-SIMONE-DURANO-2-60x60.jpg 60w\" sizes=\"auto, (max-width: 150px) 100vw, 150px\" \/><\/a>\n\t\t\t<\/dt><\/dl><br style=\"clear: both\" \/><dl class='gallery-item'>\n\t\t\t<dt class='gallery-icon portrait'>\n\t\t\t\t<a href='https:\/\/www.brundisium.net\/index.php\/mostra-e-concerto-di-fine-anno-scolastico-del-liceo-simone-durano\/mostra-fine-anno-simone-durano-3\/'><img loading=\"lazy\" decoding=\"async\" width=\"150\" height=\"150\" src=\"https:\/\/www.brundisium.net\/brun\/wp-content\/uploads\/2017\/06\/MOSTRA-FINE-ANNO-SIMONE-DURANO-3-150x150.jpg\" class=\"attachment-thumbnail size-thumbnail\" alt=\"\" srcset=\"https:\/\/www.brundisium.net\/brun\/wp-content\/uploads\/2017\/06\/MOSTRA-FINE-ANNO-SIMONE-DURANO-3-150x150.jpg 150w, https:\/\/www.brundisium.net\/brun\/wp-content\/uploads\/2017\/06\/MOSTRA-FINE-ANNO-SIMONE-DURANO-3-600x600.jpg 600w, https:\/\/www.brundisium.net\/brun\/wp-content\/uploads\/2017\/06\/MOSTRA-FINE-ANNO-SIMONE-DURANO-3-60x60.jpg 60w\" sizes=\"auto, (max-width: 150px) 100vw, 150px\" \/><\/a>\n\t\t\t<\/dt><\/dl><dl class='gallery-item'>\n\t\t\t<dt class='gallery-icon landscape'>\n\t\t\t\t<a href='https:\/\/www.brundisium.net\/index.php\/mostra-e-concerto-di-fine-anno-scolastico-del-liceo-simone-durano\/mostra-fine-anno-simone-durano-4\/'><img loading=\"lazy\" decoding=\"async\" width=\"150\" height=\"150\" src=\"https:\/\/www.brundisium.net\/brun\/wp-content\/uploads\/2017\/06\/MOSTRA-FINE-ANNO-SIMONE-DURANO-4-150x150.jpg\" class=\"attachment-thumbnail size-thumbnail\" alt=\"\" srcset=\"https:\/\/www.brundisium.net\/brun\/wp-content\/uploads\/2017\/06\/MOSTRA-FINE-ANNO-SIMONE-DURANO-4-150x150.jpg 150w, https:\/\/www.brundisium.net\/brun\/wp-content\/uploads\/2017\/06\/MOSTRA-FINE-ANNO-SIMONE-DURANO-4-600x600.jpg 600w, https:\/\/www.brundisium.net\/brun\/wp-content\/uploads\/2017\/06\/MOSTRA-FINE-ANNO-SIMONE-DURANO-4-1500x1500.jpg 1500w, https:\/\/www.brundisium.net\/brun\/wp-content\/uploads\/2017\/06\/MOSTRA-FINE-ANNO-SIMONE-DURANO-4-60x60.jpg 60w\" sizes=\"auto, (max-width: 150px) 100vw, 150px\" \/><\/a>\n\t\t\t<\/dt><\/dl><dl class='gallery-item'>\n\t\t\t<dt class='gallery-icon landscape'>\n\t\t\t\t<a href='https:\/\/www.brundisium.net\/index.php\/mostra-e-concerto-di-fine-anno-scolastico-del-liceo-simone-durano\/mostra-fine-anno-simone-durano-5\/'><img loading=\"lazy\" decoding=\"async\" width=\"150\" height=\"150\" src=\"https:\/\/www.brundisium.net\/brun\/wp-content\/uploads\/2017\/06\/MOSTRA-FINE-ANNO-SIMONE-DURANO-5-150x150.jpg\" class=\"attachment-thumbnail size-thumbnail\" alt=\"\" srcset=\"https:\/\/www.brundisium.net\/brun\/wp-content\/uploads\/2017\/06\/MOSTRA-FINE-ANNO-SIMONE-DURANO-5-150x150.jpg 150w, https:\/\/www.brundisium.net\/brun\/wp-content\/uploads\/2017\/06\/MOSTRA-FINE-ANNO-SIMONE-DURANO-5-60x60.jpg 60w\" sizes=\"auto, (max-width: 150px) 100vw, 150px\" \/><\/a>\n\t\t\t<\/dt><\/dl><dl class='gallery-item'>\n\t\t\t<dt class='gallery-icon landscape'>\n\t\t\t\t<a href='https:\/\/www.brundisium.net\/index.php\/mostra-e-concerto-di-fine-anno-scolastico-del-liceo-simone-durano\/mostra-fine-anno-simone-durano-7\/'><img loading=\"lazy\" decoding=\"async\" width=\"150\" height=\"150\" src=\"https:\/\/www.brundisium.net\/brun\/wp-content\/uploads\/2017\/06\/MOSTRA-FINE-ANNO-SIMONE-DURANO-7-150x150.jpg\" class=\"attachment-thumbnail size-thumbnail\" alt=\"\" srcset=\"https:\/\/www.brundisium.net\/brun\/wp-content\/uploads\/2017\/06\/MOSTRA-FINE-ANNO-SIMONE-DURANO-7-150x150.jpg 150w, https:\/\/www.brundisium.net\/brun\/wp-content\/uploads\/2017\/06\/MOSTRA-FINE-ANNO-SIMONE-DURANO-7-600x600.jpg 600w, https:\/\/www.brundisium.net\/brun\/wp-content\/uploads\/2017\/06\/MOSTRA-FINE-ANNO-SIMONE-DURANO-7-1500x1500.jpg 1500w, https:\/\/www.brundisium.net\/brun\/wp-content\/uploads\/2017\/06\/MOSTRA-FINE-ANNO-SIMONE-DURANO-7-60x60.jpg 60w\" sizes=\"auto, (max-width: 150px) 100vw, 150px\" \/><\/a>\n\t\t\t<\/dt><\/dl><br style=\"clear: both\" \/>\n\t\t<\/div>\n\n<p>Si sono svolti il 31 Maggio, alla presenza del Direttore Generale dell\u2019USR Puglia, dottoressa Anna Cammalleri e del Questore di Brindisi Maurizio Masciopinto, l\u2019inaugurazione della mostra e il concerto di fine anno dei Licei \u201cE. Simone\u201d e \u201cG.Durano\u201d di Brindisi.<\/p>\n<p>&nbsp;<\/p>\n<p>Il palazzo Granafei Nervegna, nel centro storico di Brindisi, che ha ospitato la mostra del Liceo Artistico, ha fatto da splendida cornice ai lavori realizzati dai ragazzi dell\u2019Istituto con la collaborazione dei seguenti docenti: Barbara Arrigo (discipline geometriche); Gregorio Filieri (discipline geometriche); Piero Magri (discipline geometriche); Luca Luzio (discipline pittoriche); Vera Meminay (discipline pittoriche); Maria Rosaria Perrone (discipline grafiche); Silva Sizzi (discipline plastiche); Immacolata Tatullo (discipline grafiche); Laura Valentino (discipline plastiche).<\/p>\n<p>&nbsp;<\/p>\n<p>Le opere esposte (dipinti, sculture, plastici, elaborazioni grafiche) sono il risultato del lavoro di un anno scolastico ricco di iniziative importanti, prestigiose, a livello curriculare e non (concorsi, manifestazioni nazionali e territoriali, esperienze inusuali di Alternanza Scuola Lavoro, estemporanee) che hanno visto impegnati gli alunni con grande entusiasmo e con tutto il loro talento.<\/p>\n<p>&nbsp;<\/p>\n<p>La pregevole visita della dottoressa Anna Cammalleri \u00e8 stata un\u2019occasione per riflettere sui temi della scuola di oggi, sull\u2019importanza strategica della formazione artistica e sul suo ruolo per la crescita dei giovani e per lo sviluppo della societ\u00e0. Il Direttore Generale, accompagnata dall\u2019ispettore Vincenzo Melilli dell\u2019USR Puglia, insieme al Dirigente scolastico dell\u2019IISS \u201cMarzolla Leo Simone Durano\u201d professoressa Carmen Taurino, ha osservato con molta attenzione e apprezzato i lavori eseguiti dagli studenti, commentando con loro e con i docenti gli elaborati e la folta rassegna stampa delle iniziative realizzate dalla scuola nell\u2019a.s. 2016-2017.<\/p>\n<p>&nbsp;<br \/>\nLa mostra \u00e8 visitabile negli orari di apertura di Palazzo Nervegna e rimarr\u00e0 aperta fino al 6 giugno. Il taglio del nastro \u00e8 stato seguito dall\u2019esibizione degli alunni del liceo musicale \u201cG. Durano\u201d che hanno accolto il Direttore Generale Anna Cammalleri nell\u2019Auditorium dell\u2019ex Convento di Santa Chiara, sempre nel centro storico di Brindisi a pochi passi dal Duomo. L\u00ec, in una carrellata di circa ore ore, si sono esibiti gli alunni delle discipline sia di primo che di secondo strumento oltre che di musica d\u2019insieme, seguiti dai seguenti docenti: Antelmi (musica d\u2019insieme), Cal\u00f2 (chitarra), Cavallo (pianoforte), Chirilli (Pianoforte), Chirizzi (violino), De Vincentis (Musica d\u2019insieme), Guarino (Flauto), Gubello (canto), Leone (Chitarra) e Liuzzi (Canto)<\/p>\n<p>&nbsp;<br \/>\nAnche quest&#8217;anno scolastico il Liceo Simone Durano si conferma come scuola a tutto tondo, di alto spessore artistico e culturale, che le due iniziative aperte al territorio permettono di apprezzare. Un plauso agli alunni e ai docenti del Liceo per il pregevole lavoro svolto con passione e dedizione.<\/p>\n<p>&nbsp;<\/p>\n<p>&nbsp;<\/p>\n","protected":false},"excerpt":{"rendered":"<p>Si sono svolti il 31 Maggio, alla presenza del Direttore Generale dell\u2019USR Puglia, dottoressa Anna Cammalleri e del Questore di Brindisi Maurizio Masciopinto, l\u2019inaugurazione della mostra e il concerto di fine anno dei Licei \u201cE. Simone\u201d e \u201cG.Durano\u201d di Brindisi. &nbsp; Il palazzo Granafei Nervegna, nel centro storico di Brindisi, che ha ospitato la mostra del Liceo Artistico, ha fatto da splendida cornice ai lavori realizzati dai ragazzi dell\u2019Istituto con la collaborazione dei seguenti docenti: Barbara Arrigo (discipline geometriche); Gregorio Filieri (discipline geometriche); Piero Magri (discipline geometriche); Luca Luzio (discipline pittoriche); Vera Meminay (discipline pittoriche); Maria Rosaria Perrone (discipline grafiche); Silva Sizzi (discipline plastiche); Immacolata Tatullo (discipline grafiche); Laura Valentino (discipline plastiche). &nbsp; Le opere esposte (dipinti, sculture, plastici, elaborazioni grafiche) sono il risultato del lavoro di un anno scolastico ricco di iniziative importanti, prestigiose, a livello curriculare e non (concorsi, manifestazioni nazionali e territoriali, esperienze inusuali di Alternanza Scuola Lavoro, estemporanee) che hanno visto impegnati gli alunni con grande entusiasmo e con tutto il loro talento. &nbsp; La pregevole&#8230;<\/p>\n","protected":false},"author":2,"featured_media":105578,"comment_status":"open","ping_status":"closed","sticky":false,"template":"","format":"standard","meta":{"footnotes":""},"categories":[7],"tags":[1822],"class_list":["post-105565","post","type-post","status-publish","format-standard","has-post-thumbnail","hentry","category-news","tag-liceo-simone-durano"],"_links":{"self":[{"href":"https:\/\/www.brundisium.net\/index.php\/wp-json\/wp\/v2\/posts\/105565","targetHints":{"allow":["GET"]}}],"collection":[{"href":"https:\/\/www.brundisium.net\/index.php\/wp-json\/wp\/v2\/posts"}],"about":[{"href":"https:\/\/www.brundisium.net\/index.php\/wp-json\/wp\/v2\/types\/post"}],"author":[{"embeddable":true,"href":"https:\/\/www.brundisium.net\/index.php\/wp-json\/wp\/v2\/users\/2"}],"replies":[{"embeddable":true,"href":"https:\/\/www.brundisium.net\/index.php\/wp-json\/wp\/v2\/comments?post=105565"}],"version-history":[{"count":1,"href":"https:\/\/www.brundisium.net\/index.php\/wp-json\/wp\/v2\/posts\/105565\/revisions"}],"predecessor-version":[{"id":105580,"href":"https:\/\/www.brundisium.net\/index.php\/wp-json\/wp\/v2\/posts\/105565\/revisions\/105580"}],"wp:featuredmedia":[{"embeddable":true,"href":"https:\/\/www.brundisium.net\/index.php\/wp-json\/wp\/v2\/media\/105578"}],"wp:attachment":[{"href":"https:\/\/www.brundisium.net\/index.php\/wp-json\/wp\/v2\/media?parent=105565"}],"wp:term":[{"taxonomy":"category","embeddable":true,"href":"https:\/\/www.brundisium.net\/index.php\/wp-json\/wp\/v2\/categories?post=105565"},{"taxonomy":"post_tag","embeddable":true,"href":"https:\/\/www.brundisium.net\/index.php\/wp-json\/wp\/v2\/tags?post=105565"}],"curies":[{"name":"wp","href":"https:\/\/api.w.org\/{rel}","templated":true}]}}