{"id":105595,"date":"2017-06-05T12:26:48","date_gmt":"2017-06-05T10:26:48","guid":{"rendered":"http:\/\/www.brundisium.net\/?p=105595"},"modified":"2017-06-06T16:13:50","modified_gmt":"2017-06-06T14:13:50","slug":"festa-dei-carabinieri-col-conforti-linsicurezza-e-sempre-piu-legata-alla-percezione-la-gente-vuole-presenza-e-visibilita-delle-forze-di-polizia","status":"publish","type":"post","link":"https:\/\/www.brundisium.net\/index.php\/festa-dei-carabinieri-col-conforti-linsicurezza-e-sempre-piu-legata-alla-percezione-la-gente-vuole-presenza-e-visibilita-delle-forze-di-polizia\/","title":{"rendered":"Festa dei Carabinieri, Col. Conforti: &#8220;l\u2019insicurezza \u00e8 sempre pi\u00f9 legata alla percezione, la gente vuole presenza e visibilit\u00e0 delle forze di polizia&#8221;"},"content":{"rendered":"<p><strong>Di seguito riportiamo integralmente il\u00a0 Discorso del Comandante Provinciale dei Carabinieri di Brindisi, Col. Nicola CONFORTI, in occasione del 203\u00b0 Annuale della fondazione dell\u2019Arma dei Carabinieri.<\/strong><\/p>\n<p>&nbsp;<\/p>\n<p>Autorit\u00e0, gentili ospiti, commemoriamo oggi il <strong>203\u00b0 Annuale della Fondazione dell\u2019Arma dei Carabinieri<\/strong>.<\/p>\n<p>\u00c8 per me una vera gioia, oltre che motivo di grande orgoglio, essere qui a celebrare questa ricorrenza, dopo quasi due anni che ricopro l\u2019incarico di Comandante Provinciale di Brindisi.<\/p>\n<p>&nbsp;<\/p>\n<p>A <strong>Sua Eccellenza Reverendissima Monsignor Domenico CALIANDRO<\/strong> un grazie sincero per aver inteso condividere con noi questo giorno di festa.<\/p>\n<p>&nbsp;<\/p>\n<p>Un deferente saluto al Senatore Vittorio ZIZZA La sua presenza \u00e8 chiara testimonianza della vicinanza degli organi costituzionali all\u2019Arma.<\/p>\n<p>&nbsp;<\/p>\n<p>Saluto la <strong>Dottoressa Erminia CICORIA<\/strong>, Vicario del Prefetto, il dottor Valerio VALENTI, che da qualche giorno ha assunto il prestigioso incarico e che non \u00e8 potuto intervenire per concomitanti impegni precedentemente assunti, nonch\u00e9 il <strong>Presidente della Provincia<\/strong>, dott. Maurizio BRUNO e il <strong>Segretario Generale del Comune di Brindisi<\/strong>, Avvocato Giuseppe Salvatore ALEMANNO, qui presente in rappresentanza del Prefetto Santi GIUFFR\u00c9, Commissario Straordinario al Comune di Brindisi, anch\u2019egli assente per altri impegni.<\/p>\n<p>&nbsp;<\/p>\n<p>Un grazie sincero al <strong>Signor Procuratore Generale della Corte di Appello di Lecce<\/strong>, dottor Antonio MARUCCIA, che ci ha onorato della sua presenza, nonch\u00e9 al dottor Genantonio CHIARELLI, in rappresentanza del <strong>Presidente del Tribunale di Brindisi<\/strong>, dottor Alfonso PAPPALARDO &#8211; impegnato fuori sede &#8211; e al dottor Raffaele CASTO, <strong>Procuratore della Repubblica facente funzione <\/strong>e a tutti i componenti della Procura di Brindisi a cui va il mio pi\u00f9 vivo e convinto riconoscimento per la professionalit\u00e0 e la dedizione evidenziate in ogni occasione, nonch\u00e9 per la costante e lungimirante azione di indirizzo e supporto a favore dei reparti dell\u2019Arma della provincia.<\/p>\n<p>&nbsp;<\/p>\n<p>Saluto anche il dottor <strong>Maurizio SASO<\/strong>, GIP del Tribunale di Brindisi e Presidente della Sezione Distrettuale di Lecce dell\u2019Associazione Nazionale Magistrati.<\/p>\n<p>&nbsp;<\/p>\n<p>Ringrazio per essere presente il Comandante della <strong>Brigata Marina San Marco<\/strong>, <strong>Contrammiraglio Bruno Cesare PETRAGNANI<\/strong>, che ricopre anche il prestigioso incarico di Comandante del Presidio Militare di Brindisi.<\/p>\n<p>&nbsp;<\/p>\n<p>Il mio grazie, poi, ai <strong>vertici provinciali delle altre Forze di polizia<\/strong>: al Signor <strong>Questore<\/strong>, dottor Maurizio MASCIOPINTO, al Signor <strong>Comandante Provinciale della Guardia di Finanza<\/strong>, Col. Maurizio DE PANFILIS, e a tutte le <strong>Polizie Locali<\/strong>, oggi qui rappresentate dal Comandante della Polizia Municipale di Brindisi, <strong>dottor Teodoro NIGRO<\/strong>. Grazie anche della presenza della direttrice della Casa Circondariale di Brindisi <strong>dott.ssa Anna Maria Dello Preite<\/strong>. Mi sia consentito un saluto particolare al Col. CAPONE, Comandante del Gruppo Carabinieri Forestale di Brindisi, che \u2013 come sapete \u2013 dal 1\u00b0 gennaio scorso \u00e8 transitato nei ranghi dell\u2019Arma.<\/p>\n<p>&nbsp;<\/p>\n<p>&nbsp;<\/p>\n<p>Il lavoro svolto insieme a voi tutti nella quotidianit\u00e0 silenziosa rappresenta una concreta testimonianza di <strong>positiva sinergia istituzionale<\/strong>. Tanto si parla di coordinamento, di rete, di sforzi sinergici. Ebbene, non sono certo il primo ad evidenziarlo, ma non posso esimermi oggi dal sottolineare pubblicamente l\u2019armonioso e fattivo spirito di collaborazione esistente in questa Provincia. Tutti gli attori del comparto sicurezza \u2013 sia essa quella primaria afferente all\u2019Amministrazione della pubblica sicurezza, sia quella urbana, i cui protagonisti principali sono le Amministrazioni e le polizie locali \u2013 sentono forte il senso di responsabilit\u00e0 che \u00e8 proprio di chi assolve funzioni pubbliche, lavorando con dedizione e zelo. Quanto realizzato \u00e8 stato da taluni definito \u201cSistema Brindisi\u201d, ma i positivi risultati non devono appagarci, bens\u00ec costituire un costante sprone per assicurare sempre migliori <em>standard<\/em> di sicurezza.<\/p>\n<p>&nbsp;<\/p>\n<p>Non meno importante la collaborazione con gli altri <em>partner<\/em> istituzionali di riferimento. Il mio affettuoso saluto va anche al Comandante della <strong>Capitaneria di Porto<\/strong>, Capitano di Vascello Salvatore MINERVINO, al Comandante del <strong>Distaccamento presso l\u2019Aeroporto Militare<\/strong> di Brindisi, Col. Gioacchino CASSAR\u00c0, al Comandante del <strong>Gruppo Rifornimenti Area Sud di Francavilla Fontana<\/strong>, Ten. Col. Domenico GALLO, e al Comandante Provinciale dei <strong>Vigili del Fuoco<\/strong>, Ingegnere Michele ANGIULLI. Per ultimo, ma non certo per importanza, saluto i responsabili del <strong>Servizio del 118<\/strong>, del <strong>Corpo delle Infermiere Volontarie della Croce Rossa Italiana<\/strong>, degli assetti delle <strong>Nazioni Unite<\/strong> &#8211; il <em>Global Service Centre<\/em> e la Base di Pronto Intervento Umanitario, nonch\u00e9 tutti i dirigenti scolastici intervenuti.<\/p>\n<p>&nbsp;<\/p>\n<p>Un abbraccio affettuoso ai colleghi dell\u2019<strong>Associazione Nazionale Carabinieri <\/strong>e alle <strong>Benemerite<\/strong>, nonch\u00e9 alla rappresentanza dell\u2019<strong>Unione Nazionale Ufficiali in congedo<\/strong>. La vostra presenza \u00e8 particolarmente gradita. Voi non solo rappresentate l\u2019esempio da seguire, ma costituite un ponte ideale tra passato e presente, tra tradizione ed innovazione.<\/p>\n<p>&nbsp;<\/p>\n<p>E ora tocca a voi, <strong>Ufficiali, Marescialli, Brigadieri, Appuntati e Carabinieri della Provincia di Brindisi<\/strong> e anche al personale civile della difesa che con lodevole impegno non fa mancare il proprio prezioso contributo. Non ritengo sia oggi l\u2019occasione per fare bilanci autocelebrativi e annoiarvi con numeri e statistiche, sia perch\u00e9 i risultati conseguiti sono ampiamente noti alla collettivit\u00e0 \u2013 e al riguardo un sentito ringraziamento ai rappresentanti degli <strong>organi d\u2019informazione<\/strong> che svolgono un lavoro altamente professionale e puntuale \u2013 sia perch\u00e9 avverto l\u2019esigenza di soffermarmi su altre considerazioni.<\/p>\n<p>&nbsp;<\/p>\n<p>&nbsp;<\/p>\n<p>A voi che operate quotidianamente per il rispetto della legalit\u00e0 e per <strong>garantire tranquillit\u00e0 e sicurezza<\/strong> il mio grazie sincero. Il mio non pu\u00f2 che essere un ringraziamento sentito, non solo per il <strong>rischio intrinseco <\/strong>che caratterizza la nostra professione e per i sacrifici che vengono affrontati, ma soprattutto per la complessit\u00e0 della nostra missione.<\/p>\n<p>&nbsp;<\/p>\n<p>&nbsp;<\/p>\n<p>Produrre sicurezza \u00e8 stato sempre un compito arduo, ma nella situazione attuale \u2013 caratterizzata da elevata complessit\u00e0 sistemica \u2013 <strong>il nostro lavoro risulta estremamente difficile<\/strong>. L\u2019insicurezza \u00e8 oggi pi\u00f9 di ieri legata anche alla <strong>percezione<\/strong>. \u00c8 nota la distinzione tra sicurezza reale e sicurezza percepita; vi \u00e8 concordanza di vedute sulla preminenza della percezione, ossia della dimensione soggettiva, rispetto a quanto emerge dalle analisi puntuali dei dati statistici che da un lato misurano la delittuosit\u00e0 e dall\u2019altro la \u201cproduttivit\u00e0\u201d delle agenzie preposte a garantire sicurezza. Il sentirsi sicuri \u00e8 la risultante di un <strong>processo multifattoriale e circolare<\/strong> in cui l\u2019aspetto emotivo gioca un ruolo fondamentale.<\/p>\n<p>&nbsp;<\/p>\n<p>\u201c<strong><em>Un tempo era differente, la societ\u00e0 \u00e8 cambiata!<\/em><\/strong>\u201d. Siamo abituati a sentire esclamazioni del genere ed in effetti molto \u00e8 mutato in tema di sicurezza. La globalizzazione, la pervasivit\u00e0 delle nuove tecnologie e dei <em>media<\/em>, la trasformazione della prospettiva connessa alla sicurezza, intesa come servizio e non come concessione calata dall\u2019alto dall\u2019autorit\u00e0, la <strong>maggiore consapevolezza<\/strong> su questioni un tempo ritenute di pertinenza di un pubblico ristretto fanno s\u00ec che la galassia sicurezza risponda oggi a regole non legate ai classici paradigmi. L\u2019insicurezza non riesce pi\u00f9 ad essere imbrigliata e convogliata entro argini definiti, al contrario scorre, si espande, penetra in ogni anfratto esistenziale. Priva di appigli solidi, si manifesta nel suo stato \u201c<em>liquido<\/em>\u201d, come tale sfuggente. Nello scenario attuale, l\u2019elemento pi\u00f9 preoccupante e al tempo stesso inquietante dell\u2019insicurezza \u00e8 la sua <strong>imprevedibilit\u00e0<\/strong>: sono trascorse meno di quarantott\u2019ore dall\u2019attentato terroristico di Londra, dove \u00e8 stato sufficiente un furgone e dei coltelli per trasformare in sangue il fanatismo pseudoreligioso di tre <em>jihadisti<\/em>. L\u2019imprevedibilit\u00e0 della minaccia \u00e8 proprio finalizzata a <strong>fare cambiare le abitudini della nostra quotidianit\u00e0<\/strong> e minare lo spirito democratico su cui si fondano le nostre societ\u00e0.<\/p>\n<p>&nbsp;<\/p>\n<p>L\u2019insicurezza pervade tanto l\u2019orizzonte sovranazionale quanto quello micro-locale. La <strong>minaccia<\/strong> di una guerra nucleare pu\u00f2 ingenerare paura al pari di un sottopassaggio ferroviario sporco, mal illuminato e privo della presenza di forze di polizia; il timore di uno scippatore pu\u00f2 causare ansia e sconforto cos\u00ec come una incombente minaccia terroristica.<\/p>\n<p>&nbsp;<\/p>\n<p>L\u2019insicurezza percepita non sempre corrisponde a quella reale, ma non per questo \u00e8 meno importante. Come un medico \u00e8 chiamato a risolvere i problemi, sia reali sia immaginari, che affliggono i propri pazienti, cos\u00ec tutti gli attori del sistema sicurezza \u2013 forze di polizia <em>in primis<\/em> \u2013 devono prendersi cura di tutte le problematiche, reali o percepite, che preoccupano una determinata comunit\u00e0, contribuendo a migliorare le generali condizioni di vivibilit\u00e0.<\/p>\n<p>&nbsp;<\/p>\n<p>Le forze di polizia sono dunque oggi chiamate a svolgere una funzione molto delicata finalizzata a ricercare il <strong>coinvolgimento di tutte le componenti delle comunit\u00e0<\/strong>. La sicurezza \u2013 bene pubblico che appartiene a tutti \u2013 \u00e8 la risultante dell\u2019impegno di soggetti sia pubblici sia privati, istituzioni strutturate ed associazioni spontanee presenti sul territorio.<\/p>\n<p>&nbsp;<\/p>\n<p>Creare e rinsaldare il senso di comunit\u00e0 presuppone un sentimento di appartenenza, di condivisione profonda dei valori fondanti del gruppo. L\u2019ingrediente fondamentale \u00e8, senza dubbio, la <strong>fiducia<\/strong>. Le forze di polizia devono sapersi guadagnare la fiducia di tutti i rappresentanti delle comunit\u00e0; fiducia che, una volta ottenuta, va preservata tramite un costante, capillare e paziente lavoro quotidiano.<\/p>\n<p>&nbsp;<\/p>\n<p>Per avere fiducia bisogna poter guardare il <strong>futuro<\/strong> con ottimismo, sapendone cogliere ogni migliore opportunit\u00e0. Ma oggigiorno il diffuso e crescente senso di insicurezza \u00e8 intimamente collegato proprio alla semantica del futuro. Paure, incertezze e ansie sono intrinsecamente connesse a questo cambiamento di segno del futuro: <strong>dal futuro-promessa al futuro-minaccia<\/strong>.<\/p>\n<p>&nbsp;<\/p>\n<p>La <strong>presenza<\/strong>, la <strong>visibilit\u00e0<\/strong> delle forze di polizia \u00e8 ci\u00f2 che la gente vuole, anzi pretende. La presenza di una pattuglia, possibilmente attenta e vigile, colma immediatamente il senso di insicurezza, coprendo l\u2019intera gamma di paure. Un operatore vicino, visibile \u00e8 garanzia di prevenzione da ogni tipo di minaccia. \u00c8 sufficiente la sua presenza per allontanare le paure, relegandole a un grado di potenzialit\u00e0 distante. Una maggiore visibilit\u00e0 delle forze di polizia rinsalda la <em>partnership<\/em> all\u2019interno della comunit\u00e0, ed \u00e8 essa stessa la proiezione materiale e concreta della fiducia.<\/p>\n<p>&nbsp;<\/p>\n<p>&nbsp;<\/p>\n<p>La <strong>polizia di prossimit\u00e0<\/strong> rappresenta un tassello importante nella realizzazione concreta della prevenzione cosiddetta situazionale. L\u2019operatore di polizia \u201c<em>amico<\/em>\u201d ed a \u201c<em>portata di mano<\/em>\u201d soddisfa quelle che sono le esigenze primarie di sicurezza.<\/p>\n<p>&nbsp;<\/p>\n<p>&nbsp;<\/p>\n<p>Ho parlato di fiducia e futuro e allora il mio sguardo, anzi il nostro sguardo, non pu\u00f2 non rivolgersi ai <strong>giovani<\/strong>, anche oggi presenti a testimonianza di un rapporto che i Carabinieri della Provincia di Brindisi hanno costruito giorno dopo giorno con il mondo della scuola e cercano di mantenere costantemente saldo, rafforzandolo con iniziative sempre pi\u00f9 stimolanti e partecipative. A voi \u2013 che come ho ripetuto in tantissime occasioni, non rappresentate solo il futuro ma siete gi\u00e0 un importante presente \u2013 a voi il mio rinnovato appello a <strong>scegliere con convinzione e determinazione la strada della legalit\u00e0<\/strong>, l\u2019unica che consente all\u2019individuo di affermare se stesso in maniera libera; siate forti e capaci di sfuggire alle facili tentazioni della criminalit\u00e0, un\u2019opzione questa che, a fronte di facili guadagni, porta solo ad una vita buia e meschina.<\/p>\n<p>&nbsp;<\/p>\n<p>&nbsp;<\/p>\n<p>Nel concludere, rinnovo i mie pi\u00f9 sentiti ringraziamenti a tutti i presenti. Il vostro corale affetto \u00e8 la tangibile dimostrazione di quanto l\u2019Arma sia una componente fondamentale della nostra amata Patria.<\/p>\n<p>&nbsp;<\/p>\n<p>&nbsp;<\/p>\n<p>&nbsp;<\/p>\n<p><strong>Viva Brindisi e la sua Provincia!<\/strong><\/p>\n<p><strong>Viva l\u2019Arma dei Carabinieri!<\/strong><\/p>\n<p><strong>Viva l\u2019Italia!<\/strong><\/p>\n","protected":false},"excerpt":{"rendered":"<p>Di seguito riportiamo integralmente il\u00a0 Discorso del Comandante Provinciale dei Carabinieri di Brindisi, Col. Nicola CONFORTI, in occasione del 203\u00b0 Annuale della fondazione dell\u2019Arma dei Carabinieri. &nbsp; Autorit\u00e0, gentili ospiti, commemoriamo oggi il 203\u00b0 Annuale della Fondazione dell\u2019Arma dei Carabinieri. \u00c8 per me una vera gioia, oltre che motivo di grande orgoglio, essere qui a celebrare questa ricorrenza, dopo quasi due anni che ricopro l\u2019incarico di Comandante Provinciale di Brindisi. &nbsp; A Sua Eccellenza Reverendissima Monsignor Domenico CALIANDRO un grazie sincero per aver inteso condividere con noi questo giorno di festa. &nbsp; Un deferente saluto al Senatore Vittorio ZIZZA La sua presenza \u00e8 chiara testimonianza della vicinanza degli organi costituzionali all\u2019Arma. &nbsp; Saluto la Dottoressa Erminia CICORIA, Vicario del Prefetto, il dottor Valerio VALENTI, che da qualche giorno ha assunto il prestigioso incarico e che non \u00e8 potuto intervenire per concomitanti impegni precedentemente assunti, nonch\u00e9 il Presidente della Provincia, dott. Maurizio BRUNO e il Segretario Generale del Comune di Brindisi, Avvocato Giuseppe Salvatore ALEMANNO, qui presente in rappresentanza del Prefetto&#8230;<\/p>\n","protected":false},"author":2,"featured_media":105596,"comment_status":"open","ping_status":"closed","sticky":false,"template":"","format":"standard","meta":{"footnotes":""},"categories":[7],"tags":[62,4371],"class_list":["post-105595","post","type-post","status-publish","format-standard","has-post-thumbnail","hentry","category-news","tag-carabinieri","tag-nicola-conforti"],"_links":{"self":[{"href":"https:\/\/www.brundisium.net\/index.php\/wp-json\/wp\/v2\/posts\/105595","targetHints":{"allow":["GET"]}}],"collection":[{"href":"https:\/\/www.brundisium.net\/index.php\/wp-json\/wp\/v2\/posts"}],"about":[{"href":"https:\/\/www.brundisium.net\/index.php\/wp-json\/wp\/v2\/types\/post"}],"author":[{"embeddable":true,"href":"https:\/\/www.brundisium.net\/index.php\/wp-json\/wp\/v2\/users\/2"}],"replies":[{"embeddable":true,"href":"https:\/\/www.brundisium.net\/index.php\/wp-json\/wp\/v2\/comments?post=105595"}],"version-history":[{"count":1,"href":"https:\/\/www.brundisium.net\/index.php\/wp-json\/wp\/v2\/posts\/105595\/revisions"}],"predecessor-version":[{"id":105597,"href":"https:\/\/www.brundisium.net\/index.php\/wp-json\/wp\/v2\/posts\/105595\/revisions\/105597"}],"wp:featuredmedia":[{"embeddable":true,"href":"https:\/\/www.brundisium.net\/index.php\/wp-json\/wp\/v2\/media\/105596"}],"wp:attachment":[{"href":"https:\/\/www.brundisium.net\/index.php\/wp-json\/wp\/v2\/media?parent=105595"}],"wp:term":[{"taxonomy":"category","embeddable":true,"href":"https:\/\/www.brundisium.net\/index.php\/wp-json\/wp\/v2\/categories?post=105595"},{"taxonomy":"post_tag","embeddable":true,"href":"https:\/\/www.brundisium.net\/index.php\/wp-json\/wp\/v2\/tags?post=105595"}],"curies":[{"name":"wp","href":"https:\/\/api.w.org\/{rel}","templated":true}]}}