{"id":105631,"date":"2017-06-05T16:31:52","date_gmt":"2017-06-05T14:31:52","guid":{"rendered":"http:\/\/www.brundisium.net\/?p=105631"},"modified":"2017-06-05T16:04:59","modified_gmt":"2017-06-05T14:04:59","slug":"paolo-maci-con-mi-chiamo-eva-apre-la-terza-edizione-di-libriamo","status":"publish","type":"post","link":"https:\/\/www.brundisium.net\/index.php\/paolo-maci-con-mi-chiamo-eva-apre-la-terza-edizione-di-libriamo\/","title":{"rendered":"Paolo Maci con &#8220;Mi chiamo Eva&#8221; apre la terza edizione di Libriamo"},"content":{"rendered":"<p><a href=\"http:\/\/www.brundisium.net\/brun\/wp-content\/uploads\/2017\/06\/Paolo-Maci.jpg\"><img loading=\"lazy\" decoding=\"async\" class=\"alignleft size-medium wp-image-105633\" src=\"http:\/\/www.brundisium.net\/brun\/wp-content\/uploads\/2017\/06\/Paolo-Maci-300x300.jpg\" alt=\"\" width=\"300\" height=\"300\" srcset=\"https:\/\/www.brundisium.net\/brun\/wp-content\/uploads\/2017\/06\/Paolo-Maci-300x300.jpg 300w, https:\/\/www.brundisium.net\/brun\/wp-content\/uploads\/2017\/06\/Paolo-Maci-150x150.jpg 150w, https:\/\/www.brundisium.net\/brun\/wp-content\/uploads\/2017\/06\/Paolo-Maci-768x768.jpg 768w, https:\/\/www.brundisium.net\/brun\/wp-content\/uploads\/2017\/06\/Paolo-Maci-600x600.jpg 600w, https:\/\/www.brundisium.net\/brun\/wp-content\/uploads\/2017\/06\/Paolo-Maci-60x60.jpg 60w, https:\/\/www.brundisium.net\/brun\/wp-content\/uploads\/2017\/06\/Paolo-Maci.jpg 800w\" sizes=\"auto, (max-width: 300px) 100vw, 300px\" \/><\/a>\u00a0Sar\u00e0 presentato venerd\u00ec 9 giugno, alle ore 18, presso il MAAC ( Museo Archeologico e di Arte Contemporanea) di Ceglie Messapica, il libro di Paolo Maci, intitolato \u201cMi chiamo Eva\u201d (SoloLettura). L\u2019appuntamento, organizzato dall&#8217;Associazione di Promozione Sociale \u201cGioia\u201d, apre la terza edizione della rassegna letteraria \u201cLibriamo\u201d, organizzata con il Patrocinio del Comune messapico e per questo primo appuntamento si avvale della collaborazione con la Camera Forense Messapica \u201cAvv. Vito Gianfreda\u201d e l&#8217;IISS \u201cC. Agostinelli\u201d. Media Partner: Idea Radio.<\/p>\n<p>&nbsp;<\/p>\n<p>&nbsp;<\/p>\n<p>Nel libro di Maci, cinque donne raccontano all\u2019avvocato storie di sopraffazione, di violenza e di ossessioni patologiche di cui sono vittime. Donne ferite ma non sconfitte, che hanno trovato la forza di reagire e chiedono giustizia nelle aule di un Tribunale. Le cinque protagoniste offrono una narrazione cruda, a tratti raccapricciante, del loro vissuto con uno stile televisivo che avvince il lettore, lo porta a commuoversi, indignarsi ed interrogarsi nell\u2019attesa del finale. L\u2019avvocato, che raccoglie le loro voci rimettendo in piedi la stessa dignit\u00e0 crudelmente schiacciata da uomini senza scrupoli, veicola nella difesa delle vittime il dolore, l\u2019angoscia, il sentimento di impotenza di fronte alla violenza subita ed \u00e8 consapevole, come ogni difensore, che il futuro delle sue assistite si giochi anche nelle aule di un Tribunale, dove essere credute significa in parte riacquistare la propria dignit\u00e0 ferita.<\/p>\n<p>&nbsp;<\/p>\n<p>&nbsp;<\/p>\n<p><a href=\"http:\/\/www.brundisium.net\/brun\/wp-content\/uploads\/2017\/06\/Mi-chiamo-Eva.jpg\"><img loading=\"lazy\" decoding=\"async\" class=\"size-medium wp-image-105634 alignright\" src=\"http:\/\/www.brundisium.net\/brun\/wp-content\/uploads\/2017\/06\/Mi-chiamo-Eva-168x300.jpg\" alt=\"\" width=\"168\" height=\"300\" srcset=\"https:\/\/www.brundisium.net\/brun\/wp-content\/uploads\/2017\/06\/Mi-chiamo-Eva-168x300.jpg 168w, https:\/\/www.brundisium.net\/brun\/wp-content\/uploads\/2017\/06\/Mi-chiamo-Eva.jpg 539w\" sizes=\"auto, (max-width: 168px) 100vw, 168px\" \/><\/a>\u201c\u2026Ma ora Elena \u00e8 morta. Dopo un anno di ospedale e quattordici interventi ho deciso che il mio nome di allora sarebbe stato Alena. Il nome che era riportato sui miei documenti polacchi e che io, in Italia, non avevo voluto usare. Nella mia nuova vita mi chiamer\u00f2 Alena\u2026\u201d<\/p>\n<p>&nbsp;<\/p>\n<p>&nbsp;<\/p>\n<p>Il racconto, l\u2019assistenza e la denuncia sono tre fasi che sfociano nel ritratto del risveglio, della coscienza dei propri diritti violati, della fiducia nelle istituzioni. Si impara a non sentirsi colpevoli ed a dire di no. Bisogna far parlare il coraggio nascosto. Questo si legge tra le righe in Mi chiamo Eva.<\/p>\n<p>&nbsp;<\/p>\n<p>&nbsp;<\/p>\n<p>L\u2019incontro sar\u00e0 moderato dall&#8217;Avv. Anna Rita Amati e prevede i saluti della Presidente dell&#8217;APS \u201cGioia\u201d, Graziella Nannavecchia, dell&#8217;Assessore alla Cultura, Mariangela Leporale e gli interventi letterari degli studenti dell&#8217;IISS \u201cC. Agostinelli\u201d impegnati nel progetto sul femminicidio intitolato \u201cChi dice donna dice Donna\u201d. Durante la presentazione sar\u00e0 proiettato il cortometraggio \u201cIl bello dell&#8217;esse donna\u201d.<\/p>\n<p>&nbsp;<\/p>\n<p>&nbsp;<\/p>\n<p>Paolo Maci: avvocato cassazioni sta e presidente regionale per la Puglia dell\u2019ANFI, associazione nazionale familiaristi Italiani. Collabora con il prof. Nicola Grasso, associato di Diritto Costituzionale nell\u2019Universit\u00e0 del Salento. Dal 2002 al 2009 \u00e8 stato presidente della Fondazione La Citt\u00e0 del Libro, che durante il suo mandato ha ricevuto dal Ministero per i Beni e le Attivit\u00e0 Culturali il premio come miglior manifestazione di promozione del Libro e della lettura realizzata in Italia.<\/p>\n","protected":false},"excerpt":{"rendered":"<p>\u00a0Sar\u00e0 presentato venerd\u00ec 9 giugno, alle ore 18, presso il MAAC ( Museo Archeologico e di Arte Contemporanea) di Ceglie Messapica, il libro di Paolo Maci, intitolato \u201cMi chiamo Eva\u201d (SoloLettura). L\u2019appuntamento, organizzato dall&#8217;Associazione di Promozione Sociale \u201cGioia\u201d, apre la terza edizione della rassegna letteraria \u201cLibriamo\u201d, organizzata con il Patrocinio del Comune messapico e per questo primo appuntamento si avvale della collaborazione con la Camera Forense Messapica \u201cAvv. Vito Gianfreda\u201d e l&#8217;IISS \u201cC. Agostinelli\u201d. Media Partner: Idea Radio. &nbsp; &nbsp; Nel libro di Maci, cinque donne raccontano all\u2019avvocato storie di sopraffazione, di violenza e di ossessioni patologiche di cui sono vittime. Donne ferite ma non sconfitte, che hanno trovato la forza di reagire e chiedono giustizia nelle aule di un Tribunale. Le cinque protagoniste offrono una narrazione cruda, a tratti raccapricciante, del loro vissuto con uno stile televisivo che avvince il lettore, lo porta a commuoversi, indignarsi ed interrogarsi nell\u2019attesa del finale. L\u2019avvocato, che raccoglie le loro voci rimettendo in piedi la stessa dignit\u00e0 crudelmente schiacciata da uomini senza scrupoli,&#8230;<\/p>\n","protected":false},"author":2,"featured_media":105633,"comment_status":"open","ping_status":"closed","sticky":false,"template":"","format":"standard","meta":{"footnotes":""},"categories":[224,7],"tags":[],"class_list":["post-105631","post","type-post","status-publish","format-standard","has-post-thumbnail","hentry","category-libri","category-news"],"_links":{"self":[{"href":"https:\/\/www.brundisium.net\/index.php\/wp-json\/wp\/v2\/posts\/105631","targetHints":{"allow":["GET"]}}],"collection":[{"href":"https:\/\/www.brundisium.net\/index.php\/wp-json\/wp\/v2\/posts"}],"about":[{"href":"https:\/\/www.brundisium.net\/index.php\/wp-json\/wp\/v2\/types\/post"}],"author":[{"embeddable":true,"href":"https:\/\/www.brundisium.net\/index.php\/wp-json\/wp\/v2\/users\/2"}],"replies":[{"embeddable":true,"href":"https:\/\/www.brundisium.net\/index.php\/wp-json\/wp\/v2\/comments?post=105631"}],"version-history":[{"count":1,"href":"https:\/\/www.brundisium.net\/index.php\/wp-json\/wp\/v2\/posts\/105631\/revisions"}],"predecessor-version":[{"id":105635,"href":"https:\/\/www.brundisium.net\/index.php\/wp-json\/wp\/v2\/posts\/105631\/revisions\/105635"}],"wp:featuredmedia":[{"embeddable":true,"href":"https:\/\/www.brundisium.net\/index.php\/wp-json\/wp\/v2\/media\/105633"}],"wp:attachment":[{"href":"https:\/\/www.brundisium.net\/index.php\/wp-json\/wp\/v2\/media?parent=105631"}],"wp:term":[{"taxonomy":"category","embeddable":true,"href":"https:\/\/www.brundisium.net\/index.php\/wp-json\/wp\/v2\/categories?post=105631"},{"taxonomy":"post_tag","embeddable":true,"href":"https:\/\/www.brundisium.net\/index.php\/wp-json\/wp\/v2\/tags?post=105631"}],"curies":[{"name":"wp","href":"https:\/\/api.w.org\/{rel}","templated":true}]}}