{"id":105636,"date":"2017-06-05T16:07:47","date_gmt":"2017-06-05T14:07:47","guid":{"rendered":"http:\/\/www.brundisium.net\/?p=105636"},"modified":"2017-06-05T16:07:47","modified_gmt":"2017-06-05T14:07:47","slug":"fasano-jazz-2017-giovedi-connie-valentini-daniele-di-bonaventura-e-paolo-fresu","status":"publish","type":"post","link":"https:\/\/www.brundisium.net\/index.php\/fasano-jazz-2017-giovedi-connie-valentini-daniele-di-bonaventura-e-paolo-fresu\/","title":{"rendered":"Fasano Jazz 2017: gioved\u00ec Connie Valentini, Daniele Di Bonaventura e Paolo Fresu"},"content":{"rendered":"<p><a href=\"http:\/\/www.brundisium.net\/brun\/wp-content\/uploads\/2017\/06\/da-sinistra-Valentini-e-Di-Bonaventura.jpg\"><img loading=\"lazy\" decoding=\"async\" class=\"alignleft size-medium wp-image-105638\" src=\"http:\/\/www.brundisium.net\/brun\/wp-content\/uploads\/2017\/06\/da-sinistra-Valentini-e-Di-Bonaventura-300x222.jpg\" alt=\"\" width=\"300\" height=\"222\" srcset=\"https:\/\/www.brundisium.net\/brun\/wp-content\/uploads\/2017\/06\/da-sinistra-Valentini-e-Di-Bonaventura-300x222.jpg 300w, https:\/\/www.brundisium.net\/brun\/wp-content\/uploads\/2017\/06\/da-sinistra-Valentini-e-Di-Bonaventura-768x568.jpg 768w, https:\/\/www.brundisium.net\/brun\/wp-content\/uploads\/2017\/06\/da-sinistra-Valentini-e-Di-Bonaventura-1024x757.jpg 1024w, https:\/\/www.brundisium.net\/brun\/wp-content\/uploads\/2017\/06\/da-sinistra-Valentini-e-Di-Bonaventura-270x200.jpg 270w\" sizes=\"auto, (max-width: 300px) 100vw, 300px\" \/><\/a>Due set per \u201cFasano Jazz 2017\u201d, gioved\u00ec 8 giugno alle ore 21 al teatro Kennedy di Fasano (costo del biglietto 10 euro per assistere ad entrambi i set). La rassegna \u00e8 organizzata interamente dal Comune di Fasano e vede la collaborazione tecnica dell&#8217;associazione &#8220;Le Nove Muse&#8221; e la direzione artistica di Domenico De Mola.<\/p>\n<p>&nbsp;<\/p>\n<p>Il primo vedr\u00e0 Connie Valentini (voce) e Daniele Di Bonaventura (bandoneon), mentre il secondo set preveder\u00e0 la presenza di Paolo Fresu (tromba &amp; elettronica) e dello stesso Di Bonaventura al bandoneon che si sarebbero gi\u00e0 dovuti esibire in duo a \u201cFasano Jazz\u201d cinque anni fa, ma un malore del celebre trombettista fece \u201csaltare\u201d la data fasanese ed altre date di quell\u2019estate.<\/p>\n<p>&nbsp;<\/p>\n<p>&nbsp;<\/p>\n<p>Valentini e Di Bonaventura proporranno brani tratti dal loro \u201cObsesi\u00f2n\u201d, cd in cui la voce di Connie Valentini s\u2019interseca con l\u2019altra \u201cvoce\u201d del bandoneon di Di Bonaventura (con alcune incursioni del percussionista Alfredo Laviano e del violista Domenico Mastro). In ogni caso, i due artisti presenteranno l\u2019album tutto dedicato all\u2019amore capace di viaggiare attraverso la storia argentina, cubana, cilena, spagnola e brasiliana.<\/p>\n<p>&nbsp;<\/p>\n<p>&nbsp;<\/p>\n<p>La cantante pugliese, esperta in canto jazz (con tanto di laurea di 2\u00b0 livello in jazz col massimo dei voti, conseguita al conservatorio \u201cRota\u201d di Monopoli) approfondisce le varie tecniche di canto seguendo masterclass con Enrico Rava, Rachel Goud, Israel Varela, Alfredo Paixao, Sergio Bellotti, Steve Hunt, lo stesso Di Bonaventura, Anne Ducros, Fabrizio Bosso, Bob Stoloff, Paola Folli e altri.<\/p>\n<p>&nbsp;<\/p>\n<p>&nbsp;<\/p>\n<p>&nbsp;<\/p>\n<p>&nbsp;<\/p>\n<p>Perfeziona la sua tecnica vocale con Masterclass di Foniatria e Percezione del Canto con Franco Fussi, partecipa al VI e VII convegno di foniatria e logopedia \u201cLa voce artistica\u201d a Ravenna e Forte dei Marmi. Partecipa al corso \u201cEstilvoicecraft\u201d con figure obbligatorie, conseguendo il livello I e II.<\/p>\n<p>&nbsp;<\/p>\n<p>&nbsp;<\/p>\n<p>Per anni affianca come maestro collaboratore Luca Pitteri e le sue classi di canto presso l\u2019Accademia Musicale Mousik\u00e8 di Martina Franca, dove dal 2006 insegna canto e impostazione vocale.<\/p>\n<p>&nbsp;<\/p>\n<p>&nbsp;<\/p>\n<p>&nbsp;<\/p>\n<p>&nbsp;<\/p>\n<p>Ha collaborato con i grandi jazzisti italiani e stranieri come Marco Tamburini, Tony Scott, Afredo Paixao, Robertinho De Paula, Achille Succi, Daniele Di Bonaventura, Tiziana Ghiglioni, Gianni Lenoci, Irene Aebi Lacy, Pasquale Angelini, Nando Di Modugno, Vito Amatulli, Giuseppe Amatulli, Roberto Re David, Pippo D\u2019Ambrosio, Egidio Marchitelli, Vito Di Modugno, Mimmo Campanale, Tonino Dambrosio, Antonio Nisi, Ettore Carucci, Pino Picchierri, Felice Mezzina, Camillo Pace, Stefano Battaglia, Nico Gori, Paolo Fresu, Dario Cecchini e tanti altri.<\/p>\n<p>&nbsp;<\/p>\n<p>&nbsp;<\/p>\n<p>Nel dicembre del 2010, in collaborazione con Camillo Pace, esce \u201cUrhu Wetu\u201d per la Dodicilune. Nel 2013 esce \u201cAl di l\u00e0 del bene e del mare\u201d con l\u2019Antonio Dambrosio Ensamble dove \u00e8 presente come cantante\/voce recitante.<\/p>\n<p>&nbsp;<\/p>\n<p>&nbsp;<\/p>\n<p>Daniele Di Bonaventura Nato a Fermo (nelle Marche) \u00e8 compositore-arrangiatore, pianista-bandoneonista; ha coltivato sin dall\u2019inizio della sua attivit\u00e0 un forte interesse per la musica improvvisata pur avendo una formazione musicale di estrazione classica (diploma in Composizione) iniziata a soli 8 anni con lo studio del pianoforte, del violoncello, della composizione e della direzione d\u2019orchestra. Le sue collaborazioni spaziano dalla musica classica a quella contemporanea, dal jazz al tango, dalla musica etnica alla world music, con incursioni nel mondo del teatro del cinema e della danza.<\/p>\n<p>&nbsp;<\/p>\n<p>&nbsp;<\/p>\n<p>Ha suonato nei principali festival italiani ed internazionali tra cui: Rumori Mediterranei a Roccella Jonica \u201987 e \u201988, Jazz &amp; Image di Villa Celimontana a Roma, Ravenna Jazz 2000, Clusone Jazz 2001, Biennale Arte Venezia 2001, Sant\u2019Anna Arresi Jazz 2004, Festival della Letteratura Mantova 2004, Corm\u00f2ns 2005, Accademia Nazionale di Santa Cecilia Stagione Musica da Camera 2005-\u201906, Umbria Jazz Winter 2014, Inghilterra \u2013 Music Hall Festival e Royal Festival Hall a Londra, Olanda \u2013 Music Hall a Leeuwarden, Germania \u2013 30\u00b0 Deutsches Jazz Festival a Francoforte, Berlin Jazz Festival, Spagna \u2013 Festa de la Merc\u00e8 a Barcellona, Egitto \u2013 Opera House a Il Cairo, Norvegia \u2013 Olavsfestdagen a Trondheim, Francia \u2013 Festival Berlioz, Jazz in Marciac, Svizzera, Portogallo, Brasile, Argentina, Slovenia, Moldavia, Croazia, Lettonia, Albania, Singapore, Stati Uniti e Sud Africa.<\/p>\n<p>&nbsp;<\/p>\n<p>Ha suonato, registrato e collaborato con: Enrico Rava, Paolo Fresu, Stefano Bollani, A Filetta, Oliver Lake, David Murray, Miroslav Vitous, Rita Marcotulli, David Liebman, Toots Tielemans, Lenny White, Omar Sosa, Joanne Brackeen, Greg Osby, Ira Coleman, Dino Saluzzi, Javier Girotto, C\u00e8sar Stroscio, Tenores di Bitti, Aires Tango, Peppe Servillo, David Riondino, Francesco Guccini, Sergio Cammariere, Lella Costa, Ornella Vanoni, Franco Califano, Eugenio Allegri, Alessandro Haber, Enzo De Caro, Omero Antonutti, Giuseppe Piccioni, Mimmo Cuticchio, Cust\u00f2dio Castelo, Andr\u00e8 Jaume, Furio Di Castri, U.T. Gandhi, Guinga, Riccardo Fassi, Frank Marocco, Paolo Vinaccia, Mathias Eick, Bendik Hofseth, Pierre Favre e Quintetto Violado. Nel 2003 per l\u2019Orchestra Filarmonica Marchigiana ha composto, eseguito e registrato la \u201cSuite per Bandoneon e Orchestra\u201d commisionatagli proprio dalla stessa.<\/p>\n<p>&nbsp;<\/p>\n<p>&nbsp;<\/p>\n<p>Ha pubblicato pi\u00f9 di 50 dischi con l\u2019etichette discografiche ed edizioni: Via Veneto Jazz; Philology, Manifesto, Felmay, Amiata Records, Splasc(H), World Music, CCn\u2019C Records; per la Harmonia Mundi un lavoro per bandoneon e quartetto d\u2019archi intitolato \u201cSine Nomine\u201d. Le ultime collaborazione sono quelle con Miroslav Vitous, il quale lo ha chiamato a partecipare nell\u2019ultimo cd intitolato Universal Syncopation II, vincitore del German Critics Prize (Preis der deutschen Schallplattenkritik) come album dell\u2019anno 2007, pubblicato dalla prestigiosa etichetta tedesca ECM. Sempre per la ECM ha pubblicato l\u2019ultimo lavoro intitolato \u201cMistico Mediterraneo\u201d un opera condivisa con il gruppo vocale della Corsica A Filetta e Paolo Fresu. Per la Tuk Music di Fresu ha pubblicato nel 2013 il suo primo doppio album intitolato \u201cNadir\u201d in cui suona nel primo cd il bandoneon e nel secondo il pianoforte in trio. Nel 2014 ha collaborato alla colonna sonora del film \u201cTorneranno i prati\u201d diretto da Ermanno Olmi. A Marzo 2015 ha pubblicato il cd in duo con Fresu sempre per la ECM intitolato \u201cIn Maggiore\u201d ed in contemporanea il film-documentario \u201cFigure musicali in fuga\u201d del regista Fabrizio Ferraro in cui vengono ritratti i due musicisti durante la sessione di registrazione a Lugano insieme a Manfred Eicher<\/p>\n<p>&nbsp;<\/p>\n<p>&nbsp;<\/p>\n<p>Paolo Fresu \u201cFresco\u201d di libreria col suo \u201cLa musica siamo noi\u201d edito da \u201cilSaggiatore\u201d, inizia lo studio della tromba all\u2019et\u00e0 di 11 anni nella Banda Musicale del proprio paese natale e dopo varie esperienze di musica leggera scopre il jazz nel 1980 ed inizia l\u2019attivit\u00e0 professionale nel 1982 registrando per la RAI sotto la guida del M\u00b0 Bruno Tommaso e frequentando i Seminari di Siena jazz. Nel 1984 si diploma in tromba al Conservatorio di Cagliari e nello stesso anno vince i premi \u00abRadioUno jazz\u00bb, \u00abMusica jazz\u00bb e \u00abRadioCorriere TV\u00bb come miglior talento del jazz italiano. Nel 1990 vince il premio \u00abTop jazz\u00bb indetto dalla rivista \u2018Musica jazz\u2019 come miglior musicista italiano, miglior gruppo (Paolo Fresu Quintet) e miglior disco (premio \u00abArrigo Polillo\u00bb per il disco \u2018Live in Montpellier\u2019), nel 1996 il premio come miglior musicista europeo attraverso una sua opera della \u2018Acad\u00e9mie du jazz\u2019 di Parigi ed il prestigioso \u2018Django d\u2019Or\u2019 come miglior musicista di jazz europeo e nell\u2019anno 2000 la nomination come miglior musicista internazionale.<\/p>\n<p>Docente e responsabile di diverse importanti realt\u00e0 didattiche nazionali e internazionali, ha suonato in ogni continente e con i nomi pi\u00f9 importanti della musica afroamericana degli ultimi 30 anni: F. D\u2019Andrea, G. Tommaso, B. Tommaso, T. Ghiglioni, E. Rava, A. Salis, E. Pieranunzi, G. Gaslini, GL. Trovesi, R. del Fra, A. Romano, G. Ferris, J. Taylor, K. Wheeler, P. Danielsson, J. Christensen, G. Mulligan, B. Brookmayer, D. Liebman, K. Berger, D. Holland, R. Beirach, J. Zorn, J. Abercrombie, H. Merril, R. Towner, R. Galliano, M. Portal, T. Gurtu, J. Lee, Gunther Sch\u00fcller, P. McCandless, J. Hall, L. Soloff, Uri Caine, Ralph Towner, Gil Evans Orchestra, Toots Thielemans, Omar Sosa, Carla Bley, Steve Swallow, Dave Douglas, ecc.<\/p>\n<p>Ha registrato oltre 350 dischi di cui oltre ottanta a proprio nome o in leadership ed altri con collaborazioni internazionali.<\/p>\n<p>Molte sue produzioni discografiche hanno ottenuto prestigiosi premi sia in Italia che all\u2019estero. Dirige da quasi trent\u2019anni il Festival \u2018Time in jazz\u2019 di Berchidda ed \u00e8 stato per un quarto di secolo direttore artistico e docente dei Seminari jazz di Nuoro. Nel suo palmar\u00e8s spicca la direzione per un triennio del festival internazionale di Bergamo.<\/p>\n<p>\u00c8 stato pi\u00f9 volte ospite in grandi organici quali la \u2018G.O.N. &#8211; Grande Orchestra Italiana\u2019, l\u2019ONJ &#8211; Orchestra nazionale di jazz francese, la NDR &#8211; Orchestra della Radio tedesca di Amburgo, l\u2019italiana Instabile Orchestra, la PJMO dell\u2019Auditorium\/Parco della Musica di Roma, l\u2019Orchestra Sinfonica della Rai, l\u2019Orchestra dell\u2019Arena di Verona, I Virtuosi Italiani ed altri.<\/p>\n<p>Ha coordinato, inoltre, numerosi progetti multimediali collaborando con attori, danzatori, pittori, scultori, poeti, e scrivendo musiche per film, documentari, video o per il Balletto o il Teatro. Oggi \u00e8 attivo con una miriade di progetti che lo vedono impegnato in centinaia di concerti all\u2019anno, pressoch\u00e9 in ogni parte del globo.<\/p>\n<p>Vive tra Parigi, Bologna e la Sardegna.<\/p>\n<p>&nbsp;<\/p>\n<p>&nbsp;<\/p>\n<p>&nbsp;<br \/>\nComune di Fasano<br \/>\nUfficio Stampa<\/p>\n","protected":false},"excerpt":{"rendered":"<p>Due set per \u201cFasano Jazz 2017\u201d, gioved\u00ec 8 giugno alle ore 21 al teatro Kennedy di Fasano (costo del biglietto 10 euro per assistere ad entrambi i set). La rassegna \u00e8 organizzata interamente dal Comune di Fasano e vede la collaborazione tecnica dell&#8217;associazione &#8220;Le Nove Muse&#8221; e la direzione artistica di Domenico De Mola. &nbsp; Il primo vedr\u00e0 Connie Valentini (voce) e Daniele Di Bonaventura (bandoneon), mentre il secondo set preveder\u00e0 la presenza di Paolo Fresu (tromba &amp; elettronica) e dello stesso Di Bonaventura al bandoneon che si sarebbero gi\u00e0 dovuti esibire in duo a \u201cFasano Jazz\u201d cinque anni fa, ma un malore del celebre trombettista fece \u201csaltare\u201d la data fasanese ed altre date di quell\u2019estate. &nbsp; &nbsp; Valentini e Di Bonaventura proporranno brani tratti dal loro \u201cObsesi\u00f2n\u201d, cd in cui la voce di Connie Valentini s\u2019interseca con l\u2019altra \u201cvoce\u201d del bandoneon di Di Bonaventura (con alcune incursioni del percussionista Alfredo Laviano e del violista Domenico Mastro). In ogni caso, i due artisti presenteranno l\u2019album tutto dedicato all\u2019amore capace di&#8230;<\/p>\n","protected":false},"author":2,"featured_media":105637,"comment_status":"open","ping_status":"closed","sticky":false,"template":"","format":"standard","meta":{"footnotes":""},"categories":[7],"tags":[1993],"class_list":["post-105636","post","type-post","status-publish","format-standard","has-post-thumbnail","hentry","category-news","tag-fasano-jazz"],"_links":{"self":[{"href":"https:\/\/www.brundisium.net\/index.php\/wp-json\/wp\/v2\/posts\/105636","targetHints":{"allow":["GET"]}}],"collection":[{"href":"https:\/\/www.brundisium.net\/index.php\/wp-json\/wp\/v2\/posts"}],"about":[{"href":"https:\/\/www.brundisium.net\/index.php\/wp-json\/wp\/v2\/types\/post"}],"author":[{"embeddable":true,"href":"https:\/\/www.brundisium.net\/index.php\/wp-json\/wp\/v2\/users\/2"}],"replies":[{"embeddable":true,"href":"https:\/\/www.brundisium.net\/index.php\/wp-json\/wp\/v2\/comments?post=105636"}],"version-history":[{"count":1,"href":"https:\/\/www.brundisium.net\/index.php\/wp-json\/wp\/v2\/posts\/105636\/revisions"}],"predecessor-version":[{"id":105639,"href":"https:\/\/www.brundisium.net\/index.php\/wp-json\/wp\/v2\/posts\/105636\/revisions\/105639"}],"wp:featuredmedia":[{"embeddable":true,"href":"https:\/\/www.brundisium.net\/index.php\/wp-json\/wp\/v2\/media\/105637"}],"wp:attachment":[{"href":"https:\/\/www.brundisium.net\/index.php\/wp-json\/wp\/v2\/media?parent=105636"}],"wp:term":[{"taxonomy":"category","embeddable":true,"href":"https:\/\/www.brundisium.net\/index.php\/wp-json\/wp\/v2\/categories?post=105636"},{"taxonomy":"post_tag","embeddable":true,"href":"https:\/\/www.brundisium.net\/index.php\/wp-json\/wp\/v2\/tags?post=105636"}],"curies":[{"name":"wp","href":"https:\/\/api.w.org\/{rel}","templated":true}]}}