{"id":105667,"date":"2017-06-06T06:57:46","date_gmt":"2017-06-06T04:57:46","guid":{"rendered":"http:\/\/www.brundisium.net\/?p=105667"},"modified":"2017-06-06T06:57:46","modified_gmt":"2017-06-06T04:57:46","slug":"raf-e-raoul-bova-alla-festa-patronale-di-fasano","status":"publish","type":"post","link":"https:\/\/www.brundisium.net\/index.php\/raf-e-raoul-bova-alla-festa-patronale-di-fasano\/","title":{"rendered":"Raf e Raoul Bova alla Festa Patronale di Fasano"},"content":{"rendered":"<p><a href=\"http:\/\/www.brundisium.net\/brun\/wp-content\/uploads\/2017\/06\/da-sinistra-Lamberti-Ancona-zaccaria-Palasciano.jpg\"><img loading=\"lazy\" decoding=\"async\" class=\"alignleft size-medium wp-image-105669\" src=\"http:\/\/www.brundisium.net\/brun\/wp-content\/uploads\/2017\/06\/da-sinistra-Lamberti-Ancona-zaccaria-Palasciano-300x168.jpg\" alt=\"\" width=\"300\" height=\"168\" srcset=\"https:\/\/www.brundisium.net\/brun\/wp-content\/uploads\/2017\/06\/da-sinistra-Lamberti-Ancona-zaccaria-Palasciano-300x168.jpg 300w, https:\/\/www.brundisium.net\/brun\/wp-content\/uploads\/2017\/06\/da-sinistra-Lamberti-Ancona-zaccaria-Palasciano-768x431.jpg 768w, https:\/\/www.brundisium.net\/brun\/wp-content\/uploads\/2017\/06\/da-sinistra-Lamberti-Ancona-zaccaria-Palasciano-1024x575.jpg 1024w\" sizes=\"auto, (max-width: 300px) 100vw, 300px\" \/><\/a>\u00c8 stata presentata questa sera nella Sala di rappresentanza del Palazzo municipale, a Fasano, la programmazione della Festa patronale 2017 organizzata dal \u201cComitato feste patronali\u201d col patrocinio del Comune di Fasano. Contestualmente, \u00e8 stato presentato il programma del \u201cGiugno fasanese\u201d che, messo a punto dall\u2019omonimo Comitato, s\u2019interseca col calendario della Festa patronale.<\/p>\n<p>&nbsp;<br \/>\nAppuntamenti clou del cartellone \u201ccivile\u201d sono il concerto di Raf luned\u00ec 26 giugno alle ore 22 in piazza Ciaia (ingresso libero), una sorta di \u201ccameo\u201d di Raoul Bova che sabato 24 giugno alle ore 21, sempre in piazza Ciaia, prender\u00e0 in consegna le chiavi della citt\u00e0 dalle mani di Peppino Ancona (presidente del \u201cComitato feste patronali\u201d) per porgerle simbolicamente ai patroni di Fasano san Giovanni Battista e Maria SS. di Pozzo Faceto (ovviamente rappresentati da statue) ed Alex Mastromarino, uno degli attori italiani pi\u00f9 affermati nel campo del musical, come ospite d\u2019onore venerd\u00ec 23 giugno alle ore 21.30 in piazza Ciaia dello spettacolo \u201cThe best\u201d dell\u2019associazione di musical fasanese \u201cGlitter\u201d che, come ha voluto sottolineare la presidente Teresa Cecere, quest\u2019anno compie 15 anni d\u2019attivit\u00e0 e di successi.<\/p>\n<p>&nbsp;<\/p>\n<p>In mezzo, durante la qua classica quattro-giorni 23-26 giugno dei festeggiamenti dei santi patroni, il luna park nel parcheggio del centro commerciale \u201cConforama\u201d di Fasano e gli spettacoli dei fuochi pirotecnici venerd\u00ec 23 alle ore 21 e domenica 25 alle ore 21, \u201csparati\u201d direttamente dalla terrazza del Palazzo municipale (\u00abgrazie alla disponibilit\u00e0 manifestata quest\u2019anno dal sindaco Zaccaria, torniamo in piazza Ciaia\u00bb, ha spiegato Peppino Ancona, presidente del \u201cComitato Feste Patronali\u201d) e quelli finali \u201csparati\u201d da via Gravinella, sempre domenica 25 giugno alla mezzanotte. Lo stesso primo cittadino ha annunciato che \u00abper la Festa patronale vogliamo elargire un contributo maggiore rispetto agli anni passati, proprio perch\u00e9 \u00e8 la Festa di tutta la comunit\u00e0 fasanese. Certamente \u2013 ha aggiunto Francesco Zaccaria &#8211; spalmeremo i fondi che vogliamo prevedere, e che abbiamo promesso, lungo tutto l\u2019arco di questo secondo semestre 2017\u00bb. L\u2019accensione delle luminarie artistiche della \u201cPremia Ditta Antonio Santoro\u201d che, come ha spiegato il presidente Peppino Ancona \u00absono state ideate, progettate e realizzate appositamente per la nostra citt\u00e0 e che rappresentano le quinte di un teatro immaginario pronte, a ritmo di musica, ad accendersi e spegnersi in un suggestivo spettacolo domenica 25 giugno alle ore 21\u00bb.<\/p>\n<p>&nbsp;<br \/>\nLa parte \u201creligiosa\u201d del programma prevede mercoled\u00ec 21 e gioved\u00ec 22 un triduo alle ore 19 nella chiesa Matrice (il primo celebrato dal parroco de \u201cIl Salvatore\u201d di Castellana Grotte, don Antonio Napoletano, ed il secondo celebrato dal parroco di \u201cS. Anna\u201d di Monopoli don Nico Ponticelli); un altro triduo si terr\u00e0 venerd\u00ec 23 giugno alle ore 19 nella chiesa Matrice celebrato da don Francesco Zaccaria, vicario zonale di Fasano sud ed alle 20 la traslazione delle immagini dei due santi patroni dalla chiesa Matrice in piazza Ciaia dove, sul sagrato della chiesa di S. Nicola, verranno intronizzate. Altro momento importante sul piano religioso \u00e8 la santa messa in piazza Ciaia alle ore 19.45 presieduta dal vescovo mons. Giuseppe Favale nella domenica del 25 giugno.<\/p>\n<p>&nbsp;<\/p>\n<p>&nbsp;<br \/>\nIl programma \u201ccivile\u201d prevede, invece, \u201cFasFood\u201d, rassegna di specialit\u00e0 culinarie di ristoratori fasanesi che allestiranno 20 stand in piazza Ciaia mercoled\u00ec 21 giugno alle ore 21 mentre, contestualmente, si terr\u00e0 il concerto della band \u201cLibera nos a malo\u201d; sabato 24 alle ore 21 ai Portici delle Teresiane lo spettacolo musicale degli allievi della scuola secondaria di 1\u00b0 grado \u201cBianco-Pascoli\u201d, mentre domenica alle 9 il giro per le vie principali della citt\u00e0 dei concerti bandistici, alle 10 ai portici delle teresiane l\u2019esibizione del \u201cGran Concerto Bandistico Citt\u00e0 di Racale\u201d diretto da Grazia Donadeo, ed alle 11 il concerto bandistico direttamente eseguito per gli anziani ospiti della casa di riposo \u201cSancta Maria Regina Pacis\u201d.<\/p>\n<p>&nbsp;<\/p>\n<p>&nbsp;<\/p>\n<p>Sempre domenica, ma alle ore 21.30 in piazza Ciaia il concerto della band \u201cRock Star\u201d, mentre ai Portici delle Teresiane quello dello stesso concerto bandistico \u201cCitt\u00e0 di Racale\u201d. Luned\u00ec 26 giugno, invece, alle ore 9 giro per le vie cittadine dei concerti bandistici, alle 10 ai Portici delle Teresiane il concerto bandistico \u201cCitt\u00e0 di Francavilla Fontana\u201d diretto da Ermir Krantja che torner\u00e0 ad esibirsi alle ore 21 ai Portici delle Teresiane, mentre Raf sar\u00e0 alle 22 in piazza Ciaia per il suo concerto. Altra novit\u00e0 di quest\u2019anno dei festeggiamenti patronali \u00e8 stata annunciata da Vito Lamberti (dell\u2019omonimo Comitato): sar\u00e0 allestito un palco in via san Francesco dal 23 al 25 giugno (a partire dalle ore 20) dal quale si esibiranno gli artisti locali, band, musicisti, cantanti e ballerini: insomma, sar\u00e0 un\u2019esibizione en plein air aperta a chiunque voglia esibirsi, non \u00e8 un caso che la kermesse si chiamer\u00e0 \u201cIl tuo palco in festa\u201d, prenotando la propria performance attraverso la pagina facebook del Comitato Feste Patronali. Inoltre, dal 21 al 26 si terr\u00e0 nell\u2019androne del Palazzo municipale la mostra fotografica \u201cMaestri e mestieri\u201d sulle tradizioni dell\u2019artigianato locale e sui \u201cgrandi\u201d della storia del settore, come ha spiegato Maria Teresa Aquaro, vicepresidente dell\u2019associazione organizzatrice \u201cFotografiAmo\u201d.<\/p>\n<p>&nbsp;<\/p>\n<p>&nbsp;<\/p>\n<p>Il programma del \u201cGiugno Fasanese\u201d.<\/p>\n<p>Illustrato da Peppino Palasciano, uno dei leader storici dell\u2019omonimo Comitato, che ha annunciato come \u00abper celebrare i 40 anni del Comitato (nel 2018) lungo quest\u2019arco di mesi, ossia giugno 2017-giugno 2018, stiamo mettendo in cantiere diverse manifestazioni culturali\u00bb, il cartellone degli appuntamenti vedr\u00e0 dal 20 al 26 nella chiesa del Purgatorio l\u2019originale mostra \u201cIl vento devoto: ventagli d\u2019autore per santi patroni\u201d curata da Antonio Chiarello. Interverranno all\u2019inaugurazione del 21 giugno Elvino Politi, studioso di religiosit\u00e0 popolare, e Graziano Cennamano, presidente di \u201cPugliArmonica\u201d, sodalizio che si occupa di promuovere e salvaguardare le feste popolari. Clou della programmazione gioved\u00ec 22 giugno nel centro storico dalle ore 20 con \u201cCorreva l\u2019anno\u20261678\u201d (ricostruzione di scene di vita quotidiana barocca e degustazioni di prodotti tipici), \u201cFesta dei Cortei storici d\u2019Italia\u201d venerd\u00ec 23 giugno alle 18 con rappresentanze dei cortei storici di Corciano (PG), Grassano (MT), Tollo (CH), Putignano (BA), Maruggio (TA), degli sbandieratori di Carovigno (BR), e dei trombonieri della Disfida di Barletta (BAT); mentre sabato 24 alle ore 18.30 il corteo \u201cLa Scamiciata\u201d, ossia la rievocazione della vittoria dei Fasanesi sui Turchi invasori del 2 giugno 1678, cui seguir\u00e0 alle 21.30 in piazza Ciaia il concerto \u201cRitmi e suoni del Mediterraneo\u201d con la partecipazione dei gruppi folk \u201cI Figli di Lauro\u201d di Sessa Aurunca (CS), \u201cI maggiaioli\u201d di Accettura (PT), \u201cSpalato\u201d della Croazia.<\/p>\n","protected":false},"excerpt":{"rendered":"<p>\u00c8 stata presentata questa sera nella Sala di rappresentanza del Palazzo municipale, a Fasano, la programmazione della Festa patronale 2017 organizzata dal \u201cComitato feste patronali\u201d col patrocinio del Comune di Fasano. Contestualmente, \u00e8 stato presentato il programma del \u201cGiugno fasanese\u201d che, messo a punto dall\u2019omonimo Comitato, s\u2019interseca col calendario della Festa patronale. &nbsp; Appuntamenti clou del cartellone \u201ccivile\u201d sono il concerto di Raf luned\u00ec 26 giugno alle ore 22 in piazza Ciaia (ingresso libero), una sorta di \u201ccameo\u201d di Raoul Bova che sabato 24 giugno alle ore 21, sempre in piazza Ciaia, prender\u00e0 in consegna le chiavi della citt\u00e0 dalle mani di Peppino Ancona (presidente del \u201cComitato feste patronali\u201d) per porgerle simbolicamente ai patroni di Fasano san Giovanni Battista e Maria SS. di Pozzo Faceto (ovviamente rappresentati da statue) ed Alex Mastromarino, uno degli attori italiani pi\u00f9 affermati nel campo del musical, come ospite d\u2019onore venerd\u00ec 23 giugno alle ore 21.30 in piazza Ciaia dello spettacolo \u201cThe best\u201d dell\u2019associazione di musical fasanese \u201cGlitter\u201d che, come ha voluto sottolineare la presidente&#8230;<\/p>\n","protected":false},"author":2,"featured_media":105670,"comment_status":"open","ping_status":"closed","sticky":false,"template":"","format":"standard","meta":{"footnotes":""},"categories":[7],"tags":[244],"class_list":["post-105667","post","type-post","status-publish","format-standard","has-post-thumbnail","hentry","category-news","tag-fasano"],"_links":{"self":[{"href":"https:\/\/www.brundisium.net\/index.php\/wp-json\/wp\/v2\/posts\/105667","targetHints":{"allow":["GET"]}}],"collection":[{"href":"https:\/\/www.brundisium.net\/index.php\/wp-json\/wp\/v2\/posts"}],"about":[{"href":"https:\/\/www.brundisium.net\/index.php\/wp-json\/wp\/v2\/types\/post"}],"author":[{"embeddable":true,"href":"https:\/\/www.brundisium.net\/index.php\/wp-json\/wp\/v2\/users\/2"}],"replies":[{"embeddable":true,"href":"https:\/\/www.brundisium.net\/index.php\/wp-json\/wp\/v2\/comments?post=105667"}],"version-history":[{"count":1,"href":"https:\/\/www.brundisium.net\/index.php\/wp-json\/wp\/v2\/posts\/105667\/revisions"}],"predecessor-version":[{"id":105671,"href":"https:\/\/www.brundisium.net\/index.php\/wp-json\/wp\/v2\/posts\/105667\/revisions\/105671"}],"wp:featuredmedia":[{"embeddable":true,"href":"https:\/\/www.brundisium.net\/index.php\/wp-json\/wp\/v2\/media\/105670"}],"wp:attachment":[{"href":"https:\/\/www.brundisium.net\/index.php\/wp-json\/wp\/v2\/media?parent=105667"}],"wp:term":[{"taxonomy":"category","embeddable":true,"href":"https:\/\/www.brundisium.net\/index.php\/wp-json\/wp\/v2\/categories?post=105667"},{"taxonomy":"post_tag","embeddable":true,"href":"https:\/\/www.brundisium.net\/index.php\/wp-json\/wp\/v2\/tags?post=105667"}],"curies":[{"name":"wp","href":"https:\/\/api.w.org\/{rel}","templated":true}]}}