{"id":10598,"date":"2014-04-09T10:13:24","date_gmt":"2014-04-09T08:13:24","guid":{"rendered":"http:\/\/www.brundisium.net\/brun\/?p=10598"},"modified":"2014-04-09T10:49:38","modified_gmt":"2014-04-09T08:49:38","slug":"venerdi-11-a-brindisi-incontro-con-frei-betto","status":"publish","type":"post","link":"https:\/\/www.brundisium.net\/index.php\/venerdi-11-a-brindisi-incontro-con-frei-betto\/","title":{"rendered":"Venerd\u00ec 11 a Brindisi incontro con Frei Betto"},"content":{"rendered":"<p>Venerd\u00ec 11 aprile, alle ore 19,30, presso il Teatro Parrocchiale San Vito, in Via Lombardia 25 a Brindisi si terr\u00e0 un incontro su &#8220;Idealit\u00e0 e Prassi Politiche&#8221; con la partecipazione di Frei Betto<\/p>\n<p>&nbsp;<\/p>\n<p>Frei Betto, al secolo\u00a0Carlos Alberto Libanio Christo, nasce a Belo Horizonte in Brasile nel 1944.<\/p>\n<p>Si laurea in Fisica. Fa parte della GIAC, di cui \u00e8 dirigente nazionale. Entra nell\u2019ordine dei Domenicani. Durante la dittatura militare (1964) aiuta i perseguitati politici a fuggire all\u2019estero, per questo \u00e8 incarcerato e torturato dal 1969 al 1972, insieme a tre suoi confratelli: Frei Ivo, padre Fernando e Frei Tito, il quale a cause delle gravi torture ricevute si impiccher\u00e0 a Lione in Francia pochi anni\u00a0dopo.<br \/>\nFrei Betto in carcere scrive\u00a0il libro \u201cDai sotterranei della storia\u201d, che lo render\u00e0 famoso in tutto il mondo, A seguire:\u00a0\u201dLettere dal carcere\u201d, \u201cBattesimo di sangue\u201d\u00a0a\u00a0tutt\u2019oggi ha\u00a0edito\u00a080 libri, di cui\u00a010 in Italia.<br \/>\nTeologo della liberazione \u00e8 stato una dei principali \u201cagitatori\u201d insieme a Gustavo Gutierrez, Leonardo Boff,\u00a0 Marcelo Barros e molti altri che hanno portato il Vaticano ad intervenire e a bloccare la Teologia della liberazione.<br \/>\nAnimatore dei Movimenti popolari, assessore delle Comunit\u00e0 ecclesiali di base, della Pastorale operaia, della commissione Pastorale della terra e del Movimento Sem Terra,\u00a0\u00e8 fondatore del movimento Fede e Politica.<br \/>\nHa fatto parte del primo governo Lula dal 2003 al 2005 come consigliere speciale del Presidente per il Programma Fame Zero.<br \/>\nOltre ad essere scrittore \u00e8 giornalista, scrive settimanalmente su 26 quotidiani brasiliani.<\/p>\n<p>&nbsp;<\/p>\n<p>L&#8217;incontro \u00e8 organizzato da<br \/>\nASSOCIAZIONE FRONTIERE, Rete Radi\u00e8 Resch, CARITAS DIOCESANA BRINDISI-OSTUNI, AZIONE CATTOLICA DIOCESANA BRINDISI-OSTUNI,<br \/>\nPARROCCHIA CUORE IMM. MARIA PERRINO &#8211; BRINDISI, PARROCCHIA SAN VITO &#8211; BRINDISI, EGHERTHE &#8211; OSTUNI, NAMASTE&#8217; &#8211; BRINDISI,<br \/>\nLEv EFFATHA &#8211; SANDONACI, TENDA PER LA PACE &#8211; BRINDISI, AIFO &#8211; Ostuni, SALUTE PUBBLICA &#8211; BRINDISI, MEIC (Movimento Ecclesiale di Impegno Culturale) &#8211; Puglia, UFFICIO DI PASTORALE SOCIALE &#8211; DIOCESI BRINDISI-OSTUNI<\/p>\n","protected":false},"excerpt":{"rendered":"<p>Venerd\u00ec 11 aprile, alle ore 19,30, presso il Teatro Parrocchiale San Vito, in Via Lombardia 25 a Brindisi si terr\u00e0 un incontro su &#8220;Idealit\u00e0 e Prassi Politiche&#8221; con la partecipazione di Frei Betto &nbsp; Frei Betto, al secolo\u00a0Carlos Alberto Libanio Christo, nasce a Belo Horizonte in Brasile nel 1944. Si laurea in Fisica. Fa parte della GIAC, di cui \u00e8 dirigente nazionale. Entra nell\u2019ordine dei Domenicani. Durante la dittatura militare (1964) aiuta i perseguitati politici a fuggire all\u2019estero, per questo \u00e8 incarcerato e torturato dal 1969 al 1972, insieme a tre suoi confratelli: Frei Ivo, padre Fernando e Frei Tito, il quale a cause delle gravi torture ricevute si impiccher\u00e0 a Lione in Francia pochi anni\u00a0dopo. Frei Betto in carcere scrive\u00a0il libro \u201cDai sotterranei della storia\u201d, che lo render\u00e0 famoso in tutto il mondo, A seguire:\u00a0\u201dLettere dal carcere\u201d, \u201cBattesimo di sangue\u201d\u00a0a\u00a0tutt\u2019oggi ha\u00a0edito\u00a080 libri, di cui\u00a010 in Italia. Teologo della liberazione \u00e8 stato una dei principali \u201cagitatori\u201d insieme a Gustavo Gutierrez, Leonardo Boff,\u00a0 Marcelo Barros e molti altri che hanno portato&#8230;<\/p>\n","protected":false},"author":2,"featured_media":10600,"comment_status":"open","ping_status":"open","sticky":false,"template":"","format":"standard","meta":{"footnotes":""},"categories":[7],"tags":[1649],"class_list":["post-10598","post","type-post","status-publish","format-standard","has-post-thumbnail","hentry","category-news","tag-frei-betto"],"_links":{"self":[{"href":"https:\/\/www.brundisium.net\/index.php\/wp-json\/wp\/v2\/posts\/10598","targetHints":{"allow":["GET"]}}],"collection":[{"href":"https:\/\/www.brundisium.net\/index.php\/wp-json\/wp\/v2\/posts"}],"about":[{"href":"https:\/\/www.brundisium.net\/index.php\/wp-json\/wp\/v2\/types\/post"}],"author":[{"embeddable":true,"href":"https:\/\/www.brundisium.net\/index.php\/wp-json\/wp\/v2\/users\/2"}],"replies":[{"embeddable":true,"href":"https:\/\/www.brundisium.net\/index.php\/wp-json\/wp\/v2\/comments?post=10598"}],"version-history":[{"count":1,"href":"https:\/\/www.brundisium.net\/index.php\/wp-json\/wp\/v2\/posts\/10598\/revisions"}],"predecessor-version":[{"id":10601,"href":"https:\/\/www.brundisium.net\/index.php\/wp-json\/wp\/v2\/posts\/10598\/revisions\/10601"}],"wp:featuredmedia":[{"embeddable":true,"href":"https:\/\/www.brundisium.net\/index.php\/wp-json\/wp\/v2\/media\/10600"}],"wp:attachment":[{"href":"https:\/\/www.brundisium.net\/index.php\/wp-json\/wp\/v2\/media?parent=10598"}],"wp:term":[{"taxonomy":"category","embeddable":true,"href":"https:\/\/www.brundisium.net\/index.php\/wp-json\/wp\/v2\/categories?post=10598"},{"taxonomy":"post_tag","embeddable":true,"href":"https:\/\/www.brundisium.net\/index.php\/wp-json\/wp\/v2\/tags?post=10598"}],"curies":[{"name":"wp","href":"https:\/\/api.w.org\/{rel}","templated":true}]}}