{"id":106046,"date":"2017-06-09T19:35:53","date_gmt":"2017-06-09T17:35:53","guid":{"rendered":"http:\/\/www.brundisium.net\/?p=106046"},"modified":"2017-06-11T21:52:24","modified_gmt":"2017-06-11T19:52:24","slug":"selva-in-festival-tutto-pronto-per-la-rassegna-di-60-manifestazioni-ed-eventi","status":"publish","type":"post","link":"https:\/\/www.brundisium.net\/index.php\/selva-in-festival-tutto-pronto-per-la-rassegna-di-60-manifestazioni-ed-eventi\/","title":{"rendered":"Selva In Festival: tutto pronto per la rassegna di 60 manifestazioni ed eventi"},"content":{"rendered":"<p>\u201cSelva In Festival. Culture-Arti-Paesaggi\u201d \u00e8 il cartellone di eventi (una sessantina) tra presentazioni di libri con saggisti, scrittori e giornalisti, mostre d\u2019arte, musica, teatro, spettacolo, animazione per bambini, escursioni, che sar\u00e0 presentato in conferenza stampa marted\u00ec 13 giugno alle ore 17 nella Sala di rappresentanza del Palazzo municipale, a Fasano.<\/p>\n<p>&nbsp;<\/p>\n<p>&nbsp;<\/p>\n<p>Il ricco e variegato programma \u00e8 stato voluto dall\u2019Amministrazione comunale e si terr\u00e0 sulle colline della Selva di Fasano tra le varie e suggestive location, dal Minareto alla Casina municipale, dal Palazzo dei congressi al gazebo del \u201cSierra Silvana\u201d, dalla chiesa Trullo del Signore a Villa Ciccolella nei mesi di luglio, agosto e settembre, con un\u2019anticipazione sul finire di giugno.<\/p>\n<p>&nbsp;<\/p>\n<p>&nbsp;<\/p>\n<p>Messo a punto in collaborazione col Teatro Pubblico Pugliese (Tpp) e con le associazioni del territorio, alla conferenza stampa di marted\u00ec 13 giugno interverranno Carmelo Grassi, presidente del Tpp, Francesco Zaccaria, sindaco di Fasano e Vito Bianchi, scrittore-archeologo e attuale consigliere comunale di Fasano che, del Festival, \u00e8 ideatore nonch\u00e9 coordinatore artistico. Durante la conferenza stampa verr\u00e0 presentato anche il logo della rassegna.<\/p>\n<p>&nbsp;<\/p>\n<p>Comune di Fasano<br \/>\nUfficio Stampa<\/p>\n","protected":false},"excerpt":{"rendered":"<p>\u201cSelva In Festival. Culture-Arti-Paesaggi\u201d \u00e8 il cartellone di eventi (una sessantina) tra presentazioni di libri con saggisti, scrittori e giornalisti, mostre d\u2019arte, musica, teatro, spettacolo, animazione per bambini, escursioni, che sar\u00e0 presentato in conferenza stampa marted\u00ec 13 giugno alle ore 17 nella Sala di rappresentanza del Palazzo municipale, a Fasano. &nbsp; &nbsp; Il ricco e variegato programma \u00e8 stato voluto dall\u2019Amministrazione comunale e si terr\u00e0 sulle colline della Selva di Fasano tra le varie e suggestive location, dal Minareto alla Casina municipale, dal Palazzo dei congressi al gazebo del \u201cSierra Silvana\u201d, dalla chiesa Trullo del Signore a Villa Ciccolella nei mesi di luglio, agosto e settembre, con un\u2019anticipazione sul finire di giugno. &nbsp; &nbsp; Messo a punto in collaborazione col Teatro Pubblico Pugliese (Tpp) e con le associazioni del territorio, alla conferenza stampa di marted\u00ec 13 giugno interverranno Carmelo Grassi, presidente del Tpp, Francesco Zaccaria, sindaco di Fasano e Vito Bianchi, scrittore-archeologo e attuale consigliere comunale di Fasano che, del Festival, \u00e8 ideatore nonch\u00e9 coordinatore artistico. Durante la conferenza stampa&#8230;<\/p>\n","protected":false},"author":2,"featured_media":32903,"comment_status":"open","ping_status":"closed","sticky":false,"template":"","format":"standard","meta":{"footnotes":""},"categories":[7],"tags":[244,4398],"class_list":["post-106046","post","type-post","status-publish","format-standard","has-post-thumbnail","hentry","category-news","tag-fasano","tag-selva-in-festival"],"_links":{"self":[{"href":"https:\/\/www.brundisium.net\/index.php\/wp-json\/wp\/v2\/posts\/106046","targetHints":{"allow":["GET"]}}],"collection":[{"href":"https:\/\/www.brundisium.net\/index.php\/wp-json\/wp\/v2\/posts"}],"about":[{"href":"https:\/\/www.brundisium.net\/index.php\/wp-json\/wp\/v2\/types\/post"}],"author":[{"embeddable":true,"href":"https:\/\/www.brundisium.net\/index.php\/wp-json\/wp\/v2\/users\/2"}],"replies":[{"embeddable":true,"href":"https:\/\/www.brundisium.net\/index.php\/wp-json\/wp\/v2\/comments?post=106046"}],"version-history":[{"count":1,"href":"https:\/\/www.brundisium.net\/index.php\/wp-json\/wp\/v2\/posts\/106046\/revisions"}],"predecessor-version":[{"id":106049,"href":"https:\/\/www.brundisium.net\/index.php\/wp-json\/wp\/v2\/posts\/106046\/revisions\/106049"}],"wp:featuredmedia":[{"embeddable":true,"href":"https:\/\/www.brundisium.net\/index.php\/wp-json\/wp\/v2\/media\/32903"}],"wp:attachment":[{"href":"https:\/\/www.brundisium.net\/index.php\/wp-json\/wp\/v2\/media?parent=106046"}],"wp:term":[{"taxonomy":"category","embeddable":true,"href":"https:\/\/www.brundisium.net\/index.php\/wp-json\/wp\/v2\/categories?post=106046"},{"taxonomy":"post_tag","embeddable":true,"href":"https:\/\/www.brundisium.net\/index.php\/wp-json\/wp\/v2\/tags?post=106046"}],"curies":[{"name":"wp","href":"https:\/\/api.w.org\/{rel}","templated":true}]}}