{"id":106099,"date":"2017-06-10T12:47:50","date_gmt":"2017-06-10T10:47:50","guid":{"rendered":"http:\/\/www.brundisium.net\/?p=106099"},"modified":"2017-06-11T21:49:35","modified_gmt":"2017-06-11T19:49:35","slug":"il-salvataggio-di-una-tartaruga-attraverso-gli-occhi-di-un-bambino","status":"publish","type":"post","link":"https:\/\/www.brundisium.net\/index.php\/il-salvataggio-di-una-tartaruga-attraverso-gli-occhi-di-un-bambino\/","title":{"rendered":"Il salvataggio di una tartaruga attraverso gli occhi di un bambino"},"content":{"rendered":"\n\t\t<style type=\"text\/css\">\n\t\t\t#gallery-1 {\n\t\t\t\tmargin: auto;\n\t\t\t}\n\t\t\t#gallery-1 .gallery-item {\n\t\t\t\tfloat: left;\n\t\t\t\tmargin-top: 10px;\n\t\t\t\ttext-align: center;\n\t\t\t\twidth: 33%;\n\t\t\t}\n\t\t\t#gallery-1 img {\n\t\t\t\tborder: 2px solid #cfcfcf;\n\t\t\t}\n\t\t\t#gallery-1 .gallery-caption {\n\t\t\t\tmargin-left: 0;\n\t\t\t}\n\t\t\t\/* see gallery_shortcode() in wp-includes\/media.php *\/\n\t\t<\/style>\n\t\t<div id='gallery-1' class='gallery galleryid-106099 gallery-columns-3 gallery-size-thumbnail'><dl class='gallery-item'>\n\t\t\t<dt class='gallery-icon landscape'>\n\t\t\t\t<a href='https:\/\/www.brundisium.net\/index.php\/il-salvataggio-di-una-tartaruga-attraverso-gli-occhi-di-un-bambino\/tartaruga-torre-guaceto-7\/'><img loading=\"lazy\" decoding=\"async\" width=\"150\" height=\"150\" src=\"https:\/\/www.brundisium.net\/brun\/wp-content\/uploads\/2017\/06\/tartaruga-torre-guaceto-7-150x150.jpg\" class=\"attachment-thumbnail size-thumbnail\" alt=\"\" srcset=\"https:\/\/www.brundisium.net\/brun\/wp-content\/uploads\/2017\/06\/tartaruga-torre-guaceto-7-150x150.jpg 150w, https:\/\/www.brundisium.net\/brun\/wp-content\/uploads\/2017\/06\/tartaruga-torre-guaceto-7-60x60.jpg 60w\" sizes=\"auto, (max-width: 150px) 100vw, 150px\" \/><\/a>\n\t\t\t<\/dt><\/dl><dl class='gallery-item'>\n\t\t\t<dt class='gallery-icon landscape'>\n\t\t\t\t<a href='https:\/\/www.brundisium.net\/index.php\/il-salvataggio-di-una-tartaruga-attraverso-gli-occhi-di-un-bambino\/tartaruga-torre-guaceto-6\/'><img loading=\"lazy\" decoding=\"async\" width=\"150\" height=\"150\" src=\"https:\/\/www.brundisium.net\/brun\/wp-content\/uploads\/2017\/06\/tartaruga-torre-guaceto-6-150x150.jpg\" class=\"attachment-thumbnail size-thumbnail\" alt=\"\" srcset=\"https:\/\/www.brundisium.net\/brun\/wp-content\/uploads\/2017\/06\/tartaruga-torre-guaceto-6-150x150.jpg 150w, https:\/\/www.brundisium.net\/brun\/wp-content\/uploads\/2017\/06\/tartaruga-torre-guaceto-6-60x60.jpg 60w\" sizes=\"auto, (max-width: 150px) 100vw, 150px\" \/><\/a>\n\t\t\t<\/dt><\/dl><dl class='gallery-item'>\n\t\t\t<dt class='gallery-icon landscape'>\n\t\t\t\t<a href='https:\/\/www.brundisium.net\/index.php\/il-salvataggio-di-una-tartaruga-attraverso-gli-occhi-di-un-bambino\/tartaruga-torre-guaceto-5\/'><img loading=\"lazy\" decoding=\"async\" width=\"150\" height=\"150\" src=\"https:\/\/www.brundisium.net\/brun\/wp-content\/uploads\/2017\/06\/tartaruga-torre-guaceto-5-150x150.jpg\" class=\"attachment-thumbnail size-thumbnail\" alt=\"\" srcset=\"https:\/\/www.brundisium.net\/brun\/wp-content\/uploads\/2017\/06\/tartaruga-torre-guaceto-5-150x150.jpg 150w, https:\/\/www.brundisium.net\/brun\/wp-content\/uploads\/2017\/06\/tartaruga-torre-guaceto-5-60x60.jpg 60w\" sizes=\"auto, (max-width: 150px) 100vw, 150px\" \/><\/a>\n\t\t\t<\/dt><\/dl><br style=\"clear: both\" \/><dl class='gallery-item'>\n\t\t\t<dt class='gallery-icon portrait'>\n\t\t\t\t<a href='https:\/\/www.brundisium.net\/index.php\/il-salvataggio-di-una-tartaruga-attraverso-gli-occhi-di-un-bambino\/tartaruga-torre-guaceto-3\/'><img loading=\"lazy\" decoding=\"async\" width=\"150\" height=\"150\" src=\"https:\/\/www.brundisium.net\/brun\/wp-content\/uploads\/2017\/06\/tartaruga-torre-guaceto-3-150x150.jpg\" class=\"attachment-thumbnail size-thumbnail\" alt=\"\" srcset=\"https:\/\/www.brundisium.net\/brun\/wp-content\/uploads\/2017\/06\/tartaruga-torre-guaceto-3-150x150.jpg 150w, https:\/\/www.brundisium.net\/brun\/wp-content\/uploads\/2017\/06\/tartaruga-torre-guaceto-3-60x60.jpg 60w\" sizes=\"auto, (max-width: 150px) 100vw, 150px\" \/><\/a>\n\t\t\t<\/dt><\/dl><dl class='gallery-item'>\n\t\t\t<dt class='gallery-icon portrait'>\n\t\t\t\t<a href='https:\/\/www.brundisium.net\/index.php\/il-salvataggio-di-una-tartaruga-attraverso-gli-occhi-di-un-bambino\/tartaruga-torre-guaceto-4\/'><img loading=\"lazy\" decoding=\"async\" width=\"150\" height=\"150\" src=\"https:\/\/www.brundisium.net\/brun\/wp-content\/uploads\/2017\/06\/tartaruga-torre-guaceto-4-150x150.jpg\" class=\"attachment-thumbnail size-thumbnail\" alt=\"\" srcset=\"https:\/\/www.brundisium.net\/brun\/wp-content\/uploads\/2017\/06\/tartaruga-torre-guaceto-4-150x150.jpg 150w, https:\/\/www.brundisium.net\/brun\/wp-content\/uploads\/2017\/06\/tartaruga-torre-guaceto-4-60x60.jpg 60w\" sizes=\"auto, (max-width: 150px) 100vw, 150px\" \/><\/a>\n\t\t\t<\/dt><\/dl><dl class='gallery-item'>\n\t\t\t<dt class='gallery-icon portrait'>\n\t\t\t\t<a href='https:\/\/www.brundisium.net\/index.php\/il-salvataggio-di-una-tartaruga-attraverso-gli-occhi-di-un-bambino\/tartaruga-torre-guaceto-9\/'><img loading=\"lazy\" decoding=\"async\" width=\"150\" height=\"150\" src=\"https:\/\/www.brundisium.net\/brun\/wp-content\/uploads\/2017\/06\/tartaruga-torre-guaceto-9-150x150.jpg\" class=\"attachment-thumbnail size-thumbnail\" alt=\"\" srcset=\"https:\/\/www.brundisium.net\/brun\/wp-content\/uploads\/2017\/06\/tartaruga-torre-guaceto-9-150x150.jpg 150w, https:\/\/www.brundisium.net\/brun\/wp-content\/uploads\/2017\/06\/tartaruga-torre-guaceto-9-60x60.jpg 60w\" sizes=\"auto, (max-width: 150px) 100vw, 150px\" \/><\/a>\n\t\t\t<\/dt><\/dl><br style=\"clear: both\" \/><dl class='gallery-item'>\n\t\t\t<dt class='gallery-icon landscape'>\n\t\t\t\t<a href='https:\/\/www.brundisium.net\/index.php\/il-salvataggio-di-una-tartaruga-attraverso-gli-occhi-di-un-bambino\/tartaruga-torre-guaceto-8\/'><img loading=\"lazy\" decoding=\"async\" width=\"150\" height=\"150\" src=\"https:\/\/www.brundisium.net\/brun\/wp-content\/uploads\/2017\/06\/tartaruga-torre-guaceto-8-150x150.jpg\" class=\"attachment-thumbnail size-thumbnail\" alt=\"\" srcset=\"https:\/\/www.brundisium.net\/brun\/wp-content\/uploads\/2017\/06\/tartaruga-torre-guaceto-8-150x150.jpg 150w, https:\/\/www.brundisium.net\/brun\/wp-content\/uploads\/2017\/06\/tartaruga-torre-guaceto-8-60x60.jpg 60w\" sizes=\"auto, (max-width: 150px) 100vw, 150px\" \/><\/a>\n\t\t\t<\/dt><\/dl><dl class='gallery-item'>\n\t\t\t<dt class='gallery-icon portrait'>\n\t\t\t\t<a href='https:\/\/www.brundisium.net\/index.php\/il-salvataggio-di-una-tartaruga-attraverso-gli-occhi-di-un-bambino\/tartaruga-torre-guaceto-10\/'><img loading=\"lazy\" decoding=\"async\" width=\"150\" height=\"150\" src=\"https:\/\/www.brundisium.net\/brun\/wp-content\/uploads\/2017\/06\/tartaruga-torre-guaceto-10-150x150.jpg\" class=\"attachment-thumbnail size-thumbnail\" alt=\"\" srcset=\"https:\/\/www.brundisium.net\/brun\/wp-content\/uploads\/2017\/06\/tartaruga-torre-guaceto-10-150x150.jpg 150w, https:\/\/www.brundisium.net\/brun\/wp-content\/uploads\/2017\/06\/tartaruga-torre-guaceto-10-60x60.jpg 60w\" sizes=\"auto, (max-width: 150px) 100vw, 150px\" \/><\/a>\n\t\t\t<\/dt><\/dl><dl class='gallery-item'>\n\t\t\t<dt class='gallery-icon portrait'>\n\t\t\t\t<a href='https:\/\/www.brundisium.net\/index.php\/il-salvataggio-di-una-tartaruga-attraverso-gli-occhi-di-un-bambino\/tartaruga-torre-guaceto-2\/'><img loading=\"lazy\" decoding=\"async\" width=\"150\" height=\"150\" src=\"https:\/\/www.brundisium.net\/brun\/wp-content\/uploads\/2017\/06\/tartaruga-torre-guaceto-2-150x150.jpg\" class=\"attachment-thumbnail size-thumbnail\" alt=\"\" srcset=\"https:\/\/www.brundisium.net\/brun\/wp-content\/uploads\/2017\/06\/tartaruga-torre-guaceto-2-150x150.jpg 150w, https:\/\/www.brundisium.net\/brun\/wp-content\/uploads\/2017\/06\/tartaruga-torre-guaceto-2-350x350.jpg 350w, https:\/\/www.brundisium.net\/brun\/wp-content\/uploads\/2017\/06\/tartaruga-torre-guaceto-2-60x60.jpg 60w\" sizes=\"auto, (max-width: 150px) 100vw, 150px\" \/><\/a>\n\t\t\t<\/dt><\/dl><br style=\"clear: both\" \/>\n\t\t<\/div>\n\n<p>Il pap\u00e0 racconta al figlioletto: \u201cQuesta tartaruga ha mangiato un amo, \u00e8 quasi morta perch\u00e9 \u00e8 da tanto tempo che non beve l\u2019acqua. Non apre neanche la bocca. La dobbiamo portare da Andrea\u201d.<\/p>\n<p>&nbsp;<\/p>\n<p>\u201cEh, infatti\u201d, risponde il bambino.<\/p>\n<p>&nbsp;<\/p>\n<p>&nbsp;<\/p>\n<p>Il piccolo Matteo ha soli 7 anni. Sta vivendo uno di quei momenti della vita che rimangono impressi nella memoria per sempre. Uno di quegli episodi che segnano tanto da farti diventare quel tipo di persona che, senza determinate esperienze e la famiglia giusta accanto, probabilmente non diventeresti.<\/p>\n<p>&nbsp;<\/p>\n<p>&nbsp;<\/p>\n<p>E la manina tremolante di Matteo riprende tutto. Lui, non sa bene cosa si debba fare per girare un video, il suo ditino copre buona parte della scena. Ma lui ci prova lo stesso. Vuole fare un video al suo pap\u00e0 perch\u00e9 \u00e8 appena accaduto qualcosa di sensazionale.<\/p>\n<p>&nbsp;<\/p>\n<p>&nbsp;<\/p>\n<p>E\u2019 pieno inverno. Matteo ha la tosse. La mamma lo imbacucca e il pap\u00e0 lo porta a passeggiare a mare, a Torre Guaceto, la Riserva a due passi da casa per loro che vivono a Serranova, chiss\u00e0 che un po\u2019 di aria sana non lo aiuti a guarire presto.<\/p>\n<p>&nbsp;<\/p>\n<p>&nbsp;<\/p>\n<p>C\u2019\u00e8 appena stata una mareggiata. Matteo e il suo pap\u00e0 stanno per tornare a casa, quando notano qualcosa sul bagnasciuga. Il pap\u00e0 capisce subito che si tratta di una tartaruga marina spiaggiata a causa del mare mosso. Gi\u00e0 guardandola da lontano, crede sia morta, ma la speranza che non sia ancora troppo tardi lo spinge ad intervenire.<\/p>\n<p>&nbsp;<\/p>\n<p>&nbsp;<\/p>\n<p>Ma come raccontare tutto al piccolo Matteo? La vista di un animale morto potrebbe traumatizzarlo.<\/p>\n<p>&nbsp;<\/p>\n<p>&nbsp;<\/p>\n<p>Il pap\u00e0 \u00e8 bravissimo. Tono della voce rassicurante, dolce, spiega al suo bambino cosa \u00e8 successo a quel povero animale, gli racconta cosa bisogna fare per salvarlo. Tra un controllo e l\u2019altro finge di essere stato morso dalla Caretta caretta per smorsare la tensione e Matteo ride, filma il suo pap\u00e0 e si preoccupa per la tartaruga.<\/p>\n<p>&nbsp;<\/p>\n<p>&nbsp;<\/p>\n<p>\u201cDobbiamo portarla da Andrea\u201d dicono l\u2019ometto e il suo attore.<\/p>\n<p>&nbsp;<\/p>\n<p>&nbsp;<\/p>\n<p>Andrea \u00e8 l\u2019uomo alto e sorridente che tutti conoscono a Serranova, probabilmente Matteo lo vede come un eroe, lui \u00e8 la balia delle tartarughe del Centro Recupero Tartarughe Marine \u201cLuigi Cantoro\u201d della Riserva di Torre Guaceto. Se c\u2019\u00e8 qualcuno che pu\u00f2 salvare quella povera tartaruga \u00e8 proprio Andrea.<\/p>\n<p>&nbsp;<\/p>\n<p>&nbsp;<\/p>\n<p>Cos\u00ec la Caretta caretta arriva al Centro e la sua vita \u00e8 fatta salva. Ma, approdata nel luogo sicuro, non pu\u00f2 diventare una delle tante tartarughe recuperate, deve mantenere qualcosa del suo salvatore, cos\u00ec si decide di battezzarla con il cognome del piccolo Matteo: Stella!<\/p>\n<p>&nbsp;<\/p>\n<p>&nbsp;<\/p>\n<p>Il tempo passa e finalmente arriva il momento adatto per la liberazione in mare della tartarughina. Matteo e la sua famiglia corrono in spiaggia per assistere all\u2019evento.<\/p>\n<p>&nbsp;<\/p>\n<p>&nbsp;<\/p>\n<p>Il responsabile del Centro Recupero, Giacomo ed Andrea decidono che questa bella storia debba chiudersi nel migliore dei modi, a liberare Stella ci deve pensare proprio Matteo.<\/p>\n<p>&nbsp;<\/p>\n<p>&nbsp;<\/p>\n<p>Il bambino \u00e8 entusiasta, la mamma fa il reportage dell\u2019evento.<\/p>\n<p>Matteo imita le espressioni di Stella, la sua piccola Stella.<\/p>\n<p>Tutto \u00e8 pronto. Matteo ha in mano la sua tartarughina e altri due bambini le \u201camiche\u201d di Stella pronte a tornare in mare. Ed ecco che si compie l\u2019incantesimo.<\/p>\n<p>&nbsp;<\/p>\n<p>&nbsp;<\/p>\n<p>Due Caretta caretta prendono il largo, ma Stella no. Esita qualche secondo in pi\u00f9 rispetto alle altre.<\/p>\n<p>\u201cTommaso, Stella non se ne vuole andare\u201d, gli dice la mamma.<\/p>\n<p>\u201cVoglio andare\u201d, gli risponde lui, gi\u00e0 pronto a tuffarsi in acqua per riprendere la sua tartaruga.<\/p>\n<p>\u201cNo, no, Tommaso, guardala da lontano, non la spaventare\u201d gli raccomanda la mamma.<\/p>\n<p>E Stella torna alla sua casa, il mare. Libera e sana, grazie a Matteo e alla sua splendida famiglia.<\/p>\n<p>Questa \u00e8 una storia fatta di speranza per un futuro migliore per il nostro mare ed i suoi abitanti, speranza che gli adulti del futuro siano migliori di quelli di oggi.<\/p>\n<p>E\u2019 per questo motivo che dedichiamo al piccolo Matteo l\u2019attivit\u00e0 portata avanti a Torre Guaceto nell\u2019ambito della campagna #GenerAzioneMare del WWF Italia.<\/p>\n<p>&nbsp;<\/p>\n<p>&nbsp;<\/p>\n<p>guarda i video<br \/>\n<iframe loading=\"lazy\" src=\"https:\/\/www.youtube.com\/embed\/UfIVV8wyON4\" width=\"560\" height=\"315\" frameborder=\"0\" allowfullscreen=\"allowfullscreen\"><\/iframe><\/p>\n<p>&nbsp;<\/p>\n<p><iframe loading=\"lazy\" src=\"https:\/\/www.youtube.com\/embed\/c6nbNMCddEI\" width=\"560\" height=\"315\" frameborder=\"0\" allowfullscreen=\"allowfullscreen\"><\/iframe><\/p>\n","protected":false},"excerpt":{"rendered":"<p>Il pap\u00e0 racconta al figlioletto: \u201cQuesta tartaruga ha mangiato un amo, \u00e8 quasi morta perch\u00e9 \u00e8 da tanto tempo che non beve l\u2019acqua. Non apre neanche la bocca. La dobbiamo portare da Andrea\u201d. &nbsp; \u201cEh, infatti\u201d, risponde il bambino. &nbsp; &nbsp; Il piccolo Matteo ha soli 7 anni. Sta vivendo uno di quei momenti della vita che rimangono impressi nella memoria per sempre. Uno di quegli episodi che segnano tanto da farti diventare quel tipo di persona che, senza determinate esperienze e la famiglia giusta accanto, probabilmente non diventeresti. &nbsp; &nbsp; E la manina tremolante di Matteo riprende tutto. Lui, non sa bene cosa si debba fare per girare un video, il suo ditino copre buona parte della scena. Ma lui ci prova lo stesso. Vuole fare un video al suo pap\u00e0 perch\u00e9 \u00e8 appena accaduto qualcosa di sensazionale. &nbsp; &nbsp; E\u2019 pieno inverno. Matteo ha la tosse. La mamma lo imbacucca e il pap\u00e0 lo porta a passeggiare a mare, a Torre Guaceto, la Riserva a due passi da&#8230;<\/p>\n","protected":false},"author":2,"featured_media":106103,"comment_status":"open","ping_status":"closed","sticky":false,"template":"","format":"standard","meta":{"footnotes":""},"categories":[7],"tags":[4392,1126],"class_list":["post-106099","post","type-post","status-publish","format-standard","has-post-thumbnail","hentry","category-news","tag-tartaruga","tag-torre-guaceto"],"_links":{"self":[{"href":"https:\/\/www.brundisium.net\/index.php\/wp-json\/wp\/v2\/posts\/106099","targetHints":{"allow":["GET"]}}],"collection":[{"href":"https:\/\/www.brundisium.net\/index.php\/wp-json\/wp\/v2\/posts"}],"about":[{"href":"https:\/\/www.brundisium.net\/index.php\/wp-json\/wp\/v2\/types\/post"}],"author":[{"embeddable":true,"href":"https:\/\/www.brundisium.net\/index.php\/wp-json\/wp\/v2\/users\/2"}],"replies":[{"embeddable":true,"href":"https:\/\/www.brundisium.net\/index.php\/wp-json\/wp\/v2\/comments?post=106099"}],"version-history":[{"count":1,"href":"https:\/\/www.brundisium.net\/index.php\/wp-json\/wp\/v2\/posts\/106099\/revisions"}],"predecessor-version":[{"id":106110,"href":"https:\/\/www.brundisium.net\/index.php\/wp-json\/wp\/v2\/posts\/106099\/revisions\/106110"}],"wp:featuredmedia":[{"embeddable":true,"href":"https:\/\/www.brundisium.net\/index.php\/wp-json\/wp\/v2\/media\/106103"}],"wp:attachment":[{"href":"https:\/\/www.brundisium.net\/index.php\/wp-json\/wp\/v2\/media?parent=106099"}],"wp:term":[{"taxonomy":"category","embeddable":true,"href":"https:\/\/www.brundisium.net\/index.php\/wp-json\/wp\/v2\/categories?post=106099"},{"taxonomy":"post_tag","embeddable":true,"href":"https:\/\/www.brundisium.net\/index.php\/wp-json\/wp\/v2\/tags?post=106099"}],"curies":[{"name":"wp","href":"https:\/\/api.w.org\/{rel}","templated":true}]}}