{"id":106276,"date":"2017-06-12T18:37:27","date_gmt":"2017-06-12T16:37:27","guid":{"rendered":"http:\/\/www.brundisium.net\/?p=106276"},"modified":"2017-06-12T20:55:50","modified_gmt":"2017-06-12T18:55:50","slug":"tre-immobili-pubblici-a-selva-di-fasano-affidati-per-gestione-e-ristrutturazione","status":"publish","type":"post","link":"https:\/\/www.brundisium.net\/index.php\/tre-immobili-pubblici-a-selva-di-fasano-affidati-per-gestione-e-ristrutturazione\/","title":{"rendered":"Tre immobili pubblici a Selva di Fasano affidati per gestione e ristrutturazione"},"content":{"rendered":"<p>L\u2019immobile ubicato in viale del Leccio retrostante il Palazzo dei congressi, a Selva di Fasano, \u00e8 stato aggiudicato per la gestione novennale (rinnovabile alla scadenza per altri nove anni) al sig. Mario Clemente che dovr\u00e0 anche occuparsi, come previsto dal bando, della ristrutturazione dell\u2019edificio di propriet\u00e0 comunale con costi stimati dall\u2019Ufficio tecnico in 17.906,20 euro che verranno scomputati dal canone annuo di locazione.<\/p>\n<p>Quest\u2019ultimo era stato stabilito, nel bando di gara, in 2.500 euro annui, mentre l\u2019aggiudicatario ha presentato l\u2019offerta di un canone annuo al rialzo pari a 5.950 euro.<\/p>\n<p>Il sig. Clemente dovr\u00e0 tenere aperto il locale (che diventer\u00e0 un punto-ristoro) ogni anno almeno da marzo ad ottobre, nonch\u00e9 nel periodo natalizio e, in ogni caso, per l\u2019intero arco di tempo di apertura della struttura proporr\u00e0 anche appuntamenti musicali e di spettacolo.<\/p>\n<p>&nbsp;<\/p>\n<p>Intanto, anche la gara per la gestione (ventennale) e ristrutturazione della Casina municipale con annessi Palazzo dei congressi e area a parcheggio \u00e8 stata aggiudicata alla societ\u00e0 in fase di costituzione \u201cFa.Tu.S. srl\u201d composta per la quota dell\u201980 per cento da \u201cFa.Tu.S. srl\u201d (legale rappresentante Elio Schiavone) e per la restante parte del 20 per cento da \u201cLeo 3000 spa\u201d (amministratore unico Ugo De Rocchi) che ha presentato un\u2019offerta al rialzo dei canoni di locazione da versare al Comune pari al 2,29 per cento sui canoni posti a base di gara di 5mila euro per questo e per i successivi due anni (ossia fino al 2019) e di 7mila euro per i restanti anni di gestione, ossia fino al 2027.<\/p>\n<p>&nbsp;<\/p>\n<p>Le due aggiudicazioni hanno carattere provvisorio, in attesa che si esperiscano tutte le fasi burocratiche previste ma, in ogni caso, nei prossimi giorni ai due gestori saranno consegnate le chiavi degli immobili in questione per l\u2019inizio delle attivit\u00e0 gestionali.<\/p>\n<p>&nbsp;<\/p>\n<p>\u00ab\u00c8 una scommessa quella che abbiamo voluto mettere in atto con la decisione di bandire gare per gestire e, soprattutto, ristrutturare gli immobili pubblici silvani \u2013 afferma Leonardo Deleonardis, assessore al Patrimonio -; da un lato, vogliamo che tutti i tre immobili possano essere finalmente fruibili con l\u2019adeguamento di tutti gli impianti previsti per legge, mentre, nel caso della Casina, il gestore proceder\u00e0 anche a ristrutturare i locali seminterrati che, da sempre, sono ancora allo stato grezzo. Dall\u2019altro lato, la complessa operazione mira a valorizzare e ridare slancio alla nostra bella collina di Selva di Fasano. Stiamo puntando molto sulla Selva \u2013 sottolinea l\u2019assessore Deleonardis \u2013 prova ne sia anche il variegato cartellone d\u2019iniziative pubbliche \u201cSelva In Festival\u201d che partir\u00e0 alla fine del mese, poich\u00e9 cos\u00ec ricollochiamo la collina nell\u2019alveo delle localit\u00e0 fasanesi, assieme a quelle della marina, pronte a fare la propria parte in termini di attrattiva turistica e di offerta d\u2019iniziative anche per i villeggianti o per chi desiderasse semplicemente trascorrere una piacevole serata a Selva\u00bb.<\/p>\n<p>&nbsp;<\/p>\n<p>L\u2019immobile di viale del Leccio ha una superficie interna netta di 30,76 mq., oltre ad 8,89 mq. di bagni e si sviluppa in due grandi vani al piano terra con quattro bagni con accesso indipendente dall\u2019esterno, pi\u00f9 una scala interna che conduce ad una stanza al piano interrato. Inoltre, gode di uno spazio esterno di circa 160 mq. che potr\u00e0 essere utilizzato dall\u2019aggiudicatario per piccole manifestazioni o per allestire posti a sedere atti alla consumazione di cibi e bevande. In ogni caso, tutte le opere di ristrutturazione dell\u2019immobile dovranno essere realizzate entro 12 mesi dall\u2019aggiudicazione definitiva, e preventivamente autorizzate dal Comune che li acquisir\u00e0 al patrimonio dell\u2019Ente senza rimborsi, con esclusione degli arredi e dei corpi illuminanti.<\/p>\n<p>&nbsp;<\/p>\n<p>La Casina municipale ed il Palazzo dei congressi, invece, dovranno essere ristrutturati ed adeguati alle norme in vigore per un costo, stimato dall\u2019Ufficio tecnico comunale, pari a 311.460,42 euro (oltre Iva). La societ\u00e0 gestrice, se riuscisse ad aprire al pubblico il bar e l\u2019antistante Parco gi\u00e0 per questa estate (nella quale sono anche previsti alcuni spettacoli e concerti), avr\u00e0 come \u201cpremio\u201d l\u2019esonero del canone di gestione di quest\u2019anno.<\/p>\n<p>&nbsp;<\/p>\n<p><strong>COMUNE DI FASANO<\/strong><\/p>\n","protected":false},"excerpt":{"rendered":"<p>L\u2019immobile ubicato in viale del Leccio retrostante il Palazzo dei congressi, a Selva di Fasano, \u00e8 stato aggiudicato per la gestione novennale (rinnovabile alla scadenza per altri nove anni) al sig. Mario Clemente che dovr\u00e0 anche occuparsi, come previsto dal bando, della ristrutturazione dell\u2019edificio di propriet\u00e0 comunale con costi stimati dall\u2019Ufficio tecnico in 17.906,20 euro che verranno scomputati dal canone annuo di locazione. Quest\u2019ultimo era stato stabilito, nel bando di gara, in 2.500 euro annui, mentre l\u2019aggiudicatario ha presentato l\u2019offerta di un canone annuo al rialzo pari a 5.950 euro. Il sig. Clemente dovr\u00e0 tenere aperto il locale (che diventer\u00e0 un punto-ristoro) ogni anno almeno da marzo ad ottobre, nonch\u00e9 nel periodo natalizio e, in ogni caso, per l\u2019intero arco di tempo di apertura della struttura proporr\u00e0 anche appuntamenti musicali e di spettacolo. &nbsp; Intanto, anche la gara per la gestione (ventennale) e ristrutturazione della Casina municipale con annessi Palazzo dei congressi e area a parcheggio \u00e8 stata aggiudicata alla societ\u00e0 in fase di costituzione \u201cFa.Tu.S. srl\u201d composta per la&#8230;<\/p>\n","protected":false},"author":2,"featured_media":67544,"comment_status":"open","ping_status":"closed","sticky":false,"template":"","format":"standard","meta":{"footnotes":""},"categories":[7],"tags":[2386],"class_list":["post-106276","post","type-post","status-publish","format-standard","has-post-thumbnail","hentry","category-news","tag-selva-di-fasano"],"_links":{"self":[{"href":"https:\/\/www.brundisium.net\/index.php\/wp-json\/wp\/v2\/posts\/106276","targetHints":{"allow":["GET"]}}],"collection":[{"href":"https:\/\/www.brundisium.net\/index.php\/wp-json\/wp\/v2\/posts"}],"about":[{"href":"https:\/\/www.brundisium.net\/index.php\/wp-json\/wp\/v2\/types\/post"}],"author":[{"embeddable":true,"href":"https:\/\/www.brundisium.net\/index.php\/wp-json\/wp\/v2\/users\/2"}],"replies":[{"embeddable":true,"href":"https:\/\/www.brundisium.net\/index.php\/wp-json\/wp\/v2\/comments?post=106276"}],"version-history":[{"count":1,"href":"https:\/\/www.brundisium.net\/index.php\/wp-json\/wp\/v2\/posts\/106276\/revisions"}],"predecessor-version":[{"id":106277,"href":"https:\/\/www.brundisium.net\/index.php\/wp-json\/wp\/v2\/posts\/106276\/revisions\/106277"}],"wp:featuredmedia":[{"embeddable":true,"href":"https:\/\/www.brundisium.net\/index.php\/wp-json\/wp\/v2\/media\/67544"}],"wp:attachment":[{"href":"https:\/\/www.brundisium.net\/index.php\/wp-json\/wp\/v2\/media?parent=106276"}],"wp:term":[{"taxonomy":"category","embeddable":true,"href":"https:\/\/www.brundisium.net\/index.php\/wp-json\/wp\/v2\/categories?post=106276"},{"taxonomy":"post_tag","embeddable":true,"href":"https:\/\/www.brundisium.net\/index.php\/wp-json\/wp\/v2\/tags?post=106276"}],"curies":[{"name":"wp","href":"https:\/\/api.w.org\/{rel}","templated":true}]}}